{"id":356177,"date":"2025-06-20T01:23:11","date_gmt":"2025-06-20T04:23:11","guid":{"rendered":"https:\/\/www.notibras.com\/site\/?p=356177"},"modified":"2025-06-19T22:24:30","modified_gmt":"2025-06-20T01:24:30","slug":"chegada-das-chuvas-renova-esperancas-do-produtor-rural","status":"publish","type":"post","link":"https:\/\/www.notibras.com\/site\/chegada-das-chuvas-renova-esperancas-do-produtor-rural\/","title":{"rendered":"Chegada das chuvas renova esperan\u00e7as do produtor rural"},"content":{"rendered":"<p>Ap\u00f3s meses de estiagem prolongada, a t\u00e3o esperada chuva voltou a cair em v\u00e1rias regi\u00f5es do Nordeste brasileiro, trazendo al\u00edvio aos agricultores e \u00e0 popula\u00e7\u00e3o que convive com os impactos da seca. Estados como Cear\u00e1, Pernambuco, Para\u00edba e Rio Grande do Norte registraram chuvas acima da m\u00e9dia nas \u00faltimas semanas, impulsionando a recupera\u00e7\u00e3o de reservat\u00f3rios e reavivando a economia rural.<\/p>\n<p>Segundo dados do Instituto Nacional de Meteorologia (INMET), a atua\u00e7\u00e3o de sistemas como a Zona de Converg\u00eancia Intertropical (ZCIT) e a umidade vinda da Amaz\u00f4nia favoreceram o retorno das precipita\u00e7\u00f5es. Em cidades do Sert\u00e3o e do Semi\u00e1rido, que enfrentaram at\u00e9 cinco meses de estiagem severa, os volumes acumulados em junho surpreenderam: em algumas localidades, j\u00e1 choveu o equivalente a 70% da m\u00e9dia hist\u00f3rica do m\u00eas.<\/p>\n<p>\u201cAs chuvas chegaram em boa hora. O milho e o feij\u00e3o j\u00e1 estavam perdidos, mas conseguimos salvar parte da lavoura. O verde voltou\u201d, relata Jos\u00e9 Amaro, agricultor familiar de Iguatu, no Cear\u00e1.<\/p>\n<p>Al\u00e9m da agricultura, o retorno das chuvas tamb\u00e9m impacta positivamente o abastecimento de \u00e1gua. A\u00e7udes que estavam em n\u00edveis cr\u00edticos voltaram a receber recarga, e em algumas cidades os sistemas de rod\u00edzio est\u00e3o sendo suspensos temporariamente. No entanto, especialistas alertam que o al\u00edvio ainda \u00e9 moment\u00e2neo.<\/p>\n<p>Apesar do cen\u00e1rio mais otimista, meteorologistas e ambientalistas destacam a necessidade de cautela. A irregularidade das chuvas no Semi\u00e1rido \u00e9 um fen\u00f4meno natural da regi\u00e3o, e as mudan\u00e7as clim\u00e1ticas v\u00eam tornando os ciclos de seca e chuva ainda mais imprevis\u00edveis.<\/p>\n<p>\u201c\u00c9 preciso investir em pol\u00edticas de adapta\u00e7\u00e3o. A chuva voltou, mas n\u00e3o podemos esquecer que o Nordeste continua vulner\u00e1vel\u201d, explica a climatologista L\u00facia Tavares, da Universidade Federal do Rio Grande do Norte (UFRN).<\/p>\n<p>Nas comunidades rurais, a \u00e1gua da chuva significa muito mais do que um fen\u00f4meno clim\u00e1tico: representa esperan\u00e7a, resili\u00eancia e continuidade da vida. Crian\u00e7as brincam nas po\u00e7as, o pasto volta a brotar, e os po\u00e7os reaparecem nos quintais. \u00c9 o ciclo da natureza que, mesmo inst\u00e1vel, segue sendo celebrado com f\u00e9 e gratid\u00e3o.<\/p>\n","protected":false},"excerpt":{"rendered":"<p>Ap\u00f3s meses de estiagem prolongada, a t\u00e3o esperada chuva voltou a cair em v\u00e1rias regi\u00f5es do Nordeste brasileiro, trazendo al\u00edvio aos agricultores e \u00e0 popula\u00e7\u00e3o que convive com os impactos da seca. Estados como Cear\u00e1, Pernambuco, Para\u00edba e Rio Grande do Norte registraram chuvas acima da m\u00e9dia nas \u00faltimas semanas, impulsionando a recupera\u00e7\u00e3o de reservat\u00f3rios [&hellip;]<\/p>\n","protected":false},"author":2,"featured_media":356178,"comment_status":"closed","ping_status":"closed","sticky":false,"template":"","format":"standard","meta":{"_acf_changed":false,"footnotes":""},"categories":[165],"tags":[],"class_list":["post-356177","post","type-post","status-publish","format-standard","has-post-thumbnail","hentry","category-nordeste"],"acf":[],"_links":{"self":[{"href":"https:\/\/www.notibras.com\/site\/wp-json\/wp\/v2\/posts\/356177","targetHints":{"allow":["GET"]}}],"collection":[{"href":"https:\/\/www.notibras.com\/site\/wp-json\/wp\/v2\/posts"}],"about":[{"href":"https:\/\/www.notibras.com\/site\/wp-json\/wp\/v2\/types\/post"}],"author":[{"embeddable":true,"href":"https:\/\/www.notibras.com\/site\/wp-json\/wp\/v2\/users\/2"}],"replies":[{"embeddable":true,"href":"https:\/\/www.notibras.com\/site\/wp-json\/wp\/v2\/comments?post=356177"}],"version-history":[{"count":1,"href":"https:\/\/www.notibras.com\/site\/wp-json\/wp\/v2\/posts\/356177\/revisions"}],"predecessor-version":[{"id":356179,"href":"https:\/\/www.notibras.com\/site\/wp-json\/wp\/v2\/posts\/356177\/revisions\/356179"}],"wp:featuredmedia":[{"embeddable":true,"href":"https:\/\/www.notibras.com\/site\/wp-json\/wp\/v2\/media\/356178"}],"wp:attachment":[{"href":"https:\/\/www.notibras.com\/site\/wp-json\/wp\/v2\/media?parent=356177"}],"wp:term":[{"taxonomy":"category","embeddable":true,"href":"https:\/\/www.notibras.com\/site\/wp-json\/wp\/v2\/categories?post=356177"},{"taxonomy":"post_tag","embeddable":true,"href":"https:\/\/www.notibras.com\/site\/wp-json\/wp\/v2\/tags?post=356177"}],"curies":[{"name":"wp","href":"https:\/\/api.w.org\/{rel}","templated":true}]}}