{"id":356202,"date":"2025-06-20T00:00:52","date_gmt":"2025-06-20T03:00:52","guid":{"rendered":"https:\/\/www.notibras.com\/site\/?p=356202"},"modified":"2025-06-20T07:11:40","modified_gmt":"2025-06-20T10:11:40","slug":"tapetes-de-corpus-christi-trazem-memorias-ate-alem-da-fe","status":"publish","type":"post","link":"https:\/\/www.notibras.com\/site\/tapetes-de-corpus-christi-trazem-memorias-ate-alem-da-fe\/","title":{"rendered":"Tapetes de Corpus Christi trazem mem\u00f3rias at\u00e9 al\u00e9m da f\u00e9"},"content":{"rendered":"<p>O pedacinho de galho transformou-se em pincel para o artista pl\u00e1stico Alexandre Silva, de 45 anos. Ele chegou \u00e0 Esplanada dos Minist\u00e9rios, em Bras\u00edlia, Distrito Federal, \u00e0s 6h30 com a imagem de Maria desenhada no papel e em sua cabe\u00e7a. Os contornos, no final da manh\u00e3 desta quinta (19), ganharam a forma de tapete para a celebra\u00e7\u00e3o de Corpus Christi. Para ele, o significado \u00e9 emocionante. N\u00e3o \u00e9 apenas um desenho coberto de serragem, palha de arroz, borra de caf\u00e9, sal e tinta. As cores t\u00eam tonalidades de recome\u00e7o.<\/p>\n<p>Ele diz que a vida teve reviravolta depois de adentrar no movimento hip hop e tamb\u00e9m pela f\u00e9. Morador de Ceil\u00e2ndia, a mais populosa regi\u00e3o administrativa do Distrito Federal, e de \u00e1rea de periferia, Alexandre recorda, enquanto desenha, que a adolesc\u00eancia foi feita de imagens de viol\u00eancia.<\/p>\n<p>\u201cEu fazia parte de uma gangue que entrava em conflito com outros gangues. At\u00e9 os 18 anos, muitos dos meus amigos morreram\u201d.<\/p>\n<p><strong>Apoio<\/strong><br \/>\nCom medo, o artista foi encaminhado por um familiar para o Movimento Jovens Organizando e Instituindo Amor (Joia), ligado \u00e0 arquidiocese local. \u201cEu n\u00e3o queria inicialmente, mas se tornou importante para mim\u201d. Outro caminho dele, al\u00e9m da f\u00e9, foi o apoio de mais artistas de Ceil\u00e2ndia, do hip hop.<\/p>\n<p>O presidente do grupo, Get\u00falio Silva, de 48 anos, que \u00e9 comerci\u00e1rio, ficou emocionado com a montagem da arte. Com as m\u00e3os cobertas de luva e serragem, lembrou quando a f\u00e9, segundo ele, teria feito a diferen\u00e7a: na ocasi\u00e3o em que a filha de oito meses de vida foi operada do cora\u00e7\u00e3o. \u201cHoje ela tem 22 anos\u201d.<\/p>\n<p><strong>Artes na Esplanada<\/strong><br \/>\nHist\u00f3rias como essa comp\u00f5em o tapete de 130 metros de comprimento (por quatro de largura) em que cerca de 500 pessoas, sendo a maioria de jovens de pelo menos 25 grupos, se envolveram diretamente para a celebra\u00e7\u00e3o da data na capital.<\/p>\n<p>O tapete e o altar foram montados no gramado central da Esplanada. Est\u00e1 previsto para \u00e0s 16h40 que o cardeal arcebispo de Bras\u00edlia, Dom Paulo C\u00e9zar Costa e religiosos passem pelo tapete em dire\u00e7\u00e3o \u00e0 missa, \u00e0s 17h.<\/p>\n<p><strong>Inclus\u00e3o<\/strong><br \/>\nEles v\u00e3o passar pelo tapete que \u00e9 feito de trajet\u00f3rias como a do professor de filosofia Mateus Salgado, de 31 anos, que \u00e9 surdo, e projetou com a esposa, Karla Watanabe, de 30, (que \u00e9 ouvinte) o desenho de m\u00e3os reunidas, como um sinal de pedido de inclus\u00e3o (a Deus e \u00e0 sociedade).<\/p>\n<p>Primeiro, desenharam no papel. Depois no computador. Quem colocou no ch\u00e3o de terra foi outro integrante da pastoral dos surdos, Gustavo Bustamante, que gosta de desenhar, mas \u00e9 digitador no dia a dia.<\/p>\n<p>\u201cA sociedade precisa abra\u00e7ar mais os surdos. Eles s\u00e3o muito esquecidos. A gente precisa utilizar toda a forma de dar visibilidade \u00e0 luta deles\u201d, diz Karla. O marido estava comovido com o desenho que virou tapete de Corpus Christi. \u201cEu sinto emo\u00e7\u00e3o de transmitir o que queremos dizer\u201d.<\/p>\n<p><strong>Juventude<\/strong><br \/>\nMais \u00e0 frente, grupos de jovens dan\u00e7avam, cantavam e tocavam viol\u00e3o com m\u00fasicas que falavam sobre f\u00e9, amor, uni\u00e3o e reconcilia\u00e7\u00e3o. Um dos tapetes, com s\u00edmbolo de eucaristia, era feito por jovens de Samambaia Sul, outra regi\u00e3o perif\u00e9rica nas cercanias da capital.<\/p>\n<p>A estudante de nutri\u00e7\u00e3o Rafaela Almeida, de 21, \u00e9 catequista no bairro e testemunha que a f\u00e9 impede os caminhos tortuosos para as drogas e crimes. \u201cTodos precisam de apoio uns dos outros. Quando fazemos o tapete, \u00e9 tamb\u00e9m dessas transforma\u00e7\u00f5es que passamos\u201d.<\/p>\n","protected":false},"excerpt":{"rendered":"<p>O pedacinho de galho transformou-se em pincel para o artista pl\u00e1stico Alexandre Silva, de 45 anos. Ele chegou \u00e0 Esplanada dos Minist\u00e9rios, em Bras\u00edlia, Distrito Federal, \u00e0s 6h30 com a imagem de Maria desenhada no papel e em sua cabe\u00e7a. Os contornos, no final da manh\u00e3 desta quinta (19), ganharam a forma de tapete para [&hellip;]<\/p>\n","protected":false},"author":2,"featured_media":356203,"comment_status":"closed","ping_status":"closed","sticky":false,"template":"","format":"standard","meta":{"_acf_changed":false,"footnotes":""},"categories":[161],"tags":[],"class_list":["post-356202","post","type-post","status-publish","format-standard","has-post-thumbnail","hentry","category-quadradinho-em-foco"],"acf":[],"_links":{"self":[{"href":"https:\/\/www.notibras.com\/site\/wp-json\/wp\/v2\/posts\/356202","targetHints":{"allow":["GET"]}}],"collection":[{"href":"https:\/\/www.notibras.com\/site\/wp-json\/wp\/v2\/posts"}],"about":[{"href":"https:\/\/www.notibras.com\/site\/wp-json\/wp\/v2\/types\/post"}],"author":[{"embeddable":true,"href":"https:\/\/www.notibras.com\/site\/wp-json\/wp\/v2\/users\/2"}],"replies":[{"embeddable":true,"href":"https:\/\/www.notibras.com\/site\/wp-json\/wp\/v2\/comments?post=356202"}],"version-history":[{"count":1,"href":"https:\/\/www.notibras.com\/site\/wp-json\/wp\/v2\/posts\/356202\/revisions"}],"predecessor-version":[{"id":356204,"href":"https:\/\/www.notibras.com\/site\/wp-json\/wp\/v2\/posts\/356202\/revisions\/356204"}],"wp:featuredmedia":[{"embeddable":true,"href":"https:\/\/www.notibras.com\/site\/wp-json\/wp\/v2\/media\/356203"}],"wp:attachment":[{"href":"https:\/\/www.notibras.com\/site\/wp-json\/wp\/v2\/media?parent=356202"}],"wp:term":[{"taxonomy":"category","embeddable":true,"href":"https:\/\/www.notibras.com\/site\/wp-json\/wp\/v2\/categories?post=356202"},{"taxonomy":"post_tag","embeddable":true,"href":"https:\/\/www.notibras.com\/site\/wp-json\/wp\/v2\/tags?post=356202"}],"curies":[{"name":"wp","href":"https:\/\/api.w.org\/{rel}","templated":true}]}}