{"id":356208,"date":"2025-06-20T00:24:52","date_gmt":"2025-06-20T03:24:52","guid":{"rendered":"https:\/\/www.notibras.com\/site\/?p=356208"},"modified":"2025-06-20T07:26:28","modified_gmt":"2025-06-20T10:26:28","slug":"oncas-pardas-dao-as-caras-e-pessoal-do-campo-precisa-se-proteger","status":"publish","type":"post","link":"https:\/\/www.notibras.com\/site\/oncas-pardas-dao-as-caras-e-pessoal-do-campo-precisa-se-proteger\/","title":{"rendered":"On\u00e7as-pardas d\u00e3o as caras e pessoal do campo precisa se proteger"},"content":{"rendered":"<p>Pegadas incomuns, inquietude dos animais de cria\u00e7\u00e3o e um barulho semelhante a um ronronado: sinais que poderiam passar despercebidos para quem n\u00e3o tem experi\u00eancia na \u00e1rea rural, mas que sinalizaram para a aposentada Sandra Gorayeb a poss\u00edvel presen\u00e7a de um animal silvestre em sua propriedade, no N\u00facleo Rural C\u00f3rrego do Palha, no Lago Norte.<\/p>\n<p>A d\u00favida foi confirmada dias depois, ap\u00f3s a not\u00edcia de que uma on\u00e7a-parda adulta e dois filhotes foram avistados na regi\u00e3o. Diante da descoberta, ela colocou em pr\u00e1tica uma s\u00e9rie de recomenda\u00e7\u00f5es do Instituto Bras\u00edlia Ambiental para afastar os bichos da ch\u00e1cara e, assim, manter sua seguran\u00e7a e a de seus cavalos. O \u00f3rg\u00e3o faz parte do Governo do Distrito Federal (GDF) e \u00e9 vinculado \u00e0 Secretaria do Meio Ambiente (Sema-DF).<\/p>\n<p>\u201cOs cavalos come\u00e7aram a ficar muito agitados, as araras pararam de ficar por aqui e comecei a ouvir barulhos na mata como de um animal pesado. Achei aquilo estranho, fiquei meio amedrontada e at\u00e9 imaginei que era uma capivara, mas depois me falaram que realmente tinha uma on\u00e7a por aqui\u201d, conta a aposentada, que \u00e9 bi\u00f3loga. \u201cMoramos aqui desde 1980, sempre criamos animais e nunca tinha visto um rastro [de on\u00e7a].\u201d<\/p>\n<p>A primeira medida imposta por Sandra foi soltar bombinhas para assustar os animais pelo barulho. Depois, instalou cercas el\u00e9tricas para proteger a casa e a \u00e1rea dos cavalos. Tamb\u00e9m colocou piscas-piscas, luzes com sensor de movimento e outras lumin\u00e1rias, al\u00e9m de sacos de ra\u00e7\u00e3o vazios nas cercas para fazer barulho com o vento \u2013 tudo com o objetivo de afugentar os felinos, que preferem lugares escuros e silenciosos para a ca\u00e7ada.<\/p>\n<p>\u201cD\u00e1 para pegar uma palha de coqueiro ou uma garrafa e pendurar em uma \u00e1rvore, fazer um espantalho, criar coisas para que a on\u00e7a ache que tem algu\u00e9m ali\u201d, frisa Sandra. \u201cTive que aumentar a minha cerca porque o pessoal do Bras\u00edlia Ambiental explicou que a on\u00e7a pula at\u00e9 quatro metros sem precisar correr. Tamb\u00e9m coloquei arame farpado em \u00e1rvores que ficam perto dos cavalos, porque ela sobe com muita facilidade.\u201d<\/p>\n<p>Estas e outras pr\u00e1ticas s\u00e3o recomendadas pelo Instituto Bras\u00edlia Ambiental. De acordo com Marina Motta, agente de Unidade de Conserva\u00e7\u00e3o, os cuidados s\u00e3o eficientes contra o ataque de on\u00e7as-pardas e outros bichos, como cachorros-do-mato e quatis, a animais dom\u00e9sticos ou de grande porte, como gado e equinos. As dicas valem especialmente para o per\u00edodo noturno e contribuem para a seguran\u00e7a dos produtores e moradores da \u00e1rea rural.<\/p>\n<p>\u201cAs on\u00e7as s\u00e3o animais predadores topo de cadeia e t\u00eam o h\u00e1bito de ca\u00e7ar os seus animais por emboscada. Os vest\u00edgios no ambiente s\u00e3o muito sutis. Elas t\u00eam o h\u00e1bito de sempre estar \u00e0 espreita, ent\u00e3o geralmente as presas n\u00e3o veem a on\u00e7a antes do ataque. \u00c9 preciso estar muito atento ao ambiente e ter o conhecimento necess\u00e1rio para diferenciar os rastros dos outros animais silvestres\u201d, esclarece a agente.<\/p>\n<p>Motta explica que o aparecimento da fauna silvestre na regi\u00e3o \u00e9 esperada uma vez que trata-se de \u00e1rea de conserva\u00e7\u00e3o. \u201cEstamos dentro de um conector ambiental que liga importantes unidades de conserva\u00e7\u00e3o do Distrito Federal. N\u00f3s entendemos que a on\u00e7a assusta os moradores, mas com informa\u00e7\u00e3o e conhecimento conseguimos adotar medidas e estrat\u00e9gias de manejo dos animais de cria\u00e7\u00e3o dom\u00e9sticos para evitar o conflito com esses grandes predadores\u201d, defende. \u201cE a Sandra \u00e9 um exemplo, porque, com a instala\u00e7\u00e3o de dispositivos luminosos, sonoros, e cercas el\u00e9tricas, ela j\u00e1 constatou a diminui\u00e7\u00e3o do movimento da fauna silvestre na propriedade dela\u201d.<\/p>\n<p>Al\u00e9m de passar as recomenda\u00e7\u00f5es para a popula\u00e7\u00e3o, as equipes t\u00e9cnicas do Bras\u00edlia Ambiental tamb\u00e9m instalaram armadilhas fotogr\u00e1ficas para \u201ccapturar\u201d registros da on\u00e7a-parda e seus filhotes. \u201cNo momento, estamos com tr\u00eas armadilhas fotogr\u00e1ficas que funcionam por sensor de movimento 24 horas por dia e temos revisado as imagens uma vez por semana para tentar identificar a presen\u00e7a ou a aus\u00eancia da esp\u00e9cie aqui na regi\u00e3o\u201d, detalha Motta.<\/p>\n<p>Vale ressaltar, ainda, que os animais oferecem risco m\u00ednimo aos seres humanos e n\u00e3o devem ser ca\u00e7ados. Conforme o artigo 29 da Lei n\u00ba 9.605, \u201cmatar, perseguir, ca\u00e7ar, apanhar, utilizar esp\u00e9cimes da fauna silvestre, nativos ou em rota migrat\u00f3ria, sem a devida permiss\u00e3o, licen\u00e7a ou autoriza\u00e7\u00e3o da autoridade competente, ou em desacordo com a obtida\u201d \u00e9 crime, com pena de deten\u00e7\u00e3o de seis meses a um ano e multa.<\/p>\n<p>\u201cA fauna silvestre presta servi\u00e7os ambientais para n\u00f3s. Esses animais s\u00e3o os dispersores de sementes e os polinizadores. S\u00f3 temos \u00e1gua de qualidade nas nossas casas porque a fauna est\u00e1 cuidando das nascentes. Cada esp\u00e9cie tem um papel importante e \u00fanico nos ecossistemas, por isso temos que aprender a conviver com eles, para tamb\u00e9m garantir a qualidade de vida da popula\u00e7\u00e3o humana do Distrito Federal\u201d, ressalta Motta.<\/p>\n","protected":false},"excerpt":{"rendered":"<p>Pegadas incomuns, inquietude dos animais de cria\u00e7\u00e3o e um barulho semelhante a um ronronado: sinais que poderiam passar despercebidos para quem n\u00e3o tem experi\u00eancia na \u00e1rea rural, mas que sinalizaram para a aposentada Sandra Gorayeb a poss\u00edvel presen\u00e7a de um animal silvestre em sua propriedade, no N\u00facleo Rural C\u00f3rrego do Palha, no Lago Norte. A [&hellip;]<\/p>\n","protected":false},"author":2,"featured_media":356209,"comment_status":"closed","ping_status":"closed","sticky":false,"template":"","format":"standard","meta":{"_acf_changed":false,"footnotes":""},"categories":[161],"tags":[],"class_list":["post-356208","post","type-post","status-publish","format-standard","has-post-thumbnail","hentry","category-quadradinho-em-foco"],"acf":[],"_links":{"self":[{"href":"https:\/\/www.notibras.com\/site\/wp-json\/wp\/v2\/posts\/356208","targetHints":{"allow":["GET"]}}],"collection":[{"href":"https:\/\/www.notibras.com\/site\/wp-json\/wp\/v2\/posts"}],"about":[{"href":"https:\/\/www.notibras.com\/site\/wp-json\/wp\/v2\/types\/post"}],"author":[{"embeddable":true,"href":"https:\/\/www.notibras.com\/site\/wp-json\/wp\/v2\/users\/2"}],"replies":[{"embeddable":true,"href":"https:\/\/www.notibras.com\/site\/wp-json\/wp\/v2\/comments?post=356208"}],"version-history":[{"count":1,"href":"https:\/\/www.notibras.com\/site\/wp-json\/wp\/v2\/posts\/356208\/revisions"}],"predecessor-version":[{"id":356210,"href":"https:\/\/www.notibras.com\/site\/wp-json\/wp\/v2\/posts\/356208\/revisions\/356210"}],"wp:featuredmedia":[{"embeddable":true,"href":"https:\/\/www.notibras.com\/site\/wp-json\/wp\/v2\/media\/356209"}],"wp:attachment":[{"href":"https:\/\/www.notibras.com\/site\/wp-json\/wp\/v2\/media?parent=356208"}],"wp:term":[{"taxonomy":"category","embeddable":true,"href":"https:\/\/www.notibras.com\/site\/wp-json\/wp\/v2\/categories?post=356208"},{"taxonomy":"post_tag","embeddable":true,"href":"https:\/\/www.notibras.com\/site\/wp-json\/wp\/v2\/tags?post=356208"}],"curies":[{"name":"wp","href":"https:\/\/api.w.org\/{rel}","templated":true}]}}