{"id":356242,"date":"2025-06-21T01:20:33","date_gmt":"2025-06-21T04:20:33","guid":{"rendered":"https:\/\/www.notibras.com\/site\/?p=356242"},"modified":"2025-06-22T16:41:48","modified_gmt":"2025-06-22T19:41:48","slug":"terror-sionista-em-gaza-e-ira-causa-morte-moral-do-ocidente-e-ameaca-um-mundo-mais-fragilizado","status":"publish","type":"post","link":"https:\/\/www.notibras.com\/site\/terror-sionista-em-gaza-e-ira-causa-morte-moral-do-ocidente-e-ameaca-um-mundo-mais-fragilizado\/","title":{"rendered":"Terror sionista em Gaza e Ir\u00e3 causa morte moral do Ocidente e amea\u00e7a um mundo mais fragilizado"},"content":{"rendered":"<p>&#8220;<em>\u00c9 mister bater, bater cem vezes, e cem vezes repetir: o direito n\u00e3o \u00e9 um filho do c\u00e9u, \u00e9 simplesmente um fen\u00f4meno hist\u00f3rico, um produto cultural da humanidade<\/em>&#8220;. Tobias Barreto.Ideia do direito, 1883.<\/p>\n<p>O sionismo massacra o povo palestino dizendo que pune os guerrilheiros do Hamas, a resist\u00eancia poss\u00edvel em meio ao desespero. A chamada &#8220;civiliza\u00e7\u00e3o ocidental&#8221; (mais indigna que nunca do t\u00edtulo pomposo que se autoatribuiu) assiste, c\u00famplice, a uma limpeza \u00e9tnica que muito lembra a paranoia nazista, interrompida com a derrota alem\u00e3 na Segunda Guerra Mundial. Vai al\u00e9m do genoc\u00eddio arm\u00eanio (1915-1917), da partilha da \u00cdndia (1947), da trag\u00e9dia da B\u00f3snia levada a cabo pelo Ocidente (1992-1995), aproveitando-se do intocado vazio deixado pela fal\u00eancia da URSS.<\/p>\n<p>A Europa, decadente mas ideologicamente ainda colonialista, embora servil ao Imp\u00e9rio, silencia diante de Gaza e condena o Ir\u00e3 pelos ataques que lhe movem EUA e Israel. A invas\u00e3o da Ucr\u00e2nia pela R\u00fassia \u00e9 definida como agress\u00e3o a um Estado soberano, mas os bombardeios contra o Ir\u00e3, que n\u00e3o atacou nem invadiu o territ\u00f3rio do advers\u00e1rio implac\u00e1vel, s\u00e3o considerados \u2013 nessa l\u00f3gica viciada e hip\u00f3crita \u2013 leg\u00edtimos, embora a Carta da ONU n\u00e3o tenha sido alterada nesse \u00ednterim. Como condi\u00e7\u00e3o para a paz necess\u00e1ria, a Europa e os EUA exigem que o pa\u00eds invadido n\u00e3o revide os ataques de que \u00e9 alvo, e aceite uma capitula\u00e7\u00e3o incondicional, sob o risco de bombardeios avassaladores. A agress\u00e3o, vendida como autodefesa, transmuda-se em virtude: o agressor \u00e9 defendido e a v\u00edtima \u00e9 condenada por defender-se.<\/p>\n<p>Este \u00e9 um tempo de subvers\u00e3o de valores, pois s\u00f3 se ouvem, s\u00f3 se leem e s\u00f3 se veem as raz\u00f5es do agressor. Como nos lembra George Orwell, em 1984: &#8220;Se todos os registros contam a mesma hist\u00f3ria \u2013 ent\u00e3o a mentira torna-se verdade.&#8221; E, portanto, j\u00e1 n\u00e3o h\u00e1 mais nem uma coisa, nem outra. Reescreva-se a velha f\u00e1bula: a v\u00edtima \u00e9 o lobo.<\/p>\n<p>A invas\u00e3o do Ir\u00e3 (exigida h\u00e1 anos pelos media outlets) foi preparada durante largos meses, partilhada em seus pormenores t\u00e1ticos e estrat\u00e9gicos com os EUA e conhecida pela OTAN, o gigantesco porta-avi\u00f5es do Imp\u00e9rio na Europa. No entanto, Emmanuel Macron, presidente de um pa\u00eds que realizou uma revolu\u00e7\u00e3o para proclamar a trindade da liberdade, da igualdade e da fraternidade, reduz a agress\u00e3o a mero &#8220;exerc\u00edcio do leg\u00edtimo direito de defesa de Israel&#8221;, e a Alemanha, que inventou os fornos cremat\u00f3rios como destino dos advers\u00e1rios de sua escolha, antecipou-se a todos, condenando o Ir\u00e3 pelo que seu chanceler qualificou de &#8220;um ataque indiscriminado ao territ\u00f3rio israelense&#8221; \u2013 mesmo antes de Teer\u00e3 responder ao bombardeio israelense!<\/p>\n<p>Sem pejo, o Estado de S. Paulo, reflexo brasileiro da mainstream media, se permite afirmar: &#8220;O programa nuclear iraniano \u00e9 uma amea\u00e7a existencial a Israel e, por isso, \u00e9 um alvo leg\u00edtimo. Ademais, interromper a escalada nuclear do Ir\u00e3 ser\u00e1 um al\u00edvio para o mundo&#8221; (15\/06\/25). \u00c9 preciso meditar sobre as consequ\u00eancias das premissas do que prop\u00f5e a oligarquia paulista: se um Estado, sentindo-se amea\u00e7ado, pode esmagar o suposto advers\u00e1rio, tudo passa a ser permitido, e a invas\u00e3o da Ucr\u00e2nia pela R\u00fassia \u00e9, assim, mais do que justa: necess\u00e1ria, e, por isso, moralmente justificada. Na mesma linha, a R\u00fassia pode se sentir existencialmente amea\u00e7ada pelos dentes at\u00f4micos da Fran\u00e7a e da Gr\u00e3-Bretanha, e da\u00ed tornar-se-\u00e0 leg\u00edtimo o bombardeio preventivo, de que tamb\u00e9m podem lan\u00e7ar m\u00e3o, simultaneamente, o Paquist\u00e3o e a \u00cdndia, avan\u00e7ando rumo \u00e0 destrui\u00e7\u00e3o m\u00fatua.<\/p>\n<p>Diante da agress\u00e3o dos EUA e de Israel, uma conclus\u00e3o se imp\u00f5e: se o Ir\u00e3 n\u00e3o possui armas nucleares (e s\u00f3 foi atacado porque provavelmente n\u00e3o as tem), agora est\u00e1 claro que precisa t\u00ea-las. E mostra-se acertada a custosa estrat\u00e9gia defensiva da Rep\u00fablica Popular da Coreia, pequenino pa\u00eds sobrevivente de uma guerra de exterm\u00ednio que, apesar de tudo o que a realidade mostra, segue sendo pintado pela m\u00eddia ocidental como grande amea\u00e7a \u00e0 paz mundial&#8230;<\/p>\n<p>Em convescote nas Montanhas Rochosas do Canad\u00e1, os pa\u00edses do chamado G7 (Alemanha, Canad\u00e1, EUA, Fran\u00e7a, It\u00e1lia, Jap\u00e3o e Reino Unido) sa\u00fadam os bombardeios, indiferentes \u00e0s mortes de civis, tudo porque, segundo eles, Israel tem o direito de defender-se de um ataque que n\u00e3o houve, mas que poderia ter havido \u2013 e um dia poder\u00e1 haver. \u00c9 a raz\u00e3o c\u00ednica do mais forte escrevendo a hist\u00f3ria, sempre obra dos vencedores, com a licenciosidade moral de uma Europa envilecida \u00e0 sombra do guarda-chuva nuclear dos EUA, de m\u00e3os livres no desfrute de um imp\u00e9rio tanto mais perigoso quanto mais v\u00ea amea\u00e7ada sua hegemonia.<\/p>\n<p>A hist\u00f3ria se repete ao seu modo. Em 1938, os nazistas, sob o pretexto de que alem\u00e3es estariam sendo perseguidos na Tchecoslov\u00e1quia, invadiram os Sudetos, depois que o Acordo de Munique (&#8220;a paz por cem anos&#8221;, anunciada pela covardia inglesa) atapetara o terreno para a beliger\u00e2ncia do 3\u00ba Reich. Em 2003, os EUA, que financiam, escoltam, armam Israel e operam militarmente na defesa de seu espa\u00e7o a\u00e9reo, bombardearam e invadiram o Iraque, porque ele \u2013 h\u00e1 sempre um pretexto a aventar \u2013 possuiria armas at\u00f4micas, como aquelas que em 1945 os EUA (at\u00e9 hoje o \u00fanico pa\u00eds a cometer esse crime) lan\u00e7aram contra as popula\u00e7\u00f5es civis de Hiroshima e Nagasaki.<\/p>\n<p>O pretexto ent\u00e3o alegado por Harry Truman para o massacre ign\u00f3bil era a necessidade de antecipar o fim da guerra, j\u00e1 definida com a queda de Berlim, mas a realidade ensinou que se tratava do vestibular da Guerra Fria. Evitando o confronto direto, os EUA diziam \u00e0 URSS que o Ex\u00e9rcito Vermelho deveria conter sua marcha na Europa.<\/p>\n<p>\u00c9 a raz\u00e3o do lobo, a lei do mais forte consagrada nas f\u00e1bulas de Esopo, reescritas por La Fontaine:<\/p>\n<p>&#8220;Um lobo, com fome, v\u00ea um cordeiro bebendo \u00e1gua num riacho, mais abaixo. O lobo o acusa de sujar a \u00e1gua que ele (o lobo) est\u00e1 bebendo. O cordeiro responde, respeitoso: &#8216;Como posso sujar a \u00e1gua que bebes, se estou rio abaixo de ti?&#8217; O lobo, ent\u00e3o, muda a acusa\u00e7\u00e3o: &#8216;Tu falaste mal de mim no ano passado.&#8217; O cordeiro retruca: &#8216;N\u00e3o poderia ter sido eu. Eu nem era nascido!&#8217; O lobo, cada vez mais agressivo, inventa outras desculpas: &#8216;Ent\u00e3o foi teu irm\u00e3o. Ou teu pastor. Ou tua gente.&#8217; Por fim, sem qualquer raz\u00e3o, o lobo ataca e devora o cordeiro.&#8221;<\/p>\n<p>Para os lobos de hoje, os palestinos n\u00e3o deveriam estar onde sempre estiveram. O Ir\u00e3 se condenou \u00e0 morte ao saltar fora da \u00f3rbita desenhada pelo Pent\u00e1gono para a P\u00e9rsia, quando a Revolu\u00e7\u00e3o Isl\u00e2mica, em 1979, p\u00f4s por terra a monarquia e instalou a rep\u00fablica ao depor o x\u00e1 Reza Pahlavi, no poder desde 1941, e chefe de uma ditadura sanguin\u00e1ria pr\u00f3-Ocidente a partir da deposi\u00e7\u00e3o do primeiro-ministro Mohammad Mossadegh pela CIA em 1953.<\/p>\n<p>Tratar-se-ia de irrelev\u00e2ncia f\u00e1tica a discuss\u00e3o segundo a qual o Iraque teria ou n\u00e3o armas nucleares (e de fato n\u00e3o as tinha), quando o fundamental era a acusa\u00e7\u00e3o em si \u2013 comprov\u00e1vel ou n\u00e3o \u2013 de que Saddam Hussein possu\u00eda esse arsenal. De igual modo, hoje, \u00e9 irrelevante apurar se o Ir\u00e3 det\u00e9m ou n\u00e3o capacidade de enriquecer ur\u00e2nio, se amanh\u00e3, poder\u00e1 construir um artefato nuclear e, ademais, se tem ou ter\u00e1 condi\u00e7\u00f5es de atingir o territ\u00f3rio israelense. O relevante, para o sionismo e o trumpismo, que se fundem, \u00e9 a constru\u00e7\u00e3o pol\u00edtica de um pretexto para justificar a agress\u00e3o que a ideologia hegem\u00f4nica reduz a mero exerc\u00edcio do leg\u00edtimo direito \u00e0 &#8220;autodefesa&#8221;, direito do qual, por\u00e9m, Israel \u00e9 o \u00fanico portador no Oriente M\u00e9dio.<\/p>\n<p>Quando se comprovou que o Iraque n\u00e3o possu\u00eda armas nucleares, o pa\u00eds j\u00e1 havia sido devastado e a hist\u00f3ria se debru\u00e7ava diante de um fato consumado. Hoje, combater a resist\u00eancia palestina \u00e9 o pretexto para o genoc\u00eddio desse povo, a morte a granel de jovens, mulheres e principalmente crian\u00e7as e a destrui\u00e7\u00e3o de Gaza, futuro espa\u00e7o livre terraplenado para os investimentos imobili\u00e1rios de Trump.<\/p>\n<p>A vida humana v\u00ea-se relegada \u00e0 sua insignific\u00e2ncia diante do poder avassalador da barb\u00e1rie: o pr\u00f3ximo passo \u00e9 na dire\u00e7\u00e3o do precip\u00edcio sem ch\u00e3o.<\/p>\n<p>\u00c9 a l\u00f3gica orwelliana da invers\u00e3o da linguagem, que o escritor ingl\u00eas vai beber em \u00c9squilo (525-456 a.C.): &#8220;Na guerra, a primeira v\u00edtima \u00e9 a verdade.&#8221; O objetivo da guerra n\u00e3o \u00e9 apenas derrotar o inimigo nas armas, tomar seu territ\u00f3rio, mas, tamb\u00e9m, conquistar &#8220;cora\u00e7\u00f5es e mentes&#8221;. Os EUA sustentaram por anos que matavam os vietnamitas para salv\u00e1-los dos comunistas \u2013 o mesmo pretexto alegado para a invas\u00e3o da Coreia (1950) e tantas outras invas\u00f5es, diretas ou por procura\u00e7\u00e3o, e de tantos golpes de Estado.<\/p>\n<p>A vit\u00f3ria ideol\u00f3gica permite sustentar como coerentes ideias contradit\u00f3rias entre si, oximoros como &#8220;guerra \u00e9 paz&#8221;, &#8220;ataque \u00e9 autodefesa&#8221;, &#8220;agressor \u00e9 v\u00edtima&#8221;. Por fim, manipular a linguagem para legitimar a raz\u00e3o do lobo, em que se esmeram os meios de comunica\u00e7\u00e3o de massa, tanto mais contundentes e tanto mais aparelhos ideol\u00f3gicos da classe dominante quanto mais modernos.<\/p>\n<p>Quando Israel, secundado pela chamada opini\u00e3o p\u00fablica global, afirma que invadiu Gaza, ou bombardeou o Ir\u00e3, ou o L\u00edbano, ou a S\u00edria, ou o I\u00eamen, para impedir um ataque que n\u00e3o houve (tratando como realidade uma amea\u00e7a fabricada), o mundo ingressa no que George Orwell definiu como l\u00f3gica do duplipensar.<\/p>\n<p>A &#8220;ordem baseada em regras&#8221; \u2013 o Direito Internacional \u2013 passa a ser regida por &#8220;regras&#8221; condicionadas pela raz\u00e3o do mais forte, que consagra o crime preventivo, punindo inten\u00e7\u00f5es que o agressor diz identificar nas mentes dos advers\u00e1rios que, para esse efeito, elege.<\/p>\n<p>A raz\u00e3o do mais forte \u00e9 sempre a melhor, pois \u00e9 a que se imp\u00f5e. Assim como o direito \u00e9 o l\u00e9xico da for\u00e7a que chegou ao poder. N\u00e3o havendo limite \u00e9tico ao poder, tudo est\u00e1 justificado, desde que tenha tido bom \u00eaxito \u2013 como lecionou Espinosa, o fil\u00f3sofo que a Inquisi\u00e7\u00e3o portuguesa doou \u00e0 Holanda.<\/p>\n<p>Ao vencedor, as batatas.<\/p>\n<p>&#8230;&#8230;&#8230;&#8230;&#8230;&#8230;..<\/p>\n<p><strong>Roberto Amaral foi ministro da Ci\u00eancia e Tecnologia de Lula 1<\/strong><\/p>\n","protected":false},"excerpt":{"rendered":"<p>&#8220;\u00c9 mister bater, bater cem vezes, e cem vezes repetir: o direito n\u00e3o \u00e9 um filho do c\u00e9u, \u00e9 simplesmente um fen\u00f4meno hist\u00f3rico, um produto cultural da humanidade&#8220;. Tobias Barreto.Ideia do direito, 1883. O sionismo massacra o povo palestino dizendo que pune os guerrilheiros do Hamas, a resist\u00eancia poss\u00edvel em meio ao desespero. A chamada [&hellip;]<\/p>\n","protected":false},"author":2,"featured_media":356243,"comment_status":"closed","ping_status":"closed","sticky":false,"template":"","format":"standard","meta":{"_acf_changed":false,"footnotes":""},"categories":[159],"tags":[95],"class_list":["post-356242","post","type-post","status-publish","format-standard","has-post-thumbnail","hentry","category-apocalipse","tag-capa"],"acf":[],"yoast_head":"<!-- This site is optimized with the Yoast SEO plugin v27.2 - https:\/\/yoast.com\/product\/yoast-seo-wordpress\/ -->\n<title>Terror sionista em Gaza e Ir\u00e3 causa morte moral do Ocidente e amea\u00e7a um mundo mais fragilizado - Notibras<\/title>\n<meta name=\"robots\" content=\"index, follow, max-snippet:-1, max-image-preview:large, max-video-preview:-1\" \/>\n<link rel=\"canonical\" href=\"https:\/\/www.notibras.com\/site\/terror-sionista-em-gaza-e-ira-causa-morte-moral-do-ocidente-e-ameaca-um-mundo-mais-fragilizado\/\" \/>\n<meta property=\"og:locale\" content=\"pt_BR\" \/>\n<meta property=\"og:type\" content=\"article\" \/>\n<meta property=\"og:title\" content=\"Terror sionista em Gaza e Ir\u00e3 causa morte moral do Ocidente e amea\u00e7a um mundo mais fragilizado - Notibras\" \/>\n<meta property=\"og:description\" content=\"&#8220;\u00c9 mister bater, bater cem vezes, e cem vezes repetir: o direito n\u00e3o \u00e9 um filho do c\u00e9u, \u00e9 simplesmente um fen\u00f4meno hist\u00f3rico, um produto cultural da humanidade&#8220;. Tobias Barreto.Ideia do direito, 1883. O sionismo massacra o povo palestino dizendo que pune os guerrilheiros do Hamas, a resist\u00eancia poss\u00edvel em meio ao desespero. A chamada [&hellip;]\" \/>\n<meta property=\"og:url\" content=\"https:\/\/www.notibras.com\/site\/terror-sionista-em-gaza-e-ira-causa-morte-moral-do-ocidente-e-ameaca-um-mundo-mais-fragilizado\/\" \/>\n<meta property=\"og:site_name\" content=\"Notibras\" \/>\n<meta property=\"article:publisher\" content=\"https:\/\/www.facebook.com\/notibras\/\" \/>\n<meta property=\"article:published_time\" content=\"2025-06-21T04:20:33+00:00\" \/>\n<meta property=\"article:modified_time\" content=\"2025-06-22T19:41:48+00:00\" \/>\n<meta property=\"og:image\" content=\"https:\/\/www.notibras.com\/site\/wp-content\/uploads\/2025\/06\/2025-06-13t215634z_246411266_rc2x1fay1alm_rtrmadp_3_iran-nuclear.webp\" \/>\n\t<meta property=\"og:image:width\" content=\"1170\" \/>\n\t<meta property=\"og:image:height\" content=\"700\" \/>\n\t<meta property=\"og:image:type\" content=\"image\/webp\" \/>\n<meta name=\"author\" content=\"Reda\u00e7\u00e3o\" \/>\n<meta name=\"twitter:card\" content=\"summary_large_image\" \/>\n<meta name=\"twitter:creator\" content=\"@Notibras\" \/>\n<meta name=\"twitter:site\" content=\"@Notibras\" \/>\n<meta name=\"twitter:label1\" content=\"Escrito por\" \/>\n\t<meta name=\"twitter:data1\" content=\"Reda\u00e7\u00e3o\" \/>\n\t<meta name=\"twitter:label2\" content=\"Est. tempo de leitura\" \/>\n\t<meta name=\"twitter:data2\" content=\"10 minutos\" \/>\n<script type=\"application\/ld+json\" class=\"yoast-schema-graph\">{\"@context\":\"https:\/\/schema.org\",\"@graph\":[{\"@type\":\"Article\",\"@id\":\"https:\/\/www.notibras.com\/site\/terror-sionista-em-gaza-e-ira-causa-morte-moral-do-ocidente-e-ameaca-um-mundo-mais-fragilizado\/#article\",\"isPartOf\":{\"@id\":\"https:\/\/www.notibras.com\/site\/terror-sionista-em-gaza-e-ira-causa-morte-moral-do-ocidente-e-ameaca-um-mundo-mais-fragilizado\/\"},\"author\":{\"name\":\"Reda\u00e7\u00e3o\",\"@id\":\"https:\/\/www.notibras.com\/site\/#\/schema\/person\/36ab0979449956132d3e5b517ea76ac8\"},\"headline\":\"Terror sionista em Gaza e Ir\u00e3 causa morte moral do Ocidente e amea\u00e7a um mundo mais fragilizado\",\"datePublished\":\"2025-06-21T04:20:33+00:00\",\"dateModified\":\"2025-06-22T19:41:48+00:00\",\"mainEntityOfPage\":{\"@id\":\"https:\/\/www.notibras.com\/site\/terror-sionista-em-gaza-e-ira-causa-morte-moral-do-ocidente-e-ameaca-um-mundo-mais-fragilizado\/\"},\"wordCount\":1796,\"publisher\":{\"@id\":\"https:\/\/www.notibras.com\/site\/#organization\"},\"image\":{\"@id\":\"https:\/\/www.notibras.com\/site\/terror-sionista-em-gaza-e-ira-causa-morte-moral-do-ocidente-e-ameaca-um-mundo-mais-fragilizado\/#primaryimage\"},\"thumbnailUrl\":\"https:\/\/www.notibras.com\/site\/wp-content\/uploads\/2025\/06\/2025-06-13t215634z_246411266_rc2x1fay1alm_rtrmadp_3_iran-nuclear.webp\",\"keywords\":[\"capa\"],\"articleSection\":[\"Apocalipse\"],\"inLanguage\":\"pt-BR\"},{\"@type\":\"WebPage\",\"@id\":\"https:\/\/www.notibras.com\/site\/terror-sionista-em-gaza-e-ira-causa-morte-moral-do-ocidente-e-ameaca-um-mundo-mais-fragilizado\/\",\"url\":\"https:\/\/www.notibras.com\/site\/terror-sionista-em-gaza-e-ira-causa-morte-moral-do-ocidente-e-ameaca-um-mundo-mais-fragilizado\/\",\"name\":\"Terror sionista em Gaza e Ir\u00e3 causa morte moral do Ocidente e amea\u00e7a um mundo mais fragilizado - Notibras\",\"isPartOf\":{\"@id\":\"https:\/\/www.notibras.com\/site\/#website\"},\"primaryImageOfPage\":{\"@id\":\"https:\/\/www.notibras.com\/site\/terror-sionista-em-gaza-e-ira-causa-morte-moral-do-ocidente-e-ameaca-um-mundo-mais-fragilizado\/#primaryimage\"},\"image\":{\"@id\":\"https:\/\/www.notibras.com\/site\/terror-sionista-em-gaza-e-ira-causa-morte-moral-do-ocidente-e-ameaca-um-mundo-mais-fragilizado\/#primaryimage\"},\"thumbnailUrl\":\"https:\/\/www.notibras.com\/site\/wp-content\/uploads\/2025\/06\/2025-06-13t215634z_246411266_rc2x1fay1alm_rtrmadp_3_iran-nuclear.webp\",\"datePublished\":\"2025-06-21T04:20:33+00:00\",\"dateModified\":\"2025-06-22T19:41:48+00:00\",\"breadcrumb\":{\"@id\":\"https:\/\/www.notibras.com\/site\/terror-sionista-em-gaza-e-ira-causa-morte-moral-do-ocidente-e-ameaca-um-mundo-mais-fragilizado\/#breadcrumb\"},\"inLanguage\":\"pt-BR\",\"potentialAction\":[{\"@type\":\"ReadAction\",\"target\":[\"https:\/\/www.notibras.com\/site\/terror-sionista-em-gaza-e-ira-causa-morte-moral-do-ocidente-e-ameaca-um-mundo-mais-fragilizado\/\"]}]},{\"@type\":\"ImageObject\",\"inLanguage\":\"pt-BR\",\"@id\":\"https:\/\/www.notibras.com\/site\/terror-sionista-em-gaza-e-ira-causa-morte-moral-do-ocidente-e-ameaca-um-mundo-mais-fragilizado\/#primaryimage\",\"url\":\"https:\/\/www.notibras.com\/site\/wp-content\/uploads\/2025\/06\/2025-06-13t215634z_246411266_rc2x1fay1alm_rtrmadp_3_iran-nuclear.webp\",\"contentUrl\":\"https:\/\/www.notibras.com\/site\/wp-content\/uploads\/2025\/06\/2025-06-13t215634z_246411266_rc2x1fay1alm_rtrmadp_3_iran-nuclear.webp\",\"width\":1170,\"height\":700},{\"@type\":\"BreadcrumbList\",\"@id\":\"https:\/\/www.notibras.com\/site\/terror-sionista-em-gaza-e-ira-causa-morte-moral-do-ocidente-e-ameaca-um-mundo-mais-fragilizado\/#breadcrumb\",\"itemListElement\":[{\"@type\":\"ListItem\",\"position\":1,\"name\":\"In\u00edcio\",\"item\":\"https:\/\/www.notibras.com\/site\/\"},{\"@type\":\"ListItem\",\"position\":2,\"name\":\"Terror sionista em Gaza e Ir\u00e3 causa morte moral do Ocidente e amea\u00e7a um mundo mais fragilizado\"}]},{\"@type\":\"WebSite\",\"@id\":\"https:\/\/www.notibras.com\/site\/#website\",\"url\":\"https:\/\/www.notibras.com\/site\/\",\"name\":\"Notibras\",\"description\":\"Not\u00edcias de Bras\u00edlia, do Brasil e do Mundo\",\"publisher\":{\"@id\":\"https:\/\/www.notibras.com\/site\/#organization\"},\"potentialAction\":[{\"@type\":\"SearchAction\",\"target\":{\"@type\":\"EntryPoint\",\"urlTemplate\":\"https:\/\/www.notibras.com\/site\/?s={search_term_string}\"},\"query-input\":{\"@type\":\"PropertyValueSpecification\",\"valueRequired\":true,\"valueName\":\"search_term_string\"}}],\"inLanguage\":\"pt-BR\"},{\"@type\":\"Organization\",\"@id\":\"https:\/\/www.notibras.com\/site\/#organization\",\"name\":\"Grupo Notibras de Comunica\u00e7\u00e3o\",\"url\":\"https:\/\/www.notibras.com\/site\/\",\"logo\":{\"@type\":\"ImageObject\",\"inLanguage\":\"pt-BR\",\"@id\":\"https:\/\/www.notibras.com\/site\/#\/schema\/logo\/image\/\",\"url\":\"https:\/\/www.notibras.com\/site\/wp-content\/uploads\/2023\/01\/notibras23.png\",\"contentUrl\":\"https:\/\/www.notibras.com\/site\/wp-content\/uploads\/2023\/01\/notibras23.png\",\"width\":350,\"height\":87,\"caption\":\"Grupo Notibras de Comunica\u00e7\u00e3o\"},\"image\":{\"@id\":\"https:\/\/www.notibras.com\/site\/#\/schema\/logo\/image\/\"},\"sameAs\":[\"https:\/\/www.facebook.com\/notibras\/\",\"https:\/\/x.com\/Notibras\",\"https:\/\/www.instagram.com\/notibras\/\"]},{\"@type\":\"Person\",\"@id\":\"https:\/\/www.notibras.com\/site\/#\/schema\/person\/36ab0979449956132d3e5b517ea76ac8\",\"name\":\"Reda\u00e7\u00e3o\",\"image\":{\"@type\":\"ImageObject\",\"inLanguage\":\"pt-BR\",\"@id\":\"https:\/\/secure.gravatar.com\/avatar\/e0a867bdedb85fd243eadf09663511f96fc81e0720a4a42581f334ad4303aa6b?s=96&d=mm&r=g\",\"url\":\"https:\/\/secure.gravatar.com\/avatar\/e0a867bdedb85fd243eadf09663511f96fc81e0720a4a42581f334ad4303aa6b?s=96&d=mm&r=g\",\"contentUrl\":\"https:\/\/secure.gravatar.com\/avatar\/e0a867bdedb85fd243eadf09663511f96fc81e0720a4a42581f334ad4303aa6b?s=96&d=mm&r=g\",\"caption\":\"Reda\u00e7\u00e3o\"}}]}<\/script>\n<!-- \/ Yoast SEO plugin. -->","yoast_head_json":{"title":"Terror sionista em Gaza e Ir\u00e3 causa morte moral do Ocidente e amea\u00e7a um mundo mais fragilizado - Notibras","robots":{"index":"index","follow":"follow","max-snippet":"max-snippet:-1","max-image-preview":"max-image-preview:large","max-video-preview":"max-video-preview:-1"},"canonical":"https:\/\/www.notibras.com\/site\/terror-sionista-em-gaza-e-ira-causa-morte-moral-do-ocidente-e-ameaca-um-mundo-mais-fragilizado\/","og_locale":"pt_BR","og_type":"article","og_title":"Terror sionista em Gaza e Ir\u00e3 causa morte moral do Ocidente e amea\u00e7a um mundo mais fragilizado - Notibras","og_description":"&#8220;\u00c9 mister bater, bater cem vezes, e cem vezes repetir: o direito n\u00e3o \u00e9 um filho do c\u00e9u, \u00e9 simplesmente um fen\u00f4meno hist\u00f3rico, um produto cultural da humanidade&#8220;. Tobias Barreto.Ideia do direito, 1883. O sionismo massacra o povo palestino dizendo que pune os guerrilheiros do Hamas, a resist\u00eancia poss\u00edvel em meio ao desespero. A chamada [&hellip;]","og_url":"https:\/\/www.notibras.com\/site\/terror-sionista-em-gaza-e-ira-causa-morte-moral-do-ocidente-e-ameaca-um-mundo-mais-fragilizado\/","og_site_name":"Notibras","article_publisher":"https:\/\/www.facebook.com\/notibras\/","article_published_time":"2025-06-21T04:20:33+00:00","article_modified_time":"2025-06-22T19:41:48+00:00","og_image":[{"width":1170,"height":700,"url":"https:\/\/www.notibras.com\/site\/wp-content\/uploads\/2025\/06\/2025-06-13t215634z_246411266_rc2x1fay1alm_rtrmadp_3_iran-nuclear.webp","type":"image\/webp"}],"author":"Reda\u00e7\u00e3o","twitter_card":"summary_large_image","twitter_creator":"@Notibras","twitter_site":"@Notibras","twitter_misc":{"Escrito por":"Reda\u00e7\u00e3o","Est. tempo de leitura":"10 minutos"},"schema":{"@context":"https:\/\/schema.org","@graph":[{"@type":"Article","@id":"https:\/\/www.notibras.com\/site\/terror-sionista-em-gaza-e-ira-causa-morte-moral-do-ocidente-e-ameaca-um-mundo-mais-fragilizado\/#article","isPartOf":{"@id":"https:\/\/www.notibras.com\/site\/terror-sionista-em-gaza-e-ira-causa-morte-moral-do-ocidente-e-ameaca-um-mundo-mais-fragilizado\/"},"author":{"name":"Reda\u00e7\u00e3o","@id":"https:\/\/www.notibras.com\/site\/#\/schema\/person\/36ab0979449956132d3e5b517ea76ac8"},"headline":"Terror sionista em Gaza e Ir\u00e3 causa morte moral do Ocidente e amea\u00e7a um mundo mais fragilizado","datePublished":"2025-06-21T04:20:33+00:00","dateModified":"2025-06-22T19:41:48+00:00","mainEntityOfPage":{"@id":"https:\/\/www.notibras.com\/site\/terror-sionista-em-gaza-e-ira-causa-morte-moral-do-ocidente-e-ameaca-um-mundo-mais-fragilizado\/"},"wordCount":1796,"publisher":{"@id":"https:\/\/www.notibras.com\/site\/#organization"},"image":{"@id":"https:\/\/www.notibras.com\/site\/terror-sionista-em-gaza-e-ira-causa-morte-moral-do-ocidente-e-ameaca-um-mundo-mais-fragilizado\/#primaryimage"},"thumbnailUrl":"https:\/\/www.notibras.com\/site\/wp-content\/uploads\/2025\/06\/2025-06-13t215634z_246411266_rc2x1fay1alm_rtrmadp_3_iran-nuclear.webp","keywords":["capa"],"articleSection":["Apocalipse"],"inLanguage":"pt-BR"},{"@type":"WebPage","@id":"https:\/\/www.notibras.com\/site\/terror-sionista-em-gaza-e-ira-causa-morte-moral-do-ocidente-e-ameaca-um-mundo-mais-fragilizado\/","url":"https:\/\/www.notibras.com\/site\/terror-sionista-em-gaza-e-ira-causa-morte-moral-do-ocidente-e-ameaca-um-mundo-mais-fragilizado\/","name":"Terror sionista em Gaza e Ir\u00e3 causa morte moral do Ocidente e amea\u00e7a um mundo mais fragilizado - Notibras","isPartOf":{"@id":"https:\/\/www.notibras.com\/site\/#website"},"primaryImageOfPage":{"@id":"https:\/\/www.notibras.com\/site\/terror-sionista-em-gaza-e-ira-causa-morte-moral-do-ocidente-e-ameaca-um-mundo-mais-fragilizado\/#primaryimage"},"image":{"@id":"https:\/\/www.notibras.com\/site\/terror-sionista-em-gaza-e-ira-causa-morte-moral-do-ocidente-e-ameaca-um-mundo-mais-fragilizado\/#primaryimage"},"thumbnailUrl":"https:\/\/www.notibras.com\/site\/wp-content\/uploads\/2025\/06\/2025-06-13t215634z_246411266_rc2x1fay1alm_rtrmadp_3_iran-nuclear.webp","datePublished":"2025-06-21T04:20:33+00:00","dateModified":"2025-06-22T19:41:48+00:00","breadcrumb":{"@id":"https:\/\/www.notibras.com\/site\/terror-sionista-em-gaza-e-ira-causa-morte-moral-do-ocidente-e-ameaca-um-mundo-mais-fragilizado\/#breadcrumb"},"inLanguage":"pt-BR","potentialAction":[{"@type":"ReadAction","target":["https:\/\/www.notibras.com\/site\/terror-sionista-em-gaza-e-ira-causa-morte-moral-do-ocidente-e-ameaca-um-mundo-mais-fragilizado\/"]}]},{"@type":"ImageObject","inLanguage":"pt-BR","@id":"https:\/\/www.notibras.com\/site\/terror-sionista-em-gaza-e-ira-causa-morte-moral-do-ocidente-e-ameaca-um-mundo-mais-fragilizado\/#primaryimage","url":"https:\/\/www.notibras.com\/site\/wp-content\/uploads\/2025\/06\/2025-06-13t215634z_246411266_rc2x1fay1alm_rtrmadp_3_iran-nuclear.webp","contentUrl":"https:\/\/www.notibras.com\/site\/wp-content\/uploads\/2025\/06\/2025-06-13t215634z_246411266_rc2x1fay1alm_rtrmadp_3_iran-nuclear.webp","width":1170,"height":700},{"@type":"BreadcrumbList","@id":"https:\/\/www.notibras.com\/site\/terror-sionista-em-gaza-e-ira-causa-morte-moral-do-ocidente-e-ameaca-um-mundo-mais-fragilizado\/#breadcrumb","itemListElement":[{"@type":"ListItem","position":1,"name":"In\u00edcio","item":"https:\/\/www.notibras.com\/site\/"},{"@type":"ListItem","position":2,"name":"Terror sionista em Gaza e Ir\u00e3 causa morte moral do Ocidente e amea\u00e7a um mundo mais fragilizado"}]},{"@type":"WebSite","@id":"https:\/\/www.notibras.com\/site\/#website","url":"https:\/\/www.notibras.com\/site\/","name":"Notibras","description":"Not\u00edcias de Bras\u00edlia, do Brasil e do Mundo","publisher":{"@id":"https:\/\/www.notibras.com\/site\/#organization"},"potentialAction":[{"@type":"SearchAction","target":{"@type":"EntryPoint","urlTemplate":"https:\/\/www.notibras.com\/site\/?s={search_term_string}"},"query-input":{"@type":"PropertyValueSpecification","valueRequired":true,"valueName":"search_term_string"}}],"inLanguage":"pt-BR"},{"@type":"Organization","@id":"https:\/\/www.notibras.com\/site\/#organization","name":"Grupo Notibras de Comunica\u00e7\u00e3o","url":"https:\/\/www.notibras.com\/site\/","logo":{"@type":"ImageObject","inLanguage":"pt-BR","@id":"https:\/\/www.notibras.com\/site\/#\/schema\/logo\/image\/","url":"https:\/\/www.notibras.com\/site\/wp-content\/uploads\/2023\/01\/notibras23.png","contentUrl":"https:\/\/www.notibras.com\/site\/wp-content\/uploads\/2023\/01\/notibras23.png","width":350,"height":87,"caption":"Grupo Notibras de Comunica\u00e7\u00e3o"},"image":{"@id":"https:\/\/www.notibras.com\/site\/#\/schema\/logo\/image\/"},"sameAs":["https:\/\/www.facebook.com\/notibras\/","https:\/\/x.com\/Notibras","https:\/\/www.instagram.com\/notibras\/"]},{"@type":"Person","@id":"https:\/\/www.notibras.com\/site\/#\/schema\/person\/36ab0979449956132d3e5b517ea76ac8","name":"Reda\u00e7\u00e3o","image":{"@type":"ImageObject","inLanguage":"pt-BR","@id":"https:\/\/secure.gravatar.com\/avatar\/e0a867bdedb85fd243eadf09663511f96fc81e0720a4a42581f334ad4303aa6b?s=96&d=mm&r=g","url":"https:\/\/secure.gravatar.com\/avatar\/e0a867bdedb85fd243eadf09663511f96fc81e0720a4a42581f334ad4303aa6b?s=96&d=mm&r=g","contentUrl":"https:\/\/secure.gravatar.com\/avatar\/e0a867bdedb85fd243eadf09663511f96fc81e0720a4a42581f334ad4303aa6b?s=96&d=mm&r=g","caption":"Reda\u00e7\u00e3o"}}]}},"amp_enabled":true,"_links":{"self":[{"href":"https:\/\/www.notibras.com\/site\/wp-json\/wp\/v2\/posts\/356242","targetHints":{"allow":["GET"]}}],"collection":[{"href":"https:\/\/www.notibras.com\/site\/wp-json\/wp\/v2\/posts"}],"about":[{"href":"https:\/\/www.notibras.com\/site\/wp-json\/wp\/v2\/types\/post"}],"author":[{"embeddable":true,"href":"https:\/\/www.notibras.com\/site\/wp-json\/wp\/v2\/users\/2"}],"replies":[{"embeddable":true,"href":"https:\/\/www.notibras.com\/site\/wp-json\/wp\/v2\/comments?post=356242"}],"version-history":[{"count":4,"href":"https:\/\/www.notibras.com\/site\/wp-json\/wp\/v2\/posts\/356242\/revisions"}],"predecessor-version":[{"id":356247,"href":"https:\/\/www.notibras.com\/site\/wp-json\/wp\/v2\/posts\/356242\/revisions\/356247"}],"wp:featuredmedia":[{"embeddable":true,"href":"https:\/\/www.notibras.com\/site\/wp-json\/wp\/v2\/media\/356243"}],"wp:attachment":[{"href":"https:\/\/www.notibras.com\/site\/wp-json\/wp\/v2\/media?parent=356242"}],"wp:term":[{"taxonomy":"category","embeddable":true,"href":"https:\/\/www.notibras.com\/site\/wp-json\/wp\/v2\/categories?post=356242"},{"taxonomy":"post_tag","embeddable":true,"href":"https:\/\/www.notibras.com\/site\/wp-json\/wp\/v2\/tags?post=356242"}],"curies":[{"name":"wp","href":"https:\/\/api.w.org\/{rel}","templated":true}]}}