{"id":356339,"date":"2025-06-21T20:52:21","date_gmt":"2025-06-21T23:52:21","guid":{"rendered":"https:\/\/www.notibras.com\/site\/?p=356339"},"modified":"2025-06-22T16:44:19","modified_gmt":"2025-06-22T19:44:19","slug":"trump-anuncia-ataque-a-tres-usinas-nucleares-do-ira","status":"publish","type":"post","link":"https:\/\/www.notibras.com\/site\/trump-anuncia-ataque-a-tres-usinas-nucleares-do-ira\/","title":{"rendered":"Trump anuncia ataque a tr\u00eas usinas nucleares do Ir\u00e3"},"content":{"rendered":"<p>O presidente dos Estados Unidos, Donald Trump, publicou em suas redes sociais um an\u00fancio de ataque a tr\u00eas usina nucleares iranianas: Fordow, Natanz e Esfahan. De acordo com ele, os bombardeios foram realizadas por militares norte-americanos, que j\u00e1 estariam fora do espa\u00e7o a\u00e9reo do pa\u00eds. O principal alvo das bombas teria sido a usina de Fordow.<\/p>\n<p>&#8220;Parab\u00e9ns aos nossos grandes guerreiros americanos. N\u00e3o h\u00e1 outro ex\u00e9rcito no mundo que pudesse ter feito isso. Agora \u00e9 a hora de paz!&#8221;, afirmou Trump, que classificou a miss\u00e3o como um grande sucesso.<\/p>\n<p>Mais cedo, neste s\u00e1bado, a For\u00e7as Armadas do I\u00eamen amea\u00e7aram atacar barcos dos Estados Unidos (EUA) que trafeguem no Mar Vermelho caso o governo de Donald Trump decidisse entrar diretamente na guerra entre Israel e Ir\u00e3.<\/p>\n<p>Em comunicado, o porta-voz do Ex\u00e9rcito do I\u00eamen, Yanya Saree, disse que os militares estar\u00e3o de prontid\u00e3o para atacar os navios comerciais e de guerra dos EUA na regi\u00e3o.<\/p>\n<p>\u201cSe os americanos estiverem envolvidos com o inimigo israelense em um ataque contra o Ir\u00e3, as For\u00e7as Armadas do I\u00eamen atacar\u00e3o seus barcos e navios de guerra no Mar Vermelho. As For\u00e7as Armadas est\u00e3o acompanhando, monitorando toda as a\u00e7\u00f5es na regi\u00e3o, incluindo movimentos hostis contra nosso pa\u00eds\u201d, disse Saree em uma rede social.<\/p>\n<p>Ainda neste s\u00e1bado, a ag\u00eancia de not\u00edcias Reuters informou que bombardeiros B-2, capazes de perfurar bunkers (estruturas geralmente subterr\u00e2neas, projetadas para proteger pessoas e equipamentos de ataques militares) deslocam-se para a Ilha de Guam, no Pac\u00edfico, segundo autoridades americanas ouvidas pelo ve\u00edculo.<\/p>\n<p><strong>Conflito<\/strong><br \/>\nAcusando o Ir\u00e3 de estar pr\u00f3ximo de desenvolver uma arma nuclear, Israel lan\u00e7ou um ataque surpresa contra o pa\u00eds no \u00faltimo dia 13, expandindo a guerra no Oriente M\u00e9dio.<\/p>\n<p>O Ir\u00e3 afirma que seu programa nuclear \u00e9 apenas para fins pac\u00edficos e que estava no meio de uma negocia\u00e7\u00e3o com os Estados Unidos para estabelecer acordos que garantissem o cumprimento do Tratado de N\u00e3o Prolifera\u00e7\u00e3o de Armas Nucleares, do qual Ir\u00e3 \u00e9 signat\u00e1rio.<\/p>\n<p>No entanto, a AIEA vinha acusando o Ir\u00e3 de n\u00e3o cumprir todas suas obriga\u00e7\u00f5es, apesar de reconhecer que n\u00e3o tem provas de que o pa\u00eds estaria construindo uma bomba at\u00f4mica. O Ir\u00e3 acusa a ag\u00eancia de agir \u201cpoliticamente motivada\u201d e dirigida pelas pot\u00eancias ocidentais, como EUA, Fran\u00e7a e Gr\u00e3-Bretanha, que t\u00eam apoiado Israel na guerra contra Teer\u00e3.<\/p>\n<p>Em mar\u00e7o, o setor de Intelig\u00eancia dos Estados Unidos afirmou que o Ir\u00e3 n\u00e3o estava construindo armas nucleares, informa\u00e7\u00e3o que agora \u00e9 questionada pelo pr\u00f3prio presidente Donald Trump.<\/p>\n<p>Apesar de Israel n\u00e3o aceitar que o Ir\u00e3 tenha armas nucleares, diversas fontes ao longo da hist\u00f3ria indicaram que o pa\u00eds mant\u00e9m um amplo programa nuclear secreto desde a d\u00e9cada de 1950. Tal projeto teria desenvolvido pelo menos 90 ogivas at\u00f4micas.<\/p>\n","protected":false},"excerpt":{"rendered":"<p>O presidente dos Estados Unidos, Donald Trump, publicou em suas redes sociais um an\u00fancio de ataque a tr\u00eas usina nucleares iranianas: Fordow, Natanz e Esfahan. De acordo com ele, os bombardeios foram realizadas por militares norte-americanos, que j\u00e1 estariam fora do espa\u00e7o a\u00e9reo do pa\u00eds. O principal alvo das bombas teria sido a usina de [&hellip;]<\/p>\n","protected":false},"author":2,"featured_media":356340,"comment_status":"closed","ping_status":"closed","sticky":false,"template":"","format":"standard","meta":{"_acf_changed":false,"footnotes":""},"categories":[159],"tags":[],"class_list":["post-356339","post","type-post","status-publish","format-standard","has-post-thumbnail","hentry","category-apocalipse"],"acf":[],"yoast_head":"<!-- This site is optimized with the Yoast SEO plugin v27.2 - https:\/\/yoast.com\/product\/yoast-seo-wordpress\/ -->\n<title>Trump anuncia ataque a tr\u00eas usinas nucleares do Ir\u00e3 - Notibras<\/title>\n<meta name=\"robots\" content=\"index, follow, max-snippet:-1, max-image-preview:large, max-video-preview:-1\" \/>\n<link rel=\"canonical\" href=\"https:\/\/www.notibras.com\/site\/trump-anuncia-ataque-a-tres-usinas-nucleares-do-ira\/\" \/>\n<meta property=\"og:locale\" content=\"pt_BR\" \/>\n<meta property=\"og:type\" content=\"article\" \/>\n<meta property=\"og:title\" content=\"Trump anuncia ataque a tr\u00eas usinas nucleares do Ir\u00e3 - Notibras\" \/>\n<meta property=\"og:description\" content=\"O presidente dos Estados Unidos, Donald Trump, publicou em suas redes sociais um an\u00fancio de ataque a tr\u00eas usina nucleares iranianas: Fordow, Natanz e Esfahan. De acordo com ele, os bombardeios foram realizadas por militares norte-americanos, que j\u00e1 estariam fora do espa\u00e7o a\u00e9reo do pa\u00eds. O principal alvo das bombas teria sido a usina de [&hellip;]\" \/>\n<meta property=\"og:url\" content=\"https:\/\/www.notibras.com\/site\/trump-anuncia-ataque-a-tres-usinas-nucleares-do-ira\/\" \/>\n<meta property=\"og:site_name\" content=\"Notibras\" \/>\n<meta property=\"article:publisher\" content=\"https:\/\/www.facebook.com\/notibras\/\" \/>\n<meta property=\"article:published_time\" content=\"2025-06-21T23:52:21+00:00\" \/>\n<meta property=\"article:modified_time\" content=\"2025-06-22T19:44:19+00:00\" \/>\n<meta property=\"og:image\" content=\"https:\/\/www.notibras.com\/site\/wp-content\/uploads\/2025\/06\/2025-04-02t203312z_419641593_rc2wpda4g660_rtrmadp_3_usa-trump-tariffs.webp\" \/>\n\t<meta property=\"og:image:width\" content=\"1170\" \/>\n\t<meta property=\"og:image:height\" content=\"700\" \/>\n\t<meta property=\"og:image:type\" content=\"image\/webp\" \/>\n<meta name=\"author\" content=\"Reda\u00e7\u00e3o\" \/>\n<meta name=\"twitter:card\" content=\"summary_large_image\" \/>\n<meta name=\"twitter:creator\" content=\"@Notibras\" \/>\n<meta name=\"twitter:site\" content=\"@Notibras\" \/>\n<meta name=\"twitter:label1\" content=\"Escrito por\" \/>\n\t<meta name=\"twitter:data1\" content=\"Reda\u00e7\u00e3o\" \/>\n\t<meta name=\"twitter:label2\" content=\"Est. tempo de leitura\" \/>\n\t<meta name=\"twitter:data2\" content=\"3 minutos\" \/>\n<script type=\"application\/ld+json\" class=\"yoast-schema-graph\">{\"@context\":\"https:\/\/schema.org\",\"@graph\":[{\"@type\":\"Article\",\"@id\":\"https:\/\/www.notibras.com\/site\/trump-anuncia-ataque-a-tres-usinas-nucleares-do-ira\/#article\",\"isPartOf\":{\"@id\":\"https:\/\/www.notibras.com\/site\/trump-anuncia-ataque-a-tres-usinas-nucleares-do-ira\/\"},\"author\":{\"name\":\"Reda\u00e7\u00e3o\",\"@id\":\"https:\/\/www.notibras.com\/site\/#\/schema\/person\/36ab0979449956132d3e5b517ea76ac8\"},\"headline\":\"Trump anuncia ataque a tr\u00eas usinas nucleares do Ir\u00e3\",\"datePublished\":\"2025-06-21T23:52:21+00:00\",\"dateModified\":\"2025-06-22T19:44:19+00:00\",\"mainEntityOfPage\":{\"@id\":\"https:\/\/www.notibras.com\/site\/trump-anuncia-ataque-a-tres-usinas-nucleares-do-ira\/\"},\"wordCount\":514,\"publisher\":{\"@id\":\"https:\/\/www.notibras.com\/site\/#organization\"},\"image\":{\"@id\":\"https:\/\/www.notibras.com\/site\/trump-anuncia-ataque-a-tres-usinas-nucleares-do-ira\/#primaryimage\"},\"thumbnailUrl\":\"https:\/\/www.notibras.com\/site\/wp-content\/uploads\/2025\/06\/2025-04-02t203312z_419641593_rc2wpda4g660_rtrmadp_3_usa-trump-tariffs.webp\",\"articleSection\":[\"Apocalipse\"],\"inLanguage\":\"pt-BR\"},{\"@type\":\"WebPage\",\"@id\":\"https:\/\/www.notibras.com\/site\/trump-anuncia-ataque-a-tres-usinas-nucleares-do-ira\/\",\"url\":\"https:\/\/www.notibras.com\/site\/trump-anuncia-ataque-a-tres-usinas-nucleares-do-ira\/\",\"name\":\"Trump anuncia ataque a tr\u00eas usinas nucleares do Ir\u00e3 - Notibras\",\"isPartOf\":{\"@id\":\"https:\/\/www.notibras.com\/site\/#website\"},\"primaryImageOfPage\":{\"@id\":\"https:\/\/www.notibras.com\/site\/trump-anuncia-ataque-a-tres-usinas-nucleares-do-ira\/#primaryimage\"},\"image\":{\"@id\":\"https:\/\/www.notibras.com\/site\/trump-anuncia-ataque-a-tres-usinas-nucleares-do-ira\/#primaryimage\"},\"thumbnailUrl\":\"https:\/\/www.notibras.com\/site\/wp-content\/uploads\/2025\/06\/2025-04-02t203312z_419641593_rc2wpda4g660_rtrmadp_3_usa-trump-tariffs.webp\",\"datePublished\":\"2025-06-21T23:52:21+00:00\",\"dateModified\":\"2025-06-22T19:44:19+00:00\",\"breadcrumb\":{\"@id\":\"https:\/\/www.notibras.com\/site\/trump-anuncia-ataque-a-tres-usinas-nucleares-do-ira\/#breadcrumb\"},\"inLanguage\":\"pt-BR\",\"potentialAction\":[{\"@type\":\"ReadAction\",\"target\":[\"https:\/\/www.notibras.com\/site\/trump-anuncia-ataque-a-tres-usinas-nucleares-do-ira\/\"]}]},{\"@type\":\"ImageObject\",\"inLanguage\":\"pt-BR\",\"@id\":\"https:\/\/www.notibras.com\/site\/trump-anuncia-ataque-a-tres-usinas-nucleares-do-ira\/#primaryimage\",\"url\":\"https:\/\/www.notibras.com\/site\/wp-content\/uploads\/2025\/06\/2025-04-02t203312z_419641593_rc2wpda4g660_rtrmadp_3_usa-trump-tariffs.webp\",\"contentUrl\":\"https:\/\/www.notibras.com\/site\/wp-content\/uploads\/2025\/06\/2025-04-02t203312z_419641593_rc2wpda4g660_rtrmadp_3_usa-trump-tariffs.webp\",\"width\":1170,\"height\":700},{\"@type\":\"BreadcrumbList\",\"@id\":\"https:\/\/www.notibras.com\/site\/trump-anuncia-ataque-a-tres-usinas-nucleares-do-ira\/#breadcrumb\",\"itemListElement\":[{\"@type\":\"ListItem\",\"position\":1,\"name\":\"In\u00edcio\",\"item\":\"https:\/\/www.notibras.com\/site\/\"},{\"@type\":\"ListItem\",\"position\":2,\"name\":\"Trump anuncia ataque a tr\u00eas usinas nucleares do Ir\u00e3\"}]},{\"@type\":\"WebSite\",\"@id\":\"https:\/\/www.notibras.com\/site\/#website\",\"url\":\"https:\/\/www.notibras.com\/site\/\",\"name\":\"Notibras\",\"description\":\"Not\u00edcias de Bras\u00edlia, do Brasil e do Mundo\",\"publisher\":{\"@id\":\"https:\/\/www.notibras.com\/site\/#organization\"},\"potentialAction\":[{\"@type\":\"SearchAction\",\"target\":{\"@type\":\"EntryPoint\",\"urlTemplate\":\"https:\/\/www.notibras.com\/site\/?s={search_term_string}\"},\"query-input\":{\"@type\":\"PropertyValueSpecification\",\"valueRequired\":true,\"valueName\":\"search_term_string\"}}],\"inLanguage\":\"pt-BR\"},{\"@type\":\"Organization\",\"@id\":\"https:\/\/www.notibras.com\/site\/#organization\",\"name\":\"Grupo Notibras de Comunica\u00e7\u00e3o\",\"url\":\"https:\/\/www.notibras.com\/site\/\",\"logo\":{\"@type\":\"ImageObject\",\"inLanguage\":\"pt-BR\",\"@id\":\"https:\/\/www.notibras.com\/site\/#\/schema\/logo\/image\/\",\"url\":\"https:\/\/www.notibras.com\/site\/wp-content\/uploads\/2023\/01\/notibras23.png\",\"contentUrl\":\"https:\/\/www.notibras.com\/site\/wp-content\/uploads\/2023\/01\/notibras23.png\",\"width\":350,\"height\":87,\"caption\":\"Grupo Notibras de Comunica\u00e7\u00e3o\"},\"image\":{\"@id\":\"https:\/\/www.notibras.com\/site\/#\/schema\/logo\/image\/\"},\"sameAs\":[\"https:\/\/www.facebook.com\/notibras\/\",\"https:\/\/x.com\/Notibras\",\"https:\/\/www.instagram.com\/notibras\/\"]},{\"@type\":\"Person\",\"@id\":\"https:\/\/www.notibras.com\/site\/#\/schema\/person\/36ab0979449956132d3e5b517ea76ac8\",\"name\":\"Reda\u00e7\u00e3o\",\"image\":{\"@type\":\"ImageObject\",\"inLanguage\":\"pt-BR\",\"@id\":\"https:\/\/secure.gravatar.com\/avatar\/e0a867bdedb85fd243eadf09663511f96fc81e0720a4a42581f334ad4303aa6b?s=96&d=mm&r=g\",\"url\":\"https:\/\/secure.gravatar.com\/avatar\/e0a867bdedb85fd243eadf09663511f96fc81e0720a4a42581f334ad4303aa6b?s=96&d=mm&r=g\",\"contentUrl\":\"https:\/\/secure.gravatar.com\/avatar\/e0a867bdedb85fd243eadf09663511f96fc81e0720a4a42581f334ad4303aa6b?s=96&d=mm&r=g\",\"caption\":\"Reda\u00e7\u00e3o\"}}]}<\/script>\n<!-- \/ Yoast SEO plugin. -->","yoast_head_json":{"title":"Trump anuncia ataque a tr\u00eas usinas nucleares do Ir\u00e3 - Notibras","robots":{"index":"index","follow":"follow","max-snippet":"max-snippet:-1","max-image-preview":"max-image-preview:large","max-video-preview":"max-video-preview:-1"},"canonical":"https:\/\/www.notibras.com\/site\/trump-anuncia-ataque-a-tres-usinas-nucleares-do-ira\/","og_locale":"pt_BR","og_type":"article","og_title":"Trump anuncia ataque a tr\u00eas usinas nucleares do Ir\u00e3 - Notibras","og_description":"O presidente dos Estados Unidos, Donald Trump, publicou em suas redes sociais um an\u00fancio de ataque a tr\u00eas usina nucleares iranianas: Fordow, Natanz e Esfahan. De acordo com ele, os bombardeios foram realizadas por militares norte-americanos, que j\u00e1 estariam fora do espa\u00e7o a\u00e9reo do pa\u00eds. O principal alvo das bombas teria sido a usina de [&hellip;]","og_url":"https:\/\/www.notibras.com\/site\/trump-anuncia-ataque-a-tres-usinas-nucleares-do-ira\/","og_site_name":"Notibras","article_publisher":"https:\/\/www.facebook.com\/notibras\/","article_published_time":"2025-06-21T23:52:21+00:00","article_modified_time":"2025-06-22T19:44:19+00:00","og_image":[{"width":1170,"height":700,"url":"https:\/\/www.notibras.com\/site\/wp-content\/uploads\/2025\/06\/2025-04-02t203312z_419641593_rc2wpda4g660_rtrmadp_3_usa-trump-tariffs.webp","type":"image\/webp"}],"author":"Reda\u00e7\u00e3o","twitter_card":"summary_large_image","twitter_creator":"@Notibras","twitter_site":"@Notibras","twitter_misc":{"Escrito por":"Reda\u00e7\u00e3o","Est. tempo de leitura":"3 minutos"},"schema":{"@context":"https:\/\/schema.org","@graph":[{"@type":"Article","@id":"https:\/\/www.notibras.com\/site\/trump-anuncia-ataque-a-tres-usinas-nucleares-do-ira\/#article","isPartOf":{"@id":"https:\/\/www.notibras.com\/site\/trump-anuncia-ataque-a-tres-usinas-nucleares-do-ira\/"},"author":{"name":"Reda\u00e7\u00e3o","@id":"https:\/\/www.notibras.com\/site\/#\/schema\/person\/36ab0979449956132d3e5b517ea76ac8"},"headline":"Trump anuncia ataque a tr\u00eas usinas nucleares do Ir\u00e3","datePublished":"2025-06-21T23:52:21+00:00","dateModified":"2025-06-22T19:44:19+00:00","mainEntityOfPage":{"@id":"https:\/\/www.notibras.com\/site\/trump-anuncia-ataque-a-tres-usinas-nucleares-do-ira\/"},"wordCount":514,"publisher":{"@id":"https:\/\/www.notibras.com\/site\/#organization"},"image":{"@id":"https:\/\/www.notibras.com\/site\/trump-anuncia-ataque-a-tres-usinas-nucleares-do-ira\/#primaryimage"},"thumbnailUrl":"https:\/\/www.notibras.com\/site\/wp-content\/uploads\/2025\/06\/2025-04-02t203312z_419641593_rc2wpda4g660_rtrmadp_3_usa-trump-tariffs.webp","articleSection":["Apocalipse"],"inLanguage":"pt-BR"},{"@type":"WebPage","@id":"https:\/\/www.notibras.com\/site\/trump-anuncia-ataque-a-tres-usinas-nucleares-do-ira\/","url":"https:\/\/www.notibras.com\/site\/trump-anuncia-ataque-a-tres-usinas-nucleares-do-ira\/","name":"Trump anuncia ataque a tr\u00eas usinas nucleares do Ir\u00e3 - Notibras","isPartOf":{"@id":"https:\/\/www.notibras.com\/site\/#website"},"primaryImageOfPage":{"@id":"https:\/\/www.notibras.com\/site\/trump-anuncia-ataque-a-tres-usinas-nucleares-do-ira\/#primaryimage"},"image":{"@id":"https:\/\/www.notibras.com\/site\/trump-anuncia-ataque-a-tres-usinas-nucleares-do-ira\/#primaryimage"},"thumbnailUrl":"https:\/\/www.notibras.com\/site\/wp-content\/uploads\/2025\/06\/2025-04-02t203312z_419641593_rc2wpda4g660_rtrmadp_3_usa-trump-tariffs.webp","datePublished":"2025-06-21T23:52:21+00:00","dateModified":"2025-06-22T19:44:19+00:00","breadcrumb":{"@id":"https:\/\/www.notibras.com\/site\/trump-anuncia-ataque-a-tres-usinas-nucleares-do-ira\/#breadcrumb"},"inLanguage":"pt-BR","potentialAction":[{"@type":"ReadAction","target":["https:\/\/www.notibras.com\/site\/trump-anuncia-ataque-a-tres-usinas-nucleares-do-ira\/"]}]},{"@type":"ImageObject","inLanguage":"pt-BR","@id":"https:\/\/www.notibras.com\/site\/trump-anuncia-ataque-a-tres-usinas-nucleares-do-ira\/#primaryimage","url":"https:\/\/www.notibras.com\/site\/wp-content\/uploads\/2025\/06\/2025-04-02t203312z_419641593_rc2wpda4g660_rtrmadp_3_usa-trump-tariffs.webp","contentUrl":"https:\/\/www.notibras.com\/site\/wp-content\/uploads\/2025\/06\/2025-04-02t203312z_419641593_rc2wpda4g660_rtrmadp_3_usa-trump-tariffs.webp","width":1170,"height":700},{"@type":"BreadcrumbList","@id":"https:\/\/www.notibras.com\/site\/trump-anuncia-ataque-a-tres-usinas-nucleares-do-ira\/#breadcrumb","itemListElement":[{"@type":"ListItem","position":1,"name":"In\u00edcio","item":"https:\/\/www.notibras.com\/site\/"},{"@type":"ListItem","position":2,"name":"Trump anuncia ataque a tr\u00eas usinas nucleares do Ir\u00e3"}]},{"@type":"WebSite","@id":"https:\/\/www.notibras.com\/site\/#website","url":"https:\/\/www.notibras.com\/site\/","name":"Notibras","description":"Not\u00edcias de Bras\u00edlia, do Brasil e do Mundo","publisher":{"@id":"https:\/\/www.notibras.com\/site\/#organization"},"potentialAction":[{"@type":"SearchAction","target":{"@type":"EntryPoint","urlTemplate":"https:\/\/www.notibras.com\/site\/?s={search_term_string}"},"query-input":{"@type":"PropertyValueSpecification","valueRequired":true,"valueName":"search_term_string"}}],"inLanguage":"pt-BR"},{"@type":"Organization","@id":"https:\/\/www.notibras.com\/site\/#organization","name":"Grupo Notibras de Comunica\u00e7\u00e3o","url":"https:\/\/www.notibras.com\/site\/","logo":{"@type":"ImageObject","inLanguage":"pt-BR","@id":"https:\/\/www.notibras.com\/site\/#\/schema\/logo\/image\/","url":"https:\/\/www.notibras.com\/site\/wp-content\/uploads\/2023\/01\/notibras23.png","contentUrl":"https:\/\/www.notibras.com\/site\/wp-content\/uploads\/2023\/01\/notibras23.png","width":350,"height":87,"caption":"Grupo Notibras de Comunica\u00e7\u00e3o"},"image":{"@id":"https:\/\/www.notibras.com\/site\/#\/schema\/logo\/image\/"},"sameAs":["https:\/\/www.facebook.com\/notibras\/","https:\/\/x.com\/Notibras","https:\/\/www.instagram.com\/notibras\/"]},{"@type":"Person","@id":"https:\/\/www.notibras.com\/site\/#\/schema\/person\/36ab0979449956132d3e5b517ea76ac8","name":"Reda\u00e7\u00e3o","image":{"@type":"ImageObject","inLanguage":"pt-BR","@id":"https:\/\/secure.gravatar.com\/avatar\/e0a867bdedb85fd243eadf09663511f96fc81e0720a4a42581f334ad4303aa6b?s=96&d=mm&r=g","url":"https:\/\/secure.gravatar.com\/avatar\/e0a867bdedb85fd243eadf09663511f96fc81e0720a4a42581f334ad4303aa6b?s=96&d=mm&r=g","contentUrl":"https:\/\/secure.gravatar.com\/avatar\/e0a867bdedb85fd243eadf09663511f96fc81e0720a4a42581f334ad4303aa6b?s=96&d=mm&r=g","caption":"Reda\u00e7\u00e3o"}}]}},"amp_enabled":true,"_links":{"self":[{"href":"https:\/\/www.notibras.com\/site\/wp-json\/wp\/v2\/posts\/356339","targetHints":{"allow":["GET"]}}],"collection":[{"href":"https:\/\/www.notibras.com\/site\/wp-json\/wp\/v2\/posts"}],"about":[{"href":"https:\/\/www.notibras.com\/site\/wp-json\/wp\/v2\/types\/post"}],"author":[{"embeddable":true,"href":"https:\/\/www.notibras.com\/site\/wp-json\/wp\/v2\/users\/2"}],"replies":[{"embeddable":true,"href":"https:\/\/www.notibras.com\/site\/wp-json\/wp\/v2\/comments?post=356339"}],"version-history":[{"count":1,"href":"https:\/\/www.notibras.com\/site\/wp-json\/wp\/v2\/posts\/356339\/revisions"}],"predecessor-version":[{"id":356341,"href":"https:\/\/www.notibras.com\/site\/wp-json\/wp\/v2\/posts\/356339\/revisions\/356341"}],"wp:featuredmedia":[{"embeddable":true,"href":"https:\/\/www.notibras.com\/site\/wp-json\/wp\/v2\/media\/356340"}],"wp:attachment":[{"href":"https:\/\/www.notibras.com\/site\/wp-json\/wp\/v2\/media?parent=356339"}],"wp:term":[{"taxonomy":"category","embeddable":true,"href":"https:\/\/www.notibras.com\/site\/wp-json\/wp\/v2\/categories?post=356339"},{"taxonomy":"post_tag","embeddable":true,"href":"https:\/\/www.notibras.com\/site\/wp-json\/wp\/v2\/tags?post=356339"}],"curies":[{"name":"wp","href":"https:\/\/api.w.org\/{rel}","templated":true}]}}