{"id":35634,"date":"2015-02-01T16:00:40","date_gmt":"2015-02-01T19:00:40","guid":{"rendered":"http:\/\/www.notibras.com\/site\/?p=35634"},"modified":"2015-02-01T19:53:07","modified_gmt":"2015-02-01T22:53:07","slug":"sarney-deixa-politica-atacando-dilma-a-quem-chamou-de-ingrata","status":"publish","type":"post","link":"https:\/\/www.notibras.com\/site\/sarney-deixa-politica-atacando-dilma-a-quem-chamou-de-ingrata\/","title":{"rendered":"Sarney deixa pol\u00edtica atacando Dilma, que chamou de ingrata"},"content":{"rendered":"<p>No dia em que se despediu da pol\u00edtica, o ex-presidente e ex-senador Jos\u00e9 Sarney (PMDB-AP) fez duras cr\u00edticas ao governo Dilma Rousseff em sua coluna publicada semanalmente no jornal &#8220;O Estado do Maranh\u00e3o&#8221;, de propriedade de sua fam\u00edlia.<\/p>\n<p>O alvo principal da cr\u00edtica\u00a0 no artigo publicado neste domingo 1, foi a suspens\u00e3o da constru\u00e7\u00e3o da refinaria Premium 1, cuja obras estavam em andamento em Bacabeira (53 km de S\u00e3o Lu\u00eds).<\/p>\n<p>&#8220;O Maranh\u00e3o recebeu ap\u00e1tico uma decis\u00e3o que \u00e9 uma manifesta\u00e7\u00e3o de discrimina\u00e7\u00e3o, desprezo, ingratid\u00e3o e injusti\u00e7a. Que culpa tem o Maranh\u00e3o pela corrup\u00e7\u00e3o e pela bagun\u00e7a da Petrobras? Pagamos n\u00f3s pela Lava Jato!&#8221;, questionou Sarney, seguindo: &#8220;O Maranh\u00e3o esperou 30 anos por um grande projeto de estrutura de base, para mostrar que o Brasil n\u00e3o pode continuar a ser dois Brasis, um rico e um pobre.&#8221;<\/p>\n<p>Ainda segundo o senador, \u00e9 hora do Estado se unir para que as obras sejam retomadas. Ele defende uma &#8220;luta&#8221; dos nomes maranhenses pela retorno das obras.<\/p>\n<blockquote><p>&#8220;Eu n\u00e3o aceito essa decis\u00e3o de acabar com a refinaria em nossa terra. Falta de dinheiro na Petrobras! Por que n\u00e3o abrir a empresas estrangeiras a constru\u00e7\u00e3o? A\u00ed est\u00e3o capitais chineses, americanos, ingleses, holandeses, sauditas, \u00e1rabes e tantos outros. Posso n\u00e3o estar mais vivo, mas sei que, se mantivermos a luta, classes empresariais, povo, governo, todos unidos, essa decis\u00e3o ser\u00e1 revertida e um dia vamos ver a refinaria do Maranh\u00e3o&#8221;, escreveu.<\/p><\/blockquote>\n<p>Segundo dados de balan\u00e7os da Petrobras, a refinaria Premium 1 j\u00e1 teve investimentos federais, desde 2007, de R$ 1,8 bilh\u00e3o &#8211;em valores n\u00e3o-atualizados monetariamente.<\/p>\n<p>Al\u00e9m da obra no Maranh\u00e3o, a Petrobras tamb\u00e9m anunciou que desistiu da refinaria Premium 2, no Cear\u00e1, que j\u00e1 teve mais de R$ 1 bilh\u00e3o em investimentos.<\/p>\n<p>Em nota, o governo do Maranh\u00e3o &#8211;comandado por Fl\u00e1vio Dino (PCdoB), opositor hist\u00f3rico dos Sarney&#8211; tamb\u00e9m criticou o governo federal e disse est\u00e1 &#8220;pronto a dialogar com a Petrobras para a retomada de investimentos no Maranh\u00e3o, sendo sanados os erros t\u00e9cnicos do projeto original, que n\u00e3o s\u00e3o de responsabilidade do povo maranhense.&#8221;<\/p>\n<p>As cr\u00edticas do ex-senador e aliado da presidente n\u00e3o se restringiram \u00e0 refinaria e chegaram \u00e0 pol\u00edtica econ\u00f4mica de Dilma.<\/p>\n<p>&#8220;Os fundos de participa\u00e7\u00e3o dos Estados s\u00e3o contidos em limites prec\u00e1rios, incapazes de fazer a diferen\u00e7a. N\u00e3o h\u00e1 incentivos efetivos aos empr\u00e9stimos dos bancos de desenvolvimento, como taxas de juro diferenciadas das dos estados ricos. A \u00e1rea econ\u00f4mica do governo \u00e9 indiferente, ou mesmo hostil, a medidas que possam fazer os estados pobres competitivos, capazes de atrair investimentos que normalmente v\u00e3o para os estados ricos&#8221;, alegou Sarney.<\/p>\n","protected":false},"excerpt":{"rendered":"<p>No dia em que se despediu da pol\u00edtica, o ex-presidente e ex-senador Jos\u00e9 Sarney (PMDB-AP) fez duras cr\u00edticas ao governo Dilma Rousseff em sua coluna publicada semanalmente no jornal &#8220;O Estado do Maranh\u00e3o&#8221;, de propriedade de sua fam\u00edlia. O alvo principal da cr\u00edtica\u00a0 no artigo publicado neste domingo 1, foi a suspens\u00e3o da constru\u00e7\u00e3o da [&hellip;]<\/p>\n","protected":false},"author":2,"featured_media":35635,"comment_status":"open","ping_status":"closed","sticky":false,"template":"","format":"standard","meta":{"_acf_changed":false,"footnotes":""},"categories":[16],"tags":[],"class_list":["post-35634","post","type-post","status-publish","format-standard","has-post-thumbnail","hentry","category-brasil"],"acf":[],"yoast_head":"<!-- This site is optimized with the Yoast SEO plugin v27.2 - https:\/\/yoast.com\/product\/yoast-seo-wordpress\/ -->\n<title>Sarney deixa pol\u00edtica atacando Dilma, que chamou de ingrata - Notibras<\/title>\n<meta name=\"robots\" content=\"index, follow, max-snippet:-1, max-image-preview:large, max-video-preview:-1\" \/>\n<link rel=\"canonical\" href=\"https:\/\/www.notibras.com\/site\/sarney-deixa-politica-atacando-dilma-a-quem-chamou-de-ingrata\/\" \/>\n<meta property=\"og:locale\" content=\"pt_BR\" \/>\n<meta property=\"og:type\" content=\"article\" \/>\n<meta property=\"og:title\" content=\"Sarney deixa pol\u00edtica atacando Dilma, que chamou de ingrata - Notibras\" \/>\n<meta property=\"og:description\" content=\"No dia em que se despediu da pol\u00edtica, o ex-presidente e ex-senador Jos\u00e9 Sarney (PMDB-AP) fez duras cr\u00edticas ao governo Dilma Rousseff em sua coluna publicada semanalmente no jornal &#8220;O Estado do Maranh\u00e3o&#8221;, de propriedade de sua fam\u00edlia. O alvo principal da cr\u00edtica\u00a0 no artigo publicado neste domingo 1, foi a suspens\u00e3o da constru\u00e7\u00e3o da [&hellip;]\" \/>\n<meta property=\"og:url\" content=\"https:\/\/www.notibras.com\/site\/sarney-deixa-politica-atacando-dilma-a-quem-chamou-de-ingrata\/\" \/>\n<meta property=\"og:site_name\" content=\"Notibras\" \/>\n<meta property=\"article:publisher\" content=\"https:\/\/www.facebook.com\/notibras\/\" \/>\n<meta property=\"article:published_time\" content=\"2015-02-01T19:00:40+00:00\" \/>\n<meta property=\"article:modified_time\" content=\"2015-02-01T22:53:07+00:00\" \/>\n<meta property=\"og:image\" content=\"https:\/\/www.notibras.com\/site\/wp-content\/uploads\/2015\/02\/sar.jpg\" \/>\n\t<meta property=\"og:image:width\" content=\"300\" \/>\n\t<meta property=\"og:image:height\" content=\"300\" \/>\n\t<meta property=\"og:image:type\" content=\"image\/jpeg\" \/>\n<meta name=\"author\" content=\"Reda\u00e7\u00e3o\" \/>\n<meta name=\"twitter:card\" content=\"summary_large_image\" \/>\n<meta name=\"twitter:creator\" content=\"@Notibras\" \/>\n<meta name=\"twitter:site\" content=\"@Notibras\" \/>\n<meta name=\"twitter:label1\" content=\"Escrito por\" \/>\n\t<meta name=\"twitter:data1\" content=\"Reda\u00e7\u00e3o\" \/>\n\t<meta name=\"twitter:label2\" content=\"Est. tempo de leitura\" \/>\n\t<meta name=\"twitter:data2\" content=\"2 minutos\" \/>\n<script type=\"application\/ld+json\" class=\"yoast-schema-graph\">{\"@context\":\"https:\/\/schema.org\",\"@graph\":[{\"@type\":\"Article\",\"@id\":\"https:\/\/www.notibras.com\/site\/sarney-deixa-politica-atacando-dilma-a-quem-chamou-de-ingrata\/#article\",\"isPartOf\":{\"@id\":\"https:\/\/www.notibras.com\/site\/sarney-deixa-politica-atacando-dilma-a-quem-chamou-de-ingrata\/\"},\"author\":{\"name\":\"Reda\u00e7\u00e3o\",\"@id\":\"https:\/\/www.notibras.com\/site\/#\/schema\/person\/36ab0979449956132d3e5b517ea76ac8\"},\"headline\":\"Sarney deixa pol\u00edtica atacando Dilma, que chamou de ingrata\",\"datePublished\":\"2015-02-01T19:00:40+00:00\",\"dateModified\":\"2015-02-01T22:53:07+00:00\",\"mainEntityOfPage\":{\"@id\":\"https:\/\/www.notibras.com\/site\/sarney-deixa-politica-atacando-dilma-a-quem-chamou-de-ingrata\/\"},\"wordCount\":477,\"commentCount\":0,\"publisher\":{\"@id\":\"https:\/\/www.notibras.com\/site\/#organization\"},\"image\":{\"@id\":\"https:\/\/www.notibras.com\/site\/sarney-deixa-politica-atacando-dilma-a-quem-chamou-de-ingrata\/#primaryimage\"},\"thumbnailUrl\":\"https:\/\/www.notibras.com\/site\/wp-content\/uploads\/2015\/02\/sar.jpg\",\"articleSection\":[\"Brasil\"],\"inLanguage\":\"pt-BR\",\"potentialAction\":[{\"@type\":\"CommentAction\",\"name\":\"Comment\",\"target\":[\"https:\/\/www.notibras.com\/site\/sarney-deixa-politica-atacando-dilma-a-quem-chamou-de-ingrata\/#respond\"]}]},{\"@type\":\"WebPage\",\"@id\":\"https:\/\/www.notibras.com\/site\/sarney-deixa-politica-atacando-dilma-a-quem-chamou-de-ingrata\/\",\"url\":\"https:\/\/www.notibras.com\/site\/sarney-deixa-politica-atacando-dilma-a-quem-chamou-de-ingrata\/\",\"name\":\"Sarney deixa pol\u00edtica atacando Dilma, que chamou de ingrata - Notibras\",\"isPartOf\":{\"@id\":\"https:\/\/www.notibras.com\/site\/#website\"},\"primaryImageOfPage\":{\"@id\":\"https:\/\/www.notibras.com\/site\/sarney-deixa-politica-atacando-dilma-a-quem-chamou-de-ingrata\/#primaryimage\"},\"image\":{\"@id\":\"https:\/\/www.notibras.com\/site\/sarney-deixa-politica-atacando-dilma-a-quem-chamou-de-ingrata\/#primaryimage\"},\"thumbnailUrl\":\"https:\/\/www.notibras.com\/site\/wp-content\/uploads\/2015\/02\/sar.jpg\",\"datePublished\":\"2015-02-01T19:00:40+00:00\",\"dateModified\":\"2015-02-01T22:53:07+00:00\",\"breadcrumb\":{\"@id\":\"https:\/\/www.notibras.com\/site\/sarney-deixa-politica-atacando-dilma-a-quem-chamou-de-ingrata\/#breadcrumb\"},\"inLanguage\":\"pt-BR\",\"potentialAction\":[{\"@type\":\"ReadAction\",\"target\":[\"https:\/\/www.notibras.com\/site\/sarney-deixa-politica-atacando-dilma-a-quem-chamou-de-ingrata\/\"]}]},{\"@type\":\"ImageObject\",\"inLanguage\":\"pt-BR\",\"@id\":\"https:\/\/www.notibras.com\/site\/sarney-deixa-politica-atacando-dilma-a-quem-chamou-de-ingrata\/#primaryimage\",\"url\":\"https:\/\/www.notibras.com\/site\/wp-content\/uploads\/2015\/02\/sar.jpg\",\"contentUrl\":\"https:\/\/www.notibras.com\/site\/wp-content\/uploads\/2015\/02\/sar.jpg\",\"width\":300,\"height\":300},{\"@type\":\"BreadcrumbList\",\"@id\":\"https:\/\/www.notibras.com\/site\/sarney-deixa-politica-atacando-dilma-a-quem-chamou-de-ingrata\/#breadcrumb\",\"itemListElement\":[{\"@type\":\"ListItem\",\"position\":1,\"name\":\"In\u00edcio\",\"item\":\"https:\/\/www.notibras.com\/site\/\"},{\"@type\":\"ListItem\",\"position\":2,\"name\":\"Sarney deixa pol\u00edtica atacando Dilma, que chamou de ingrata\"}]},{\"@type\":\"WebSite\",\"@id\":\"https:\/\/www.notibras.com\/site\/#website\",\"url\":\"https:\/\/www.notibras.com\/site\/\",\"name\":\"Notibras\",\"description\":\"Not\u00edcias de Bras\u00edlia, do Brasil e do Mundo\",\"publisher\":{\"@id\":\"https:\/\/www.notibras.com\/site\/#organization\"},\"potentialAction\":[{\"@type\":\"SearchAction\",\"target\":{\"@type\":\"EntryPoint\",\"urlTemplate\":\"https:\/\/www.notibras.com\/site\/?s={search_term_string}\"},\"query-input\":{\"@type\":\"PropertyValueSpecification\",\"valueRequired\":true,\"valueName\":\"search_term_string\"}}],\"inLanguage\":\"pt-BR\"},{\"@type\":\"Organization\",\"@id\":\"https:\/\/www.notibras.com\/site\/#organization\",\"name\":\"Grupo Notibras de Comunica\u00e7\u00e3o\",\"url\":\"https:\/\/www.notibras.com\/site\/\",\"logo\":{\"@type\":\"ImageObject\",\"inLanguage\":\"pt-BR\",\"@id\":\"https:\/\/www.notibras.com\/site\/#\/schema\/logo\/image\/\",\"url\":\"https:\/\/www.notibras.com\/site\/wp-content\/uploads\/2023\/01\/notibras23.png\",\"contentUrl\":\"https:\/\/www.notibras.com\/site\/wp-content\/uploads\/2023\/01\/notibras23.png\",\"width\":350,\"height\":87,\"caption\":\"Grupo Notibras de Comunica\u00e7\u00e3o\"},\"image\":{\"@id\":\"https:\/\/www.notibras.com\/site\/#\/schema\/logo\/image\/\"},\"sameAs\":[\"https:\/\/www.facebook.com\/notibras\/\",\"https:\/\/x.com\/Notibras\",\"https:\/\/www.instagram.com\/notibras\/\"]},{\"@type\":\"Person\",\"@id\":\"https:\/\/www.notibras.com\/site\/#\/schema\/person\/36ab0979449956132d3e5b517ea76ac8\",\"name\":\"Reda\u00e7\u00e3o\",\"image\":{\"@type\":\"ImageObject\",\"inLanguage\":\"pt-BR\",\"@id\":\"https:\/\/secure.gravatar.com\/avatar\/e0a867bdedb85fd243eadf09663511f96fc81e0720a4a42581f334ad4303aa6b?s=96&d=mm&r=g\",\"url\":\"https:\/\/secure.gravatar.com\/avatar\/e0a867bdedb85fd243eadf09663511f96fc81e0720a4a42581f334ad4303aa6b?s=96&d=mm&r=g\",\"contentUrl\":\"https:\/\/secure.gravatar.com\/avatar\/e0a867bdedb85fd243eadf09663511f96fc81e0720a4a42581f334ad4303aa6b?s=96&d=mm&r=g\",\"caption\":\"Reda\u00e7\u00e3o\"}}]}<\/script>\n<!-- \/ Yoast SEO plugin. -->","yoast_head_json":{"title":"Sarney deixa pol\u00edtica atacando Dilma, que chamou de ingrata - Notibras","robots":{"index":"index","follow":"follow","max-snippet":"max-snippet:-1","max-image-preview":"max-image-preview:large","max-video-preview":"max-video-preview:-1"},"canonical":"https:\/\/www.notibras.com\/site\/sarney-deixa-politica-atacando-dilma-a-quem-chamou-de-ingrata\/","og_locale":"pt_BR","og_type":"article","og_title":"Sarney deixa pol\u00edtica atacando Dilma, que chamou de ingrata - Notibras","og_description":"No dia em que se despediu da pol\u00edtica, o ex-presidente e ex-senador Jos\u00e9 Sarney (PMDB-AP) fez duras cr\u00edticas ao governo Dilma Rousseff em sua coluna publicada semanalmente no jornal &#8220;O Estado do Maranh\u00e3o&#8221;, de propriedade de sua fam\u00edlia. O alvo principal da cr\u00edtica\u00a0 no artigo publicado neste domingo 1, foi a suspens\u00e3o da constru\u00e7\u00e3o da [&hellip;]","og_url":"https:\/\/www.notibras.com\/site\/sarney-deixa-politica-atacando-dilma-a-quem-chamou-de-ingrata\/","og_site_name":"Notibras","article_publisher":"https:\/\/www.facebook.com\/notibras\/","article_published_time":"2015-02-01T19:00:40+00:00","article_modified_time":"2015-02-01T22:53:07+00:00","og_image":[{"width":300,"height":300,"url":"https:\/\/www.notibras.com\/site\/wp-content\/uploads\/2015\/02\/sar.jpg","type":"image\/jpeg"}],"author":"Reda\u00e7\u00e3o","twitter_card":"summary_large_image","twitter_creator":"@Notibras","twitter_site":"@Notibras","twitter_misc":{"Escrito por":"Reda\u00e7\u00e3o","Est. tempo de leitura":"2 minutos"},"schema":{"@context":"https:\/\/schema.org","@graph":[{"@type":"Article","@id":"https:\/\/www.notibras.com\/site\/sarney-deixa-politica-atacando-dilma-a-quem-chamou-de-ingrata\/#article","isPartOf":{"@id":"https:\/\/www.notibras.com\/site\/sarney-deixa-politica-atacando-dilma-a-quem-chamou-de-ingrata\/"},"author":{"name":"Reda\u00e7\u00e3o","@id":"https:\/\/www.notibras.com\/site\/#\/schema\/person\/36ab0979449956132d3e5b517ea76ac8"},"headline":"Sarney deixa pol\u00edtica atacando Dilma, que chamou de ingrata","datePublished":"2015-02-01T19:00:40+00:00","dateModified":"2015-02-01T22:53:07+00:00","mainEntityOfPage":{"@id":"https:\/\/www.notibras.com\/site\/sarney-deixa-politica-atacando-dilma-a-quem-chamou-de-ingrata\/"},"wordCount":477,"commentCount":0,"publisher":{"@id":"https:\/\/www.notibras.com\/site\/#organization"},"image":{"@id":"https:\/\/www.notibras.com\/site\/sarney-deixa-politica-atacando-dilma-a-quem-chamou-de-ingrata\/#primaryimage"},"thumbnailUrl":"https:\/\/www.notibras.com\/site\/wp-content\/uploads\/2015\/02\/sar.jpg","articleSection":["Brasil"],"inLanguage":"pt-BR","potentialAction":[{"@type":"CommentAction","name":"Comment","target":["https:\/\/www.notibras.com\/site\/sarney-deixa-politica-atacando-dilma-a-quem-chamou-de-ingrata\/#respond"]}]},{"@type":"WebPage","@id":"https:\/\/www.notibras.com\/site\/sarney-deixa-politica-atacando-dilma-a-quem-chamou-de-ingrata\/","url":"https:\/\/www.notibras.com\/site\/sarney-deixa-politica-atacando-dilma-a-quem-chamou-de-ingrata\/","name":"Sarney deixa pol\u00edtica atacando Dilma, que chamou de ingrata - Notibras","isPartOf":{"@id":"https:\/\/www.notibras.com\/site\/#website"},"primaryImageOfPage":{"@id":"https:\/\/www.notibras.com\/site\/sarney-deixa-politica-atacando-dilma-a-quem-chamou-de-ingrata\/#primaryimage"},"image":{"@id":"https:\/\/www.notibras.com\/site\/sarney-deixa-politica-atacando-dilma-a-quem-chamou-de-ingrata\/#primaryimage"},"thumbnailUrl":"https:\/\/www.notibras.com\/site\/wp-content\/uploads\/2015\/02\/sar.jpg","datePublished":"2015-02-01T19:00:40+00:00","dateModified":"2015-02-01T22:53:07+00:00","breadcrumb":{"@id":"https:\/\/www.notibras.com\/site\/sarney-deixa-politica-atacando-dilma-a-quem-chamou-de-ingrata\/#breadcrumb"},"inLanguage":"pt-BR","potentialAction":[{"@type":"ReadAction","target":["https:\/\/www.notibras.com\/site\/sarney-deixa-politica-atacando-dilma-a-quem-chamou-de-ingrata\/"]}]},{"@type":"ImageObject","inLanguage":"pt-BR","@id":"https:\/\/www.notibras.com\/site\/sarney-deixa-politica-atacando-dilma-a-quem-chamou-de-ingrata\/#primaryimage","url":"https:\/\/www.notibras.com\/site\/wp-content\/uploads\/2015\/02\/sar.jpg","contentUrl":"https:\/\/www.notibras.com\/site\/wp-content\/uploads\/2015\/02\/sar.jpg","width":300,"height":300},{"@type":"BreadcrumbList","@id":"https:\/\/www.notibras.com\/site\/sarney-deixa-politica-atacando-dilma-a-quem-chamou-de-ingrata\/#breadcrumb","itemListElement":[{"@type":"ListItem","position":1,"name":"In\u00edcio","item":"https:\/\/www.notibras.com\/site\/"},{"@type":"ListItem","position":2,"name":"Sarney deixa pol\u00edtica atacando Dilma, que chamou de ingrata"}]},{"@type":"WebSite","@id":"https:\/\/www.notibras.com\/site\/#website","url":"https:\/\/www.notibras.com\/site\/","name":"Notibras","description":"Not\u00edcias de Bras\u00edlia, do Brasil e do Mundo","publisher":{"@id":"https:\/\/www.notibras.com\/site\/#organization"},"potentialAction":[{"@type":"SearchAction","target":{"@type":"EntryPoint","urlTemplate":"https:\/\/www.notibras.com\/site\/?s={search_term_string}"},"query-input":{"@type":"PropertyValueSpecification","valueRequired":true,"valueName":"search_term_string"}}],"inLanguage":"pt-BR"},{"@type":"Organization","@id":"https:\/\/www.notibras.com\/site\/#organization","name":"Grupo Notibras de Comunica\u00e7\u00e3o","url":"https:\/\/www.notibras.com\/site\/","logo":{"@type":"ImageObject","inLanguage":"pt-BR","@id":"https:\/\/www.notibras.com\/site\/#\/schema\/logo\/image\/","url":"https:\/\/www.notibras.com\/site\/wp-content\/uploads\/2023\/01\/notibras23.png","contentUrl":"https:\/\/www.notibras.com\/site\/wp-content\/uploads\/2023\/01\/notibras23.png","width":350,"height":87,"caption":"Grupo Notibras de Comunica\u00e7\u00e3o"},"image":{"@id":"https:\/\/www.notibras.com\/site\/#\/schema\/logo\/image\/"},"sameAs":["https:\/\/www.facebook.com\/notibras\/","https:\/\/x.com\/Notibras","https:\/\/www.instagram.com\/notibras\/"]},{"@type":"Person","@id":"https:\/\/www.notibras.com\/site\/#\/schema\/person\/36ab0979449956132d3e5b517ea76ac8","name":"Reda\u00e7\u00e3o","image":{"@type":"ImageObject","inLanguage":"pt-BR","@id":"https:\/\/secure.gravatar.com\/avatar\/e0a867bdedb85fd243eadf09663511f96fc81e0720a4a42581f334ad4303aa6b?s=96&d=mm&r=g","url":"https:\/\/secure.gravatar.com\/avatar\/e0a867bdedb85fd243eadf09663511f96fc81e0720a4a42581f334ad4303aa6b?s=96&d=mm&r=g","contentUrl":"https:\/\/secure.gravatar.com\/avatar\/e0a867bdedb85fd243eadf09663511f96fc81e0720a4a42581f334ad4303aa6b?s=96&d=mm&r=g","caption":"Reda\u00e7\u00e3o"}}]}},"amp_enabled":true,"_links":{"self":[{"href":"https:\/\/www.notibras.com\/site\/wp-json\/wp\/v2\/posts\/35634","targetHints":{"allow":["GET"]}}],"collection":[{"href":"https:\/\/www.notibras.com\/site\/wp-json\/wp\/v2\/posts"}],"about":[{"href":"https:\/\/www.notibras.com\/site\/wp-json\/wp\/v2\/types\/post"}],"author":[{"embeddable":true,"href":"https:\/\/www.notibras.com\/site\/wp-json\/wp\/v2\/users\/2"}],"replies":[{"embeddable":true,"href":"https:\/\/www.notibras.com\/site\/wp-json\/wp\/v2\/comments?post=35634"}],"version-history":[{"count":0,"href":"https:\/\/www.notibras.com\/site\/wp-json\/wp\/v2\/posts\/35634\/revisions"}],"wp:featuredmedia":[{"embeddable":true,"href":"https:\/\/www.notibras.com\/site\/wp-json\/wp\/v2\/media\/35635"}],"wp:attachment":[{"href":"https:\/\/www.notibras.com\/site\/wp-json\/wp\/v2\/media?parent=35634"}],"wp:term":[{"taxonomy":"category","embeddable":true,"href":"https:\/\/www.notibras.com\/site\/wp-json\/wp\/v2\/categories?post=35634"},{"taxonomy":"post_tag","embeddable":true,"href":"https:\/\/www.notibras.com\/site\/wp-json\/wp\/v2\/tags?post=35634"}],"curies":[{"name":"wp","href":"https:\/\/api.w.org\/{rel}","templated":true}]}}