{"id":356350,"date":"2025-06-22T01:27:17","date_gmt":"2025-06-22T04:27:17","guid":{"rendered":"https:\/\/www.notibras.com\/site\/?p=356350"},"modified":"2025-06-22T01:27:17","modified_gmt":"2025-06-22T04:27:17","slug":"a-fada-dos-dentes-e-o-mundo-dos-sonhos-da-criancada-nordestina","status":"publish","type":"post","link":"https:\/\/www.notibras.com\/site\/a-fada-dos-dentes-e-o-mundo-dos-sonhos-da-criancada-nordestina\/","title":{"rendered":"A Fada dos Dentes e o mundo dos sonhos da crian\u00e7ada nordestina"},"content":{"rendered":"<p>L\u00e1 pras bandas do sert\u00e3o, onde o sol acorda cedo e o vento canta assovios antigos nas palhas do telhado, h\u00e1 um peda\u00e7o de mundo onde o real e o imaginado andam de m\u00e3os dadas. E \u00e9 nesse terreno de terra batida, entre p\u00e9s descal\u00e7os e sorrisos faltando dentinhos, que vive a mais arretada de todas as fadas: a Fada dos Dentes.<\/p>\n<p>Diferente daquelas fadas de vestido brilhoso que aparecem nos livros importados, a Fada dos Dente do sert\u00e3o veste-se com chita colorida, voa montada num asa-branca feita de esperan\u00e7a e carrega uma sacolinha de pano, bordada pela av\u00f3 de alguma crian\u00e7a que j\u00e1 acreditou nela um dia.<\/p>\n<p>Quando um dente amolece e cai, n\u00e3o tem choro que segure. \u00c9 um sinal de que o menino ou a menina est\u00e1 crescendo \u2014 e crescendo bonito. A crian\u00e7a corre pra mostrar ao pai, \u00e0 m\u00e3e, \u00e0 v\u00f3, ao cachorro e, \u00e0s vezes, at\u00e9 ao p\u00e9 de mandacaru no quintal. Com todo o zelo do mundo, coloca o dentinho debaixo do travesseiro e fecha os olhos com f\u00e9 de quem sabe que m\u00e1gica existe.<\/p>\n<p>E n\u00e3o \u00e9 que existe mesmo?<\/p>\n<p>No sil\u00eancio da noite quente, entre os grilos e o cheiro de terra molhada da chuva que passou, l\u00e1 vem ela: a Fada dos Dentes nordestina. Ela n\u00e3o deixa moeda, porque sabe que por ali moeda compra pouco. Em vez disso, deixa um bilhetinho com cheiro de alfazema, desejando coragem, sa\u00fade e um sonho bonito, desses de voar em jumento alado ou brincar com lampi\u00f5es de vaga-lume.<\/p>\n<p>A fada nordestina n\u00e3o some com o tempo. Crescendo, as crian\u00e7as talvez esque\u00e7am dela por um tempo \u2014 os dentes param de cair, os sonhos ganham outras formas, a vida fica mais corrida. Mas num fim de tarde qualquer, ao ver um menino risonho com banguela no sorriso, a lembran\u00e7a volta. A fada existiu. E, mais que isso, ela ensinou que mesmo no sert\u00e3o seco, a inf\u00e2ncia floresce com do\u00e7ura, poesia e f\u00e9.<\/p>\n","protected":false},"excerpt":{"rendered":"<p>L\u00e1 pras bandas do sert\u00e3o, onde o sol acorda cedo e o vento canta assovios antigos nas palhas do telhado, h\u00e1 um peda\u00e7o de mundo onde o real e o imaginado andam de m\u00e3os dadas. E \u00e9 nesse terreno de terra batida, entre p\u00e9s descal\u00e7os e sorrisos faltando dentinhos, que vive a mais arretada de [&hellip;]<\/p>\n","protected":false},"author":2,"featured_media":356351,"comment_status":"closed","ping_status":"closed","sticky":false,"template":"","format":"standard","meta":{"_acf_changed":false,"footnotes":""},"categories":[165],"tags":[],"class_list":["post-356350","post","type-post","status-publish","format-standard","has-post-thumbnail","hentry","category-nordeste"],"acf":[],"_links":{"self":[{"href":"https:\/\/www.notibras.com\/site\/wp-json\/wp\/v2\/posts\/356350","targetHints":{"allow":["GET"]}}],"collection":[{"href":"https:\/\/www.notibras.com\/site\/wp-json\/wp\/v2\/posts"}],"about":[{"href":"https:\/\/www.notibras.com\/site\/wp-json\/wp\/v2\/types\/post"}],"author":[{"embeddable":true,"href":"https:\/\/www.notibras.com\/site\/wp-json\/wp\/v2\/users\/2"}],"replies":[{"embeddable":true,"href":"https:\/\/www.notibras.com\/site\/wp-json\/wp\/v2\/comments?post=356350"}],"version-history":[{"count":1,"href":"https:\/\/www.notibras.com\/site\/wp-json\/wp\/v2\/posts\/356350\/revisions"}],"predecessor-version":[{"id":356352,"href":"https:\/\/www.notibras.com\/site\/wp-json\/wp\/v2\/posts\/356350\/revisions\/356352"}],"wp:featuredmedia":[{"embeddable":true,"href":"https:\/\/www.notibras.com\/site\/wp-json\/wp\/v2\/media\/356351"}],"wp:attachment":[{"href":"https:\/\/www.notibras.com\/site\/wp-json\/wp\/v2\/media?parent=356350"}],"wp:term":[{"taxonomy":"category","embeddable":true,"href":"https:\/\/www.notibras.com\/site\/wp-json\/wp\/v2\/categories?post=356350"},{"taxonomy":"post_tag","embeddable":true,"href":"https:\/\/www.notibras.com\/site\/wp-json\/wp\/v2\/tags?post=356350"}],"curies":[{"name":"wp","href":"https:\/\/api.w.org\/{rel}","templated":true}]}}