{"id":356353,"date":"2025-06-22T01:33:36","date_gmt":"2025-06-22T04:33:36","guid":{"rendered":"https:\/\/www.notibras.com\/site\/?p=356353"},"modified":"2025-06-22T16:42:47","modified_gmt":"2025-06-22T19:42:47","slug":"ira-precavido-tirou-uranio-de-usinas-e-deixou-saco-vazio-para-trump-queimar","status":"publish","type":"post","link":"https:\/\/www.notibras.com\/site\/ira-precavido-tirou-uranio-de-usinas-e-deixou-saco-vazio-para-trump-queimar\/","title":{"rendered":"Ir\u00e3, precavido, tirou ur\u00e2nio de usinas e deixou saco vazio para Trump queimar"},"content":{"rendered":"<p>O Ir\u00e3 esperava um ataque \u00e0 instala\u00e7\u00e3o nuclear de Fordow, ent\u00e3o ela foi evacuada. N\u00e3o houve danos irrevers\u00edveis \u00e0 instala\u00e7\u00e3o, disse na madrugada deste domingo, 22, (hor\u00e1rio de Bras\u00edlia) Mehdi Mohammadi, conselheiro do presidente do parlamento iraniano.<\/p>\n<p>&#8220;Do ponto de vista do Ir\u00e3, nada surpreendente aconteceu. O Ir\u00e3 esperava ataques a Fordow h\u00e1 v\u00e1rios dias. Esta instala\u00e7\u00e3o nuclear foi evacuada e nenhum dano irrevers\u00edvel foi sofrido durante o ataque de hoje&#8221;, disse Mohammadi no X.<\/p>\n<p>Anteriormente, o presidente dos EUA, Donald Trump, reivindicou a opera\u00e7\u00e3o bem-sucedida do ex\u00e9rcito americano contra as instala\u00e7\u00f5es nucleares do Ir\u00e3.<\/p>\n<p>Mohsen Rezaei, membro do Conselho de Discernimento de Conveni\u00eancia do Ir\u00e3, afirmou anteriormente que o Ir\u00e3 havia transferido todos os seus &#8220;materiais nucleares enriquecidos&#8221; para um local seguro.<\/p>\n","protected":false},"excerpt":{"rendered":"<p>O Ir\u00e3 esperava um ataque \u00e0 instala\u00e7\u00e3o nuclear de Fordow, ent\u00e3o ela foi evacuada. N\u00e3o houve danos irrevers\u00edveis \u00e0 instala\u00e7\u00e3o, disse na madrugada deste domingo, 22, (hor\u00e1rio de Bras\u00edlia) Mehdi Mohammadi, conselheiro do presidente do parlamento iraniano. &#8220;Do ponto de vista do Ir\u00e3, nada surpreendente aconteceu. O Ir\u00e3 esperava ataques a Fordow h\u00e1 v\u00e1rios dias. [&hellip;]<\/p>\n","protected":false},"author":2,"featured_media":356354,"comment_status":"closed","ping_status":"closed","sticky":false,"template":"","format":"standard","meta":{"_acf_changed":false,"footnotes":""},"categories":[159],"tags":[],"class_list":["post-356353","post","type-post","status-publish","format-standard","has-post-thumbnail","hentry","category-apocalipse"],"acf":[],"yoast_head":"<!-- This site is optimized with the Yoast SEO plugin v27.2 - https:\/\/yoast.com\/product\/yoast-seo-wordpress\/ -->\n<title>Ir\u00e3, precavido, tirou ur\u00e2nio de usinas e deixou saco vazio para Trump queimar - Notibras<\/title>\n<meta name=\"robots\" content=\"index, follow, max-snippet:-1, max-image-preview:large, max-video-preview:-1\" \/>\n<link rel=\"canonical\" href=\"https:\/\/www.notibras.com\/site\/ira-precavido-tirou-uranio-de-usinas-e-deixou-saco-vazio-para-trump-queimar\/\" \/>\n<meta property=\"og:locale\" content=\"pt_BR\" \/>\n<meta property=\"og:type\" content=\"article\" \/>\n<meta property=\"og:title\" content=\"Ir\u00e3, precavido, tirou ur\u00e2nio de usinas e deixou saco vazio para Trump queimar - Notibras\" \/>\n<meta property=\"og:description\" content=\"O Ir\u00e3 esperava um ataque \u00e0 instala\u00e7\u00e3o nuclear de Fordow, ent\u00e3o ela foi evacuada. N\u00e3o houve danos irrevers\u00edveis \u00e0 instala\u00e7\u00e3o, disse na madrugada deste domingo, 22, (hor\u00e1rio de Bras\u00edlia) Mehdi Mohammadi, conselheiro do presidente do parlamento iraniano. &#8220;Do ponto de vista do Ir\u00e3, nada surpreendente aconteceu. O Ir\u00e3 esperava ataques a Fordow h\u00e1 v\u00e1rios dias. [&hellip;]\" \/>\n<meta property=\"og:url\" content=\"https:\/\/www.notibras.com\/site\/ira-precavido-tirou-uranio-de-usinas-e-deixou-saco-vazio-para-trump-queimar\/\" \/>\n<meta property=\"og:site_name\" content=\"Notibras\" \/>\n<meta property=\"article:publisher\" content=\"https:\/\/www.facebook.com\/notibras\/\" \/>\n<meta property=\"article:published_time\" content=\"2025-06-22T04:33:36+00:00\" \/>\n<meta property=\"article:modified_time\" content=\"2025-06-22T19:42:47+00:00\" \/>\n<meta property=\"og:image\" content=\"https:\/\/www.notibras.com\/site\/wp-content\/uploads\/2025\/06\/1044745650_0_90_1043_676_1920x0_80_0_0_0a2eb77a6bba056442c598cb9b2b5d49.jpg.webp\" \/>\n\t<meta property=\"og:image:width\" content=\"1920\" \/>\n\t<meta property=\"og:image:height\" content=\"1079\" \/>\n\t<meta property=\"og:image:type\" content=\"image\/webp\" \/>\n<meta name=\"author\" content=\"Reda\u00e7\u00e3o\" \/>\n<meta name=\"twitter:card\" content=\"summary_large_image\" \/>\n<meta name=\"twitter:creator\" content=\"@Notibras\" \/>\n<meta name=\"twitter:site\" content=\"@Notibras\" \/>\n<meta name=\"twitter:label1\" content=\"Escrito por\" \/>\n\t<meta name=\"twitter:data1\" content=\"Reda\u00e7\u00e3o\" \/>\n\t<meta name=\"twitter:label2\" content=\"Est. tempo de leitura\" \/>\n\t<meta name=\"twitter:data2\" content=\"1 minuto\" \/>\n<script type=\"application\/ld+json\" class=\"yoast-schema-graph\">{\"@context\":\"https:\/\/schema.org\",\"@graph\":[{\"@type\":\"Article\",\"@id\":\"https:\/\/www.notibras.com\/site\/ira-precavido-tirou-uranio-de-usinas-e-deixou-saco-vazio-para-trump-queimar\/#article\",\"isPartOf\":{\"@id\":\"https:\/\/www.notibras.com\/site\/ira-precavido-tirou-uranio-de-usinas-e-deixou-saco-vazio-para-trump-queimar\/\"},\"author\":{\"name\":\"Reda\u00e7\u00e3o\",\"@id\":\"https:\/\/www.notibras.com\/site\/#\/schema\/person\/36ab0979449956132d3e5b517ea76ac8\"},\"headline\":\"Ir\u00e3, precavido, tirou ur\u00e2nio de usinas e deixou saco vazio para Trump queimar\",\"datePublished\":\"2025-06-22T04:33:36+00:00\",\"dateModified\":\"2025-06-22T19:42:47+00:00\",\"mainEntityOfPage\":{\"@id\":\"https:\/\/www.notibras.com\/site\/ira-precavido-tirou-uranio-de-usinas-e-deixou-saco-vazio-para-trump-queimar\/\"},\"wordCount\":148,\"publisher\":{\"@id\":\"https:\/\/www.notibras.com\/site\/#organization\"},\"image\":{\"@id\":\"https:\/\/www.notibras.com\/site\/ira-precavido-tirou-uranio-de-usinas-e-deixou-saco-vazio-para-trump-queimar\/#primaryimage\"},\"thumbnailUrl\":\"https:\/\/www.notibras.com\/site\/wp-content\/uploads\/2025\/06\/1044745650_0_90_1043_676_1920x0_80_0_0_0a2eb77a6bba056442c598cb9b2b5d49.jpg.webp\",\"articleSection\":[\"Apocalipse\"],\"inLanguage\":\"pt-BR\"},{\"@type\":\"WebPage\",\"@id\":\"https:\/\/www.notibras.com\/site\/ira-precavido-tirou-uranio-de-usinas-e-deixou-saco-vazio-para-trump-queimar\/\",\"url\":\"https:\/\/www.notibras.com\/site\/ira-precavido-tirou-uranio-de-usinas-e-deixou-saco-vazio-para-trump-queimar\/\",\"name\":\"Ir\u00e3, precavido, tirou ur\u00e2nio de usinas e deixou saco vazio para Trump queimar - Notibras\",\"isPartOf\":{\"@id\":\"https:\/\/www.notibras.com\/site\/#website\"},\"primaryImageOfPage\":{\"@id\":\"https:\/\/www.notibras.com\/site\/ira-precavido-tirou-uranio-de-usinas-e-deixou-saco-vazio-para-trump-queimar\/#primaryimage\"},\"image\":{\"@id\":\"https:\/\/www.notibras.com\/site\/ira-precavido-tirou-uranio-de-usinas-e-deixou-saco-vazio-para-trump-queimar\/#primaryimage\"},\"thumbnailUrl\":\"https:\/\/www.notibras.com\/site\/wp-content\/uploads\/2025\/06\/1044745650_0_90_1043_676_1920x0_80_0_0_0a2eb77a6bba056442c598cb9b2b5d49.jpg.webp\",\"datePublished\":\"2025-06-22T04:33:36+00:00\",\"dateModified\":\"2025-06-22T19:42:47+00:00\",\"breadcrumb\":{\"@id\":\"https:\/\/www.notibras.com\/site\/ira-precavido-tirou-uranio-de-usinas-e-deixou-saco-vazio-para-trump-queimar\/#breadcrumb\"},\"inLanguage\":\"pt-BR\",\"potentialAction\":[{\"@type\":\"ReadAction\",\"target\":[\"https:\/\/www.notibras.com\/site\/ira-precavido-tirou-uranio-de-usinas-e-deixou-saco-vazio-para-trump-queimar\/\"]}]},{\"@type\":\"ImageObject\",\"inLanguage\":\"pt-BR\",\"@id\":\"https:\/\/www.notibras.com\/site\/ira-precavido-tirou-uranio-de-usinas-e-deixou-saco-vazio-para-trump-queimar\/#primaryimage\",\"url\":\"https:\/\/www.notibras.com\/site\/wp-content\/uploads\/2025\/06\/1044745650_0_90_1043_676_1920x0_80_0_0_0a2eb77a6bba056442c598cb9b2b5d49.jpg.webp\",\"contentUrl\":\"https:\/\/www.notibras.com\/site\/wp-content\/uploads\/2025\/06\/1044745650_0_90_1043_676_1920x0_80_0_0_0a2eb77a6bba056442c598cb9b2b5d49.jpg.webp\",\"width\":1920,\"height\":1079},{\"@type\":\"BreadcrumbList\",\"@id\":\"https:\/\/www.notibras.com\/site\/ira-precavido-tirou-uranio-de-usinas-e-deixou-saco-vazio-para-trump-queimar\/#breadcrumb\",\"itemListElement\":[{\"@type\":\"ListItem\",\"position\":1,\"name\":\"In\u00edcio\",\"item\":\"https:\/\/www.notibras.com\/site\/\"},{\"@type\":\"ListItem\",\"position\":2,\"name\":\"Ir\u00e3, precavido, tirou ur\u00e2nio de usinas e deixou saco vazio para Trump queimar\"}]},{\"@type\":\"WebSite\",\"@id\":\"https:\/\/www.notibras.com\/site\/#website\",\"url\":\"https:\/\/www.notibras.com\/site\/\",\"name\":\"Notibras\",\"description\":\"Not\u00edcias de Bras\u00edlia, do Brasil e do Mundo\",\"publisher\":{\"@id\":\"https:\/\/www.notibras.com\/site\/#organization\"},\"potentialAction\":[{\"@type\":\"SearchAction\",\"target\":{\"@type\":\"EntryPoint\",\"urlTemplate\":\"https:\/\/www.notibras.com\/site\/?s={search_term_string}\"},\"query-input\":{\"@type\":\"PropertyValueSpecification\",\"valueRequired\":true,\"valueName\":\"search_term_string\"}}],\"inLanguage\":\"pt-BR\"},{\"@type\":\"Organization\",\"@id\":\"https:\/\/www.notibras.com\/site\/#organization\",\"name\":\"Grupo Notibras de Comunica\u00e7\u00e3o\",\"url\":\"https:\/\/www.notibras.com\/site\/\",\"logo\":{\"@type\":\"ImageObject\",\"inLanguage\":\"pt-BR\",\"@id\":\"https:\/\/www.notibras.com\/site\/#\/schema\/logo\/image\/\",\"url\":\"https:\/\/www.notibras.com\/site\/wp-content\/uploads\/2023\/01\/notibras23.png\",\"contentUrl\":\"https:\/\/www.notibras.com\/site\/wp-content\/uploads\/2023\/01\/notibras23.png\",\"width\":350,\"height\":87,\"caption\":\"Grupo Notibras de Comunica\u00e7\u00e3o\"},\"image\":{\"@id\":\"https:\/\/www.notibras.com\/site\/#\/schema\/logo\/image\/\"},\"sameAs\":[\"https:\/\/www.facebook.com\/notibras\/\",\"https:\/\/x.com\/Notibras\",\"https:\/\/www.instagram.com\/notibras\/\"]},{\"@type\":\"Person\",\"@id\":\"https:\/\/www.notibras.com\/site\/#\/schema\/person\/36ab0979449956132d3e5b517ea76ac8\",\"name\":\"Reda\u00e7\u00e3o\",\"image\":{\"@type\":\"ImageObject\",\"inLanguage\":\"pt-BR\",\"@id\":\"https:\/\/secure.gravatar.com\/avatar\/e0a867bdedb85fd243eadf09663511f96fc81e0720a4a42581f334ad4303aa6b?s=96&d=mm&r=g\",\"url\":\"https:\/\/secure.gravatar.com\/avatar\/e0a867bdedb85fd243eadf09663511f96fc81e0720a4a42581f334ad4303aa6b?s=96&d=mm&r=g\",\"contentUrl\":\"https:\/\/secure.gravatar.com\/avatar\/e0a867bdedb85fd243eadf09663511f96fc81e0720a4a42581f334ad4303aa6b?s=96&d=mm&r=g\",\"caption\":\"Reda\u00e7\u00e3o\"}}]}<\/script>\n<!-- \/ Yoast SEO plugin. -->","yoast_head_json":{"title":"Ir\u00e3, precavido, tirou ur\u00e2nio de usinas e deixou saco vazio para Trump queimar - Notibras","robots":{"index":"index","follow":"follow","max-snippet":"max-snippet:-1","max-image-preview":"max-image-preview:large","max-video-preview":"max-video-preview:-1"},"canonical":"https:\/\/www.notibras.com\/site\/ira-precavido-tirou-uranio-de-usinas-e-deixou-saco-vazio-para-trump-queimar\/","og_locale":"pt_BR","og_type":"article","og_title":"Ir\u00e3, precavido, tirou ur\u00e2nio de usinas e deixou saco vazio para Trump queimar - Notibras","og_description":"O Ir\u00e3 esperava um ataque \u00e0 instala\u00e7\u00e3o nuclear de Fordow, ent\u00e3o ela foi evacuada. N\u00e3o houve danos irrevers\u00edveis \u00e0 instala\u00e7\u00e3o, disse na madrugada deste domingo, 22, (hor\u00e1rio de Bras\u00edlia) Mehdi Mohammadi, conselheiro do presidente do parlamento iraniano. &#8220;Do ponto de vista do Ir\u00e3, nada surpreendente aconteceu. O Ir\u00e3 esperava ataques a Fordow h\u00e1 v\u00e1rios dias. [&hellip;]","og_url":"https:\/\/www.notibras.com\/site\/ira-precavido-tirou-uranio-de-usinas-e-deixou-saco-vazio-para-trump-queimar\/","og_site_name":"Notibras","article_publisher":"https:\/\/www.facebook.com\/notibras\/","article_published_time":"2025-06-22T04:33:36+00:00","article_modified_time":"2025-06-22T19:42:47+00:00","og_image":[{"width":1920,"height":1079,"url":"https:\/\/www.notibras.com\/site\/wp-content\/uploads\/2025\/06\/1044745650_0_90_1043_676_1920x0_80_0_0_0a2eb77a6bba056442c598cb9b2b5d49.jpg.webp","type":"image\/webp"}],"author":"Reda\u00e7\u00e3o","twitter_card":"summary_large_image","twitter_creator":"@Notibras","twitter_site":"@Notibras","twitter_misc":{"Escrito por":"Reda\u00e7\u00e3o","Est. tempo de leitura":"1 minuto"},"schema":{"@context":"https:\/\/schema.org","@graph":[{"@type":"Article","@id":"https:\/\/www.notibras.com\/site\/ira-precavido-tirou-uranio-de-usinas-e-deixou-saco-vazio-para-trump-queimar\/#article","isPartOf":{"@id":"https:\/\/www.notibras.com\/site\/ira-precavido-tirou-uranio-de-usinas-e-deixou-saco-vazio-para-trump-queimar\/"},"author":{"name":"Reda\u00e7\u00e3o","@id":"https:\/\/www.notibras.com\/site\/#\/schema\/person\/36ab0979449956132d3e5b517ea76ac8"},"headline":"Ir\u00e3, precavido, tirou ur\u00e2nio de usinas e deixou saco vazio para Trump queimar","datePublished":"2025-06-22T04:33:36+00:00","dateModified":"2025-06-22T19:42:47+00:00","mainEntityOfPage":{"@id":"https:\/\/www.notibras.com\/site\/ira-precavido-tirou-uranio-de-usinas-e-deixou-saco-vazio-para-trump-queimar\/"},"wordCount":148,"publisher":{"@id":"https:\/\/www.notibras.com\/site\/#organization"},"image":{"@id":"https:\/\/www.notibras.com\/site\/ira-precavido-tirou-uranio-de-usinas-e-deixou-saco-vazio-para-trump-queimar\/#primaryimage"},"thumbnailUrl":"https:\/\/www.notibras.com\/site\/wp-content\/uploads\/2025\/06\/1044745650_0_90_1043_676_1920x0_80_0_0_0a2eb77a6bba056442c598cb9b2b5d49.jpg.webp","articleSection":["Apocalipse"],"inLanguage":"pt-BR"},{"@type":"WebPage","@id":"https:\/\/www.notibras.com\/site\/ira-precavido-tirou-uranio-de-usinas-e-deixou-saco-vazio-para-trump-queimar\/","url":"https:\/\/www.notibras.com\/site\/ira-precavido-tirou-uranio-de-usinas-e-deixou-saco-vazio-para-trump-queimar\/","name":"Ir\u00e3, precavido, tirou ur\u00e2nio de usinas e deixou saco vazio para Trump queimar - Notibras","isPartOf":{"@id":"https:\/\/www.notibras.com\/site\/#website"},"primaryImageOfPage":{"@id":"https:\/\/www.notibras.com\/site\/ira-precavido-tirou-uranio-de-usinas-e-deixou-saco-vazio-para-trump-queimar\/#primaryimage"},"image":{"@id":"https:\/\/www.notibras.com\/site\/ira-precavido-tirou-uranio-de-usinas-e-deixou-saco-vazio-para-trump-queimar\/#primaryimage"},"thumbnailUrl":"https:\/\/www.notibras.com\/site\/wp-content\/uploads\/2025\/06\/1044745650_0_90_1043_676_1920x0_80_0_0_0a2eb77a6bba056442c598cb9b2b5d49.jpg.webp","datePublished":"2025-06-22T04:33:36+00:00","dateModified":"2025-06-22T19:42:47+00:00","breadcrumb":{"@id":"https:\/\/www.notibras.com\/site\/ira-precavido-tirou-uranio-de-usinas-e-deixou-saco-vazio-para-trump-queimar\/#breadcrumb"},"inLanguage":"pt-BR","potentialAction":[{"@type":"ReadAction","target":["https:\/\/www.notibras.com\/site\/ira-precavido-tirou-uranio-de-usinas-e-deixou-saco-vazio-para-trump-queimar\/"]}]},{"@type":"ImageObject","inLanguage":"pt-BR","@id":"https:\/\/www.notibras.com\/site\/ira-precavido-tirou-uranio-de-usinas-e-deixou-saco-vazio-para-trump-queimar\/#primaryimage","url":"https:\/\/www.notibras.com\/site\/wp-content\/uploads\/2025\/06\/1044745650_0_90_1043_676_1920x0_80_0_0_0a2eb77a6bba056442c598cb9b2b5d49.jpg.webp","contentUrl":"https:\/\/www.notibras.com\/site\/wp-content\/uploads\/2025\/06\/1044745650_0_90_1043_676_1920x0_80_0_0_0a2eb77a6bba056442c598cb9b2b5d49.jpg.webp","width":1920,"height":1079},{"@type":"BreadcrumbList","@id":"https:\/\/www.notibras.com\/site\/ira-precavido-tirou-uranio-de-usinas-e-deixou-saco-vazio-para-trump-queimar\/#breadcrumb","itemListElement":[{"@type":"ListItem","position":1,"name":"In\u00edcio","item":"https:\/\/www.notibras.com\/site\/"},{"@type":"ListItem","position":2,"name":"Ir\u00e3, precavido, tirou ur\u00e2nio de usinas e deixou saco vazio para Trump queimar"}]},{"@type":"WebSite","@id":"https:\/\/www.notibras.com\/site\/#website","url":"https:\/\/www.notibras.com\/site\/","name":"Notibras","description":"Not\u00edcias de Bras\u00edlia, do Brasil e do Mundo","publisher":{"@id":"https:\/\/www.notibras.com\/site\/#organization"},"potentialAction":[{"@type":"SearchAction","target":{"@type":"EntryPoint","urlTemplate":"https:\/\/www.notibras.com\/site\/?s={search_term_string}"},"query-input":{"@type":"PropertyValueSpecification","valueRequired":true,"valueName":"search_term_string"}}],"inLanguage":"pt-BR"},{"@type":"Organization","@id":"https:\/\/www.notibras.com\/site\/#organization","name":"Grupo Notibras de Comunica\u00e7\u00e3o","url":"https:\/\/www.notibras.com\/site\/","logo":{"@type":"ImageObject","inLanguage":"pt-BR","@id":"https:\/\/www.notibras.com\/site\/#\/schema\/logo\/image\/","url":"https:\/\/www.notibras.com\/site\/wp-content\/uploads\/2023\/01\/notibras23.png","contentUrl":"https:\/\/www.notibras.com\/site\/wp-content\/uploads\/2023\/01\/notibras23.png","width":350,"height":87,"caption":"Grupo Notibras de Comunica\u00e7\u00e3o"},"image":{"@id":"https:\/\/www.notibras.com\/site\/#\/schema\/logo\/image\/"},"sameAs":["https:\/\/www.facebook.com\/notibras\/","https:\/\/x.com\/Notibras","https:\/\/www.instagram.com\/notibras\/"]},{"@type":"Person","@id":"https:\/\/www.notibras.com\/site\/#\/schema\/person\/36ab0979449956132d3e5b517ea76ac8","name":"Reda\u00e7\u00e3o","image":{"@type":"ImageObject","inLanguage":"pt-BR","@id":"https:\/\/secure.gravatar.com\/avatar\/e0a867bdedb85fd243eadf09663511f96fc81e0720a4a42581f334ad4303aa6b?s=96&d=mm&r=g","url":"https:\/\/secure.gravatar.com\/avatar\/e0a867bdedb85fd243eadf09663511f96fc81e0720a4a42581f334ad4303aa6b?s=96&d=mm&r=g","contentUrl":"https:\/\/secure.gravatar.com\/avatar\/e0a867bdedb85fd243eadf09663511f96fc81e0720a4a42581f334ad4303aa6b?s=96&d=mm&r=g","caption":"Reda\u00e7\u00e3o"}}]}},"amp_enabled":true,"_links":{"self":[{"href":"https:\/\/www.notibras.com\/site\/wp-json\/wp\/v2\/posts\/356353","targetHints":{"allow":["GET"]}}],"collection":[{"href":"https:\/\/www.notibras.com\/site\/wp-json\/wp\/v2\/posts"}],"about":[{"href":"https:\/\/www.notibras.com\/site\/wp-json\/wp\/v2\/types\/post"}],"author":[{"embeddable":true,"href":"https:\/\/www.notibras.com\/site\/wp-json\/wp\/v2\/users\/2"}],"replies":[{"embeddable":true,"href":"https:\/\/www.notibras.com\/site\/wp-json\/wp\/v2\/comments?post=356353"}],"version-history":[{"count":3,"href":"https:\/\/www.notibras.com\/site\/wp-json\/wp\/v2\/posts\/356353\/revisions"}],"predecessor-version":[{"id":356360,"href":"https:\/\/www.notibras.com\/site\/wp-json\/wp\/v2\/posts\/356353\/revisions\/356360"}],"wp:featuredmedia":[{"embeddable":true,"href":"https:\/\/www.notibras.com\/site\/wp-json\/wp\/v2\/media\/356354"}],"wp:attachment":[{"href":"https:\/\/www.notibras.com\/site\/wp-json\/wp\/v2\/media?parent=356353"}],"wp:term":[{"taxonomy":"category","embeddable":true,"href":"https:\/\/www.notibras.com\/site\/wp-json\/wp\/v2\/categories?post=356353"},{"taxonomy":"post_tag","embeddable":true,"href":"https:\/\/www.notibras.com\/site\/wp-json\/wp\/v2\/tags?post=356353"}],"curies":[{"name":"wp","href":"https:\/\/api.w.org\/{rel}","templated":true}]}}