{"id":356364,"date":"2025-06-22T02:57:43","date_gmt":"2025-06-22T05:57:43","guid":{"rendered":"https:\/\/www.notibras.com\/site\/?p=356364"},"modified":"2025-06-22T03:01:31","modified_gmt":"2025-06-22T06:01:31","slug":"empresas-de-energia-e-bombeiros-alertam-para-os-riscos-de-fogueiras-e-baloes","status":"publish","type":"post","link":"https:\/\/www.notibras.com\/site\/empresas-de-energia-e-bombeiros-alertam-para-os-riscos-de-fogueiras-e-baloes\/","title":{"rendered":"Empresas de energia e bombeiros alertam para os riscos de fogueiras e bal\u00f5es"},"content":{"rendered":"<p>Com a chegada das festas juninas e julinas em todo o pa\u00eds, as distribuidoras de energia fazem um alerta \u00e0 popula\u00e7\u00e3o: soltar bal\u00f5es \u00e9 perigoso e ilegal, podendo provocar curto-circuitos, inc\u00eandios e at\u00e9 apag\u00f5es, al\u00e9m de colocar vidas em risco. A pr\u00e1tica \u00e9 considerada crime ambiental, com pena de deten\u00e7\u00e3o e multa, e \u00e9 uma amea\u00e7a real \u00e0 seguran\u00e7a das pessoas e da rede el\u00e9trica.<\/p>\n<p>A Associa\u00e7\u00e3o Brasileira de Distribuidores de Energia El\u00e9trica (Abradee), que representa 42 concession\u00e1rias respons\u00e1veis pelo atendimento a mais de 90 milh\u00f5es de domic\u00edlios brasileiros, refor\u00e7a que a preven\u00e7\u00e3o come\u00e7a com a\u00e7\u00f5es simples e conscientes da popula\u00e7\u00e3o.<\/p>\n<p>Al\u00e9m dos bal\u00f5es, as fogueiras acesas pr\u00f3ximas \u00e0 rede el\u00e9trica tamb\u00e9m podem danificar os cabos e causar acidentes s\u00e9rios, com risco de choques, inc\u00eandios e interrup\u00e7\u00f5es no fornecimento.<\/p>\n<p>O local onde se instala as t\u00edpicas bandeirinhas ou enfeites tamb\u00e9m dever ser escolhido com cautela. Postes ou fios de energia n\u00e3o podem ser usados para este fim.<\/p>\n<p>O major-bombeiro F\u00e1bio Contreiras, destaca que os bal\u00f5es s\u00e3o respons\u00e1veis por in\u00fameros inc\u00eandios nos centros urbanos e nas florestas, causando perdas materiais, destruindo a vegeta\u00e7\u00e3o.<\/p>\n<p>\u201cOs bal\u00f5es tamb\u00e9m representam um grande perigo para a avia\u00e7\u00e3o. O risco de colis\u00e3o ou de suc\u00e7\u00e3o pelas turbinas das aeronaves \u00e9 real. Nessa situa\u00e7\u00e3o, a chance de um acidente a\u00e9reo \u00e9 muito alta\u201d, disse Contreiras.<\/p>\n<p>Segundo o presidente da Abradee, Marcos Madureira, esse per\u00edodo marcado por celebra\u00e7\u00f5es tradicionais tamb\u00e9m \u00e9 momento de aten\u00e7\u00e3o e reflex\u00e3o sobre algumas pr\u00e1ticas que colocam em risco pessoas e a rede el\u00e9trica.<\/p>\n<p>\u201cComportamentos de risco, como soltar bal\u00f5es ou montar fogueiras perto dos postes, podem trazer consequ\u00eancias graves e at\u00e9 irrevers\u00edveis\u201d, destaca Madureira.<\/p>\n","protected":false},"excerpt":{"rendered":"<p>Com a chegada das festas juninas e julinas em todo o pa\u00eds, as distribuidoras de energia fazem um alerta \u00e0 popula\u00e7\u00e3o: soltar bal\u00f5es \u00e9 perigoso e ilegal, podendo provocar curto-circuitos, inc\u00eandios e at\u00e9 apag\u00f5es, al\u00e9m de colocar vidas em risco. A pr\u00e1tica \u00e9 considerada crime ambiental, com pena de deten\u00e7\u00e3o e multa, e \u00e9 uma [&hellip;]<\/p>\n","protected":false},"author":2,"featured_media":356365,"comment_status":"closed","ping_status":"closed","sticky":false,"template":"","format":"standard","meta":{"_acf_changed":false,"footnotes":""},"categories":[165],"tags":[],"class_list":["post-356364","post","type-post","status-publish","format-standard","has-post-thumbnail","hentry","category-nordeste"],"acf":[],"_links":{"self":[{"href":"https:\/\/www.notibras.com\/site\/wp-json\/wp\/v2\/posts\/356364","targetHints":{"allow":["GET"]}}],"collection":[{"href":"https:\/\/www.notibras.com\/site\/wp-json\/wp\/v2\/posts"}],"about":[{"href":"https:\/\/www.notibras.com\/site\/wp-json\/wp\/v2\/types\/post"}],"author":[{"embeddable":true,"href":"https:\/\/www.notibras.com\/site\/wp-json\/wp\/v2\/users\/2"}],"replies":[{"embeddable":true,"href":"https:\/\/www.notibras.com\/site\/wp-json\/wp\/v2\/comments?post=356364"}],"version-history":[{"count":2,"href":"https:\/\/www.notibras.com\/site\/wp-json\/wp\/v2\/posts\/356364\/revisions"}],"predecessor-version":[{"id":356367,"href":"https:\/\/www.notibras.com\/site\/wp-json\/wp\/v2\/posts\/356364\/revisions\/356367"}],"wp:featuredmedia":[{"embeddable":true,"href":"https:\/\/www.notibras.com\/site\/wp-json\/wp\/v2\/media\/356365"}],"wp:attachment":[{"href":"https:\/\/www.notibras.com\/site\/wp-json\/wp\/v2\/media?parent=356364"}],"wp:term":[{"taxonomy":"category","embeddable":true,"href":"https:\/\/www.notibras.com\/site\/wp-json\/wp\/v2\/categories?post=356364"},{"taxonomy":"post_tag","embeddable":true,"href":"https:\/\/www.notibras.com\/site\/wp-json\/wp\/v2\/tags?post=356364"}],"curies":[{"name":"wp","href":"https:\/\/api.w.org\/{rel}","templated":true}]}}