{"id":356370,"date":"2025-06-22T12:01:22","date_gmt":"2025-06-22T15:01:22","guid":{"rendered":"https:\/\/www.notibras.com\/site\/?p=356370"},"modified":"2025-06-22T16:42:14","modified_gmt":"2025-06-22T19:42:14","slug":"ira-discute-com-russos-melhor-resposta-ao-ataque-americano-contra-as-suas-usinas","status":"publish","type":"post","link":"https:\/\/www.notibras.com\/site\/ira-discute-com-russos-melhor-resposta-ao-ataque-americano-contra-as-suas-usinas\/","title":{"rendered":"Ir\u00e3 discute com russos melhor resposta ao ataque americano contra as suas usinas"},"content":{"rendered":"<p>O Ir\u00e3 ter\u00e1 que responder aos ataques dos EUA contra instala\u00e7\u00f5es nucleares iranianas, e far\u00e1 isso pelo tempo que for necess\u00e1rio, disse o Ministro das Rela\u00e7\u00f5es Exteriores do Ir\u00e3, Abbas Araghchi. O diplomata iraniano desembarca na segunda, 23, em Moscou, para discutir com os russos uma melhor resposta.<\/p>\n<p>Os Estados Unidos \u201ctra\u00edram a diplomacia\u201d, disse Araghchi em uma coletiva de imprensa realizada em Istambul (Turquia) neste domingo, 22. Segundo ele, o Ir\u00e3 agora tem o direito de se defender de acordo com a Carta da ONU.<\/p>\n<p>&#8220;O governo dos EUA tem total responsabilidade pelas graves consequ\u00eancias desta agress\u00e3o&#8221;, disse Araghchi. Ele pontuou que ap\u00f3s os ataques dos EUA, o Ir\u00e3 tem menos motivos para confiar no Ocidente e Teer\u00e3 n\u00e3o entende mais com quem deve negociar.<\/p>\n<p>Segundo Araghchi, o Ir\u00e3 est\u00e1 recebendo mensagens dos EUA por v\u00e1rios canais e, se necess\u00e1rio, responder\u00e1 por meio de intermedi\u00e1rios. Teer\u00e3 quer que a Ag\u00eancia Internacional de Energia At\u00f4mica cumpra com seus deveres legais em resposta ao perigoso ataque \u00e0s nossas instala\u00e7\u00f5es nucleares pac\u00edficas.<\/p>\n<p>O chanceler iraniano insiste em que a ONU e a AIEA devem responder \u00e0 clara viola\u00e7\u00e3o do direito internacional pelos Estados Unidos.<\/p>\n","protected":false},"excerpt":{"rendered":"<p>O Ir\u00e3 ter\u00e1 que responder aos ataques dos EUA contra instala\u00e7\u00f5es nucleares iranianas, e far\u00e1 isso pelo tempo que for necess\u00e1rio, disse o Ministro das Rela\u00e7\u00f5es Exteriores do Ir\u00e3, Abbas Araghchi. O diplomata iraniano desembarca na segunda, 23, em Moscou, para discutir com os russos uma melhor resposta. Os Estados Unidos \u201ctra\u00edram a diplomacia\u201d, disse [&hellip;]<\/p>\n","protected":false},"author":2,"featured_media":356371,"comment_status":"closed","ping_status":"closed","sticky":false,"template":"","format":"standard","meta":{"_acf_changed":false,"footnotes":""},"categories":[159],"tags":[95],"class_list":["post-356370","post","type-post","status-publish","format-standard","has-post-thumbnail","hentry","category-apocalipse","tag-capa"],"acf":[],"yoast_head":"<!-- This site is optimized with the Yoast SEO plugin v27.2 - https:\/\/yoast.com\/product\/yoast-seo-wordpress\/ -->\n<title>Ir\u00e3 discute com russos melhor resposta ao ataque americano contra as suas usinas - Notibras<\/title>\n<meta name=\"robots\" content=\"index, follow, max-snippet:-1, max-image-preview:large, max-video-preview:-1\" \/>\n<link rel=\"canonical\" href=\"https:\/\/www.notibras.com\/site\/ira-discute-com-russos-melhor-resposta-ao-ataque-americano-contra-as-suas-usinas\/\" \/>\n<meta property=\"og:locale\" content=\"pt_BR\" \/>\n<meta property=\"og:type\" content=\"article\" \/>\n<meta property=\"og:title\" content=\"Ir\u00e3 discute com russos melhor resposta ao ataque americano contra as suas usinas - Notibras\" \/>\n<meta property=\"og:description\" content=\"O Ir\u00e3 ter\u00e1 que responder aos ataques dos EUA contra instala\u00e7\u00f5es nucleares iranianas, e far\u00e1 isso pelo tempo que for necess\u00e1rio, disse o Ministro das Rela\u00e7\u00f5es Exteriores do Ir\u00e3, Abbas Araghchi. O diplomata iraniano desembarca na segunda, 23, em Moscou, para discutir com os russos uma melhor resposta. Os Estados Unidos \u201ctra\u00edram a diplomacia\u201d, disse [&hellip;]\" \/>\n<meta property=\"og:url\" content=\"https:\/\/www.notibras.com\/site\/ira-discute-com-russos-melhor-resposta-ao-ataque-americano-contra-as-suas-usinas\/\" \/>\n<meta property=\"og:site_name\" content=\"Notibras\" \/>\n<meta property=\"article:publisher\" content=\"https:\/\/www.facebook.com\/notibras\/\" \/>\n<meta property=\"article:published_time\" content=\"2025-06-22T15:01:22+00:00\" \/>\n<meta property=\"article:modified_time\" content=\"2025-06-22T19:42:14+00:00\" \/>\n<meta property=\"og:image\" content=\"https:\/\/www.notibras.com\/site\/wp-content\/uploads\/2025\/06\/1122315947_0_0_3072_1728_1920x0_80_0_0_8f5514a4e40bcc78cc2cbca042532b7d.jpg.webp\" \/>\n\t<meta property=\"og:image:width\" content=\"1920\" \/>\n\t<meta property=\"og:image:height\" content=\"1080\" \/>\n\t<meta property=\"og:image:type\" content=\"image\/webp\" \/>\n<meta name=\"author\" content=\"Reda\u00e7\u00e3o\" \/>\n<meta name=\"twitter:card\" content=\"summary_large_image\" \/>\n<meta name=\"twitter:creator\" content=\"@Notibras\" \/>\n<meta name=\"twitter:site\" content=\"@Notibras\" \/>\n<meta name=\"twitter:label1\" content=\"Escrito por\" \/>\n\t<meta name=\"twitter:data1\" content=\"Reda\u00e7\u00e3o\" \/>\n\t<meta name=\"twitter:label2\" content=\"Est. tempo de leitura\" \/>\n\t<meta name=\"twitter:data2\" content=\"2 minutos\" \/>\n<script type=\"application\/ld+json\" class=\"yoast-schema-graph\">{\"@context\":\"https:\/\/schema.org\",\"@graph\":[{\"@type\":\"Article\",\"@id\":\"https:\/\/www.notibras.com\/site\/ira-discute-com-russos-melhor-resposta-ao-ataque-americano-contra-as-suas-usinas\/#article\",\"isPartOf\":{\"@id\":\"https:\/\/www.notibras.com\/site\/ira-discute-com-russos-melhor-resposta-ao-ataque-americano-contra-as-suas-usinas\/\"},\"author\":{\"name\":\"Reda\u00e7\u00e3o\",\"@id\":\"https:\/\/www.notibras.com\/site\/#\/schema\/person\/36ab0979449956132d3e5b517ea76ac8\"},\"headline\":\"Ir\u00e3 discute com russos melhor resposta ao ataque americano contra as suas usinas\",\"datePublished\":\"2025-06-22T15:01:22+00:00\",\"dateModified\":\"2025-06-22T19:42:14+00:00\",\"mainEntityOfPage\":{\"@id\":\"https:\/\/www.notibras.com\/site\/ira-discute-com-russos-melhor-resposta-ao-ataque-americano-contra-as-suas-usinas\/\"},\"wordCount\":218,\"publisher\":{\"@id\":\"https:\/\/www.notibras.com\/site\/#organization\"},\"image\":{\"@id\":\"https:\/\/www.notibras.com\/site\/ira-discute-com-russos-melhor-resposta-ao-ataque-americano-contra-as-suas-usinas\/#primaryimage\"},\"thumbnailUrl\":\"https:\/\/www.notibras.com\/site\/wp-content\/uploads\/2025\/06\/1122315947_0_0_3072_1728_1920x0_80_0_0_8f5514a4e40bcc78cc2cbca042532b7d.jpg.webp\",\"keywords\":[\"capa\"],\"articleSection\":[\"Apocalipse\"],\"inLanguage\":\"pt-BR\"},{\"@type\":\"WebPage\",\"@id\":\"https:\/\/www.notibras.com\/site\/ira-discute-com-russos-melhor-resposta-ao-ataque-americano-contra-as-suas-usinas\/\",\"url\":\"https:\/\/www.notibras.com\/site\/ira-discute-com-russos-melhor-resposta-ao-ataque-americano-contra-as-suas-usinas\/\",\"name\":\"Ir\u00e3 discute com russos melhor resposta ao ataque americano contra as suas usinas - Notibras\",\"isPartOf\":{\"@id\":\"https:\/\/www.notibras.com\/site\/#website\"},\"primaryImageOfPage\":{\"@id\":\"https:\/\/www.notibras.com\/site\/ira-discute-com-russos-melhor-resposta-ao-ataque-americano-contra-as-suas-usinas\/#primaryimage\"},\"image\":{\"@id\":\"https:\/\/www.notibras.com\/site\/ira-discute-com-russos-melhor-resposta-ao-ataque-americano-contra-as-suas-usinas\/#primaryimage\"},\"thumbnailUrl\":\"https:\/\/www.notibras.com\/site\/wp-content\/uploads\/2025\/06\/1122315947_0_0_3072_1728_1920x0_80_0_0_8f5514a4e40bcc78cc2cbca042532b7d.jpg.webp\",\"datePublished\":\"2025-06-22T15:01:22+00:00\",\"dateModified\":\"2025-06-22T19:42:14+00:00\",\"breadcrumb\":{\"@id\":\"https:\/\/www.notibras.com\/site\/ira-discute-com-russos-melhor-resposta-ao-ataque-americano-contra-as-suas-usinas\/#breadcrumb\"},\"inLanguage\":\"pt-BR\",\"potentialAction\":[{\"@type\":\"ReadAction\",\"target\":[\"https:\/\/www.notibras.com\/site\/ira-discute-com-russos-melhor-resposta-ao-ataque-americano-contra-as-suas-usinas\/\"]}]},{\"@type\":\"ImageObject\",\"inLanguage\":\"pt-BR\",\"@id\":\"https:\/\/www.notibras.com\/site\/ira-discute-com-russos-melhor-resposta-ao-ataque-americano-contra-as-suas-usinas\/#primaryimage\",\"url\":\"https:\/\/www.notibras.com\/site\/wp-content\/uploads\/2025\/06\/1122315947_0_0_3072_1728_1920x0_80_0_0_8f5514a4e40bcc78cc2cbca042532b7d.jpg.webp\",\"contentUrl\":\"https:\/\/www.notibras.com\/site\/wp-content\/uploads\/2025\/06\/1122315947_0_0_3072_1728_1920x0_80_0_0_8f5514a4e40bcc78cc2cbca042532b7d.jpg.webp\",\"width\":1920,\"height\":1080},{\"@type\":\"BreadcrumbList\",\"@id\":\"https:\/\/www.notibras.com\/site\/ira-discute-com-russos-melhor-resposta-ao-ataque-americano-contra-as-suas-usinas\/#breadcrumb\",\"itemListElement\":[{\"@type\":\"ListItem\",\"position\":1,\"name\":\"In\u00edcio\",\"item\":\"https:\/\/www.notibras.com\/site\/\"},{\"@type\":\"ListItem\",\"position\":2,\"name\":\"Ir\u00e3 discute com russos melhor resposta ao ataque americano contra as suas usinas\"}]},{\"@type\":\"WebSite\",\"@id\":\"https:\/\/www.notibras.com\/site\/#website\",\"url\":\"https:\/\/www.notibras.com\/site\/\",\"name\":\"Notibras\",\"description\":\"Not\u00edcias de Bras\u00edlia, do Brasil e do Mundo\",\"publisher\":{\"@id\":\"https:\/\/www.notibras.com\/site\/#organization\"},\"potentialAction\":[{\"@type\":\"SearchAction\",\"target\":{\"@type\":\"EntryPoint\",\"urlTemplate\":\"https:\/\/www.notibras.com\/site\/?s={search_term_string}\"},\"query-input\":{\"@type\":\"PropertyValueSpecification\",\"valueRequired\":true,\"valueName\":\"search_term_string\"}}],\"inLanguage\":\"pt-BR\"},{\"@type\":\"Organization\",\"@id\":\"https:\/\/www.notibras.com\/site\/#organization\",\"name\":\"Grupo Notibras de Comunica\u00e7\u00e3o\",\"url\":\"https:\/\/www.notibras.com\/site\/\",\"logo\":{\"@type\":\"ImageObject\",\"inLanguage\":\"pt-BR\",\"@id\":\"https:\/\/www.notibras.com\/site\/#\/schema\/logo\/image\/\",\"url\":\"https:\/\/www.notibras.com\/site\/wp-content\/uploads\/2023\/01\/notibras23.png\",\"contentUrl\":\"https:\/\/www.notibras.com\/site\/wp-content\/uploads\/2023\/01\/notibras23.png\",\"width\":350,\"height\":87,\"caption\":\"Grupo Notibras de Comunica\u00e7\u00e3o\"},\"image\":{\"@id\":\"https:\/\/www.notibras.com\/site\/#\/schema\/logo\/image\/\"},\"sameAs\":[\"https:\/\/www.facebook.com\/notibras\/\",\"https:\/\/x.com\/Notibras\",\"https:\/\/www.instagram.com\/notibras\/\"]},{\"@type\":\"Person\",\"@id\":\"https:\/\/www.notibras.com\/site\/#\/schema\/person\/36ab0979449956132d3e5b517ea76ac8\",\"name\":\"Reda\u00e7\u00e3o\",\"image\":{\"@type\":\"ImageObject\",\"inLanguage\":\"pt-BR\",\"@id\":\"https:\/\/secure.gravatar.com\/avatar\/e0a867bdedb85fd243eadf09663511f96fc81e0720a4a42581f334ad4303aa6b?s=96&d=mm&r=g\",\"url\":\"https:\/\/secure.gravatar.com\/avatar\/e0a867bdedb85fd243eadf09663511f96fc81e0720a4a42581f334ad4303aa6b?s=96&d=mm&r=g\",\"contentUrl\":\"https:\/\/secure.gravatar.com\/avatar\/e0a867bdedb85fd243eadf09663511f96fc81e0720a4a42581f334ad4303aa6b?s=96&d=mm&r=g\",\"caption\":\"Reda\u00e7\u00e3o\"}}]}<\/script>\n<!-- \/ Yoast SEO plugin. -->","yoast_head_json":{"title":"Ir\u00e3 discute com russos melhor resposta ao ataque americano contra as suas usinas - Notibras","robots":{"index":"index","follow":"follow","max-snippet":"max-snippet:-1","max-image-preview":"max-image-preview:large","max-video-preview":"max-video-preview:-1"},"canonical":"https:\/\/www.notibras.com\/site\/ira-discute-com-russos-melhor-resposta-ao-ataque-americano-contra-as-suas-usinas\/","og_locale":"pt_BR","og_type":"article","og_title":"Ir\u00e3 discute com russos melhor resposta ao ataque americano contra as suas usinas - Notibras","og_description":"O Ir\u00e3 ter\u00e1 que responder aos ataques dos EUA contra instala\u00e7\u00f5es nucleares iranianas, e far\u00e1 isso pelo tempo que for necess\u00e1rio, disse o Ministro das Rela\u00e7\u00f5es Exteriores do Ir\u00e3, Abbas Araghchi. O diplomata iraniano desembarca na segunda, 23, em Moscou, para discutir com os russos uma melhor resposta. Os Estados Unidos \u201ctra\u00edram a diplomacia\u201d, disse [&hellip;]","og_url":"https:\/\/www.notibras.com\/site\/ira-discute-com-russos-melhor-resposta-ao-ataque-americano-contra-as-suas-usinas\/","og_site_name":"Notibras","article_publisher":"https:\/\/www.facebook.com\/notibras\/","article_published_time":"2025-06-22T15:01:22+00:00","article_modified_time":"2025-06-22T19:42:14+00:00","og_image":[{"width":1920,"height":1080,"url":"https:\/\/www.notibras.com\/site\/wp-content\/uploads\/2025\/06\/1122315947_0_0_3072_1728_1920x0_80_0_0_8f5514a4e40bcc78cc2cbca042532b7d.jpg.webp","type":"image\/webp"}],"author":"Reda\u00e7\u00e3o","twitter_card":"summary_large_image","twitter_creator":"@Notibras","twitter_site":"@Notibras","twitter_misc":{"Escrito por":"Reda\u00e7\u00e3o","Est. tempo de leitura":"2 minutos"},"schema":{"@context":"https:\/\/schema.org","@graph":[{"@type":"Article","@id":"https:\/\/www.notibras.com\/site\/ira-discute-com-russos-melhor-resposta-ao-ataque-americano-contra-as-suas-usinas\/#article","isPartOf":{"@id":"https:\/\/www.notibras.com\/site\/ira-discute-com-russos-melhor-resposta-ao-ataque-americano-contra-as-suas-usinas\/"},"author":{"name":"Reda\u00e7\u00e3o","@id":"https:\/\/www.notibras.com\/site\/#\/schema\/person\/36ab0979449956132d3e5b517ea76ac8"},"headline":"Ir\u00e3 discute com russos melhor resposta ao ataque americano contra as suas usinas","datePublished":"2025-06-22T15:01:22+00:00","dateModified":"2025-06-22T19:42:14+00:00","mainEntityOfPage":{"@id":"https:\/\/www.notibras.com\/site\/ira-discute-com-russos-melhor-resposta-ao-ataque-americano-contra-as-suas-usinas\/"},"wordCount":218,"publisher":{"@id":"https:\/\/www.notibras.com\/site\/#organization"},"image":{"@id":"https:\/\/www.notibras.com\/site\/ira-discute-com-russos-melhor-resposta-ao-ataque-americano-contra-as-suas-usinas\/#primaryimage"},"thumbnailUrl":"https:\/\/www.notibras.com\/site\/wp-content\/uploads\/2025\/06\/1122315947_0_0_3072_1728_1920x0_80_0_0_8f5514a4e40bcc78cc2cbca042532b7d.jpg.webp","keywords":["capa"],"articleSection":["Apocalipse"],"inLanguage":"pt-BR"},{"@type":"WebPage","@id":"https:\/\/www.notibras.com\/site\/ira-discute-com-russos-melhor-resposta-ao-ataque-americano-contra-as-suas-usinas\/","url":"https:\/\/www.notibras.com\/site\/ira-discute-com-russos-melhor-resposta-ao-ataque-americano-contra-as-suas-usinas\/","name":"Ir\u00e3 discute com russos melhor resposta ao ataque americano contra as suas usinas - Notibras","isPartOf":{"@id":"https:\/\/www.notibras.com\/site\/#website"},"primaryImageOfPage":{"@id":"https:\/\/www.notibras.com\/site\/ira-discute-com-russos-melhor-resposta-ao-ataque-americano-contra-as-suas-usinas\/#primaryimage"},"image":{"@id":"https:\/\/www.notibras.com\/site\/ira-discute-com-russos-melhor-resposta-ao-ataque-americano-contra-as-suas-usinas\/#primaryimage"},"thumbnailUrl":"https:\/\/www.notibras.com\/site\/wp-content\/uploads\/2025\/06\/1122315947_0_0_3072_1728_1920x0_80_0_0_8f5514a4e40bcc78cc2cbca042532b7d.jpg.webp","datePublished":"2025-06-22T15:01:22+00:00","dateModified":"2025-06-22T19:42:14+00:00","breadcrumb":{"@id":"https:\/\/www.notibras.com\/site\/ira-discute-com-russos-melhor-resposta-ao-ataque-americano-contra-as-suas-usinas\/#breadcrumb"},"inLanguage":"pt-BR","potentialAction":[{"@type":"ReadAction","target":["https:\/\/www.notibras.com\/site\/ira-discute-com-russos-melhor-resposta-ao-ataque-americano-contra-as-suas-usinas\/"]}]},{"@type":"ImageObject","inLanguage":"pt-BR","@id":"https:\/\/www.notibras.com\/site\/ira-discute-com-russos-melhor-resposta-ao-ataque-americano-contra-as-suas-usinas\/#primaryimage","url":"https:\/\/www.notibras.com\/site\/wp-content\/uploads\/2025\/06\/1122315947_0_0_3072_1728_1920x0_80_0_0_8f5514a4e40bcc78cc2cbca042532b7d.jpg.webp","contentUrl":"https:\/\/www.notibras.com\/site\/wp-content\/uploads\/2025\/06\/1122315947_0_0_3072_1728_1920x0_80_0_0_8f5514a4e40bcc78cc2cbca042532b7d.jpg.webp","width":1920,"height":1080},{"@type":"BreadcrumbList","@id":"https:\/\/www.notibras.com\/site\/ira-discute-com-russos-melhor-resposta-ao-ataque-americano-contra-as-suas-usinas\/#breadcrumb","itemListElement":[{"@type":"ListItem","position":1,"name":"In\u00edcio","item":"https:\/\/www.notibras.com\/site\/"},{"@type":"ListItem","position":2,"name":"Ir\u00e3 discute com russos melhor resposta ao ataque americano contra as suas usinas"}]},{"@type":"WebSite","@id":"https:\/\/www.notibras.com\/site\/#website","url":"https:\/\/www.notibras.com\/site\/","name":"Notibras","description":"Not\u00edcias de Bras\u00edlia, do Brasil e do Mundo","publisher":{"@id":"https:\/\/www.notibras.com\/site\/#organization"},"potentialAction":[{"@type":"SearchAction","target":{"@type":"EntryPoint","urlTemplate":"https:\/\/www.notibras.com\/site\/?s={search_term_string}"},"query-input":{"@type":"PropertyValueSpecification","valueRequired":true,"valueName":"search_term_string"}}],"inLanguage":"pt-BR"},{"@type":"Organization","@id":"https:\/\/www.notibras.com\/site\/#organization","name":"Grupo Notibras de Comunica\u00e7\u00e3o","url":"https:\/\/www.notibras.com\/site\/","logo":{"@type":"ImageObject","inLanguage":"pt-BR","@id":"https:\/\/www.notibras.com\/site\/#\/schema\/logo\/image\/","url":"https:\/\/www.notibras.com\/site\/wp-content\/uploads\/2023\/01\/notibras23.png","contentUrl":"https:\/\/www.notibras.com\/site\/wp-content\/uploads\/2023\/01\/notibras23.png","width":350,"height":87,"caption":"Grupo Notibras de Comunica\u00e7\u00e3o"},"image":{"@id":"https:\/\/www.notibras.com\/site\/#\/schema\/logo\/image\/"},"sameAs":["https:\/\/www.facebook.com\/notibras\/","https:\/\/x.com\/Notibras","https:\/\/www.instagram.com\/notibras\/"]},{"@type":"Person","@id":"https:\/\/www.notibras.com\/site\/#\/schema\/person\/36ab0979449956132d3e5b517ea76ac8","name":"Reda\u00e7\u00e3o","image":{"@type":"ImageObject","inLanguage":"pt-BR","@id":"https:\/\/secure.gravatar.com\/avatar\/e0a867bdedb85fd243eadf09663511f96fc81e0720a4a42581f334ad4303aa6b?s=96&d=mm&r=g","url":"https:\/\/secure.gravatar.com\/avatar\/e0a867bdedb85fd243eadf09663511f96fc81e0720a4a42581f334ad4303aa6b?s=96&d=mm&r=g","contentUrl":"https:\/\/secure.gravatar.com\/avatar\/e0a867bdedb85fd243eadf09663511f96fc81e0720a4a42581f334ad4303aa6b?s=96&d=mm&r=g","caption":"Reda\u00e7\u00e3o"}}]}},"amp_enabled":true,"_links":{"self":[{"href":"https:\/\/www.notibras.com\/site\/wp-json\/wp\/v2\/posts\/356370","targetHints":{"allow":["GET"]}}],"collection":[{"href":"https:\/\/www.notibras.com\/site\/wp-json\/wp\/v2\/posts"}],"about":[{"href":"https:\/\/www.notibras.com\/site\/wp-json\/wp\/v2\/types\/post"}],"author":[{"embeddable":true,"href":"https:\/\/www.notibras.com\/site\/wp-json\/wp\/v2\/users\/2"}],"replies":[{"embeddable":true,"href":"https:\/\/www.notibras.com\/site\/wp-json\/wp\/v2\/comments?post=356370"}],"version-history":[{"count":1,"href":"https:\/\/www.notibras.com\/site\/wp-json\/wp\/v2\/posts\/356370\/revisions"}],"predecessor-version":[{"id":356372,"href":"https:\/\/www.notibras.com\/site\/wp-json\/wp\/v2\/posts\/356370\/revisions\/356372"}],"wp:featuredmedia":[{"embeddable":true,"href":"https:\/\/www.notibras.com\/site\/wp-json\/wp\/v2\/media\/356371"}],"wp:attachment":[{"href":"https:\/\/www.notibras.com\/site\/wp-json\/wp\/v2\/media?parent=356370"}],"wp:term":[{"taxonomy":"category","embeddable":true,"href":"https:\/\/www.notibras.com\/site\/wp-json\/wp\/v2\/categories?post=356370"},{"taxonomy":"post_tag","embeddable":true,"href":"https:\/\/www.notibras.com\/site\/wp-json\/wp\/v2\/tags?post=356370"}],"curies":[{"name":"wp","href":"https:\/\/api.w.org\/{rel}","templated":true}]}}