{"id":356373,"date":"2025-06-22T13:33:19","date_gmt":"2025-06-22T16:33:19","guid":{"rendered":"https:\/\/www.notibras.com\/site\/?p=356373"},"modified":"2025-06-22T18:54:26","modified_gmt":"2025-06-22T21:54:26","slug":"brasil-condena-ataques-de-israel-e-eua-a-instalacoes-no-ira-e-teme-escalada-militar","status":"publish","type":"post","link":"https:\/\/www.notibras.com\/site\/brasil-condena-ataques-de-israel-e-eua-a-instalacoes-no-ira-e-teme-escalada-militar\/","title":{"rendered":"Brasil condena ataques de Israel e EUA a instala\u00e7\u00f5es no Ir\u00e3 e teme escalada militar"},"content":{"rendered":"<p>O governo brasileiro v\u00ea com grave preocupa\u00e7\u00e3o a escalada militar no Oriente M\u00e9dio e condena &#8220;com veem\u00eancia&#8221; ataques militares de Israel e, mais recentemente, dos Estados Unidos, contra instala\u00e7\u00f5es nucleares, &#8220;em viola\u00e7\u00e3o da soberania do Ir\u00e3 e do direito internacional&#8221;, informou, em nota, o Minist\u00e9rio das Rela\u00e7\u00f5es Exteriores na tarde deste domingo (22).<\/p>\n<p>&#8220;Qualquer ataque armado a instala\u00e7\u00f5es nucleares representa flagrante transgress\u00e3o da Carta das Na\u00e7\u00f5es Unidas e de normas da Ag\u00eancia Internacional de Energia At\u00f4mica. A\u00e7\u00f5es armadas contra instala\u00e7\u00f5es nucleares representam uma grave amea\u00e7a \u00e0 vida e \u00e0 sa\u00fade de popula\u00e7\u00f5es civis, ao exp\u00f4-las ao risco de contamina\u00e7\u00e3o radioativa e a desastres ambientais de larga escala&#8221;, diz comunicado do Itamaraty.<\/p>\n<p>Ainda segundo a nota, o governo brasileiro reitera sua posi\u00e7\u00e3o hist\u00f3rica em favor do uso exclusivo da energia nuclear para fins pac\u00edficos e rejeita &#8220;com firmeza&#8221; qualquer forma de prolifera\u00e7\u00e3o nuclear, especialmente em regi\u00f5es marcadas por instabilidade geopol\u00edtica, como o Oriente M\u00e9dio.<\/p>\n<p>O Itamaraty acrescenta que o Brasil tamb\u00e9m repudia ataques rec\u00edprocos contra \u00e1reas densamente povoadas, que t\u00eam provocado crescente n\u00famero de v\u00edtimas e danos a infraestrutura civis, incluindo instala\u00e7\u00f5es hospitalares, que s\u00e3o especialmente protegidas pelo direito internacional humanit\u00e1rio.<\/p>\n<p>&#8220;Ao reiterar sua exorta\u00e7\u00e3o ao exerc\u00edcio de m\u00e1xima conten\u00e7\u00e3o por todas as partes envolvidas no conflito, o Brasil ressalta a urgente necessidade de solu\u00e7\u00e3o diplom\u00e1tica que interrompa esse ciclo de viol\u00eancia e abra uma oportunidade para negocia\u00e7\u00f5es de paz. As consequ\u00eancias negativas da atual escalada militar podem gerar danos irrevers\u00edveis para a paz e a estabilidade na regi\u00e3o e no mundo e para o regime de n\u00e3o prolifera\u00e7\u00e3o e desarmamento nuclear&#8221;, completa o MRE.<\/p>\n<p><strong>Conflito<\/strong><br \/>\nAcusando o Ir\u00e3 de estar pr\u00f3ximo de desenvolver uma arma nuclear, Israel lan\u00e7ou um ataque surpresa contra o pa\u00eds no \u00faltimo dia 13, expandindo a guerra no Oriente M\u00e9dio.<\/p>\n<p>Neste s\u00e1bado (21), os Estados Unidos atacaram tr\u00eas usinas nucleares iranianas: Fordow, Natanz e Esfahan.<\/p>\n<p>O Ir\u00e3 afirma que seu programa nuclear \u00e9 apenas para fins pac\u00edficos e que estava no meio de uma negocia\u00e7\u00e3o com os Estados Unidos para estabelecer acordos que garantissem o cumprimento do Tratado de N\u00e3o Prolifera\u00e7\u00e3o de Armas Nucleares, do qual \u00e9 signat\u00e1rio.<\/p>\n<p>No entanto, a AIEA vinha acusando o Ir\u00e3 de n\u00e3o cumprir todas suas obriga\u00e7\u00f5es, apesar de reconhecer que n\u00e3o tem provas de que o pa\u00eds estaria construindo uma bomba at\u00f4mica. O Ir\u00e3 acusa a ag\u00eancia de agir \u201cpoliticamente motivada\u201d e dirigida pelas pot\u00eancias ocidentais, como EUA, Fran\u00e7a e Gr\u00e3-Bretanha, que t\u00eam apoiado Israel na guerra contra Teer\u00e3.<\/p>\n<p>Em mar\u00e7o, o setor de Intelig\u00eancia dos Estados Unidos afirmou que o Ir\u00e3 n\u00e3o estava construindo armas nucleares, informa\u00e7\u00e3o que agora \u00e9 questionada pelo pr\u00f3prio presidente Donald Trump.<\/p>\n<p>Apesar de Israel n\u00e3o aceitar que Teer\u00e3 tenha armas nucleares, diversas fontes ao longo da hist\u00f3ria indicaram que o pa\u00eds mant\u00e9m um amplo programa nuclear secreto desde a d\u00e9cada de 1950. Tal projeto teria desenvolvido pelo menos 90 ogivas at\u00f4micas.<\/p>\n","protected":false},"excerpt":{"rendered":"<p>O governo brasileiro v\u00ea com grave preocupa\u00e7\u00e3o a escalada militar no Oriente M\u00e9dio e condena &#8220;com veem\u00eancia&#8221; ataques militares de Israel e, mais recentemente, dos Estados Unidos, contra instala\u00e7\u00f5es nucleares, &#8220;em viola\u00e7\u00e3o da soberania do Ir\u00e3 e do direito internacional&#8221;, informou, em nota, o Minist\u00e9rio das Rela\u00e7\u00f5es Exteriores na tarde deste domingo (22). &#8220;Qualquer ataque [&hellip;]<\/p>\n","protected":false},"author":2,"featured_media":356374,"comment_status":"closed","ping_status":"closed","sticky":false,"template":"","format":"standard","meta":{"_acf_changed":false,"footnotes":""},"categories":[159],"tags":[95],"class_list":["post-356373","post","type-post","status-publish","format-standard","has-post-thumbnail","hentry","category-apocalipse","tag-capa"],"acf":[],"yoast_head":"<!-- This site is optimized with the Yoast SEO plugin v27.2 - https:\/\/yoast.com\/product\/yoast-seo-wordpress\/ -->\n<title>Brasil condena ataques de Israel e EUA a instala\u00e7\u00f5es no Ir\u00e3 e teme escalada militar - Notibras<\/title>\n<meta name=\"robots\" content=\"index, follow, max-snippet:-1, max-image-preview:large, max-video-preview:-1\" \/>\n<link rel=\"canonical\" href=\"https:\/\/www.notibras.com\/site\/brasil-condena-ataques-de-israel-e-eua-a-instalacoes-no-ira-e-teme-escalada-militar\/\" \/>\n<meta property=\"og:locale\" content=\"pt_BR\" \/>\n<meta property=\"og:type\" content=\"article\" \/>\n<meta property=\"og:title\" content=\"Brasil condena ataques de Israel e EUA a instala\u00e7\u00f5es no Ir\u00e3 e teme escalada militar - Notibras\" \/>\n<meta property=\"og:description\" content=\"O governo brasileiro v\u00ea com grave preocupa\u00e7\u00e3o a escalada militar no Oriente M\u00e9dio e condena &#8220;com veem\u00eancia&#8221; ataques militares de Israel e, mais recentemente, dos Estados Unidos, contra instala\u00e7\u00f5es nucleares, &#8220;em viola\u00e7\u00e3o da soberania do Ir\u00e3 e do direito internacional&#8221;, informou, em nota, o Minist\u00e9rio das Rela\u00e7\u00f5es Exteriores na tarde deste domingo (22). &#8220;Qualquer ataque [&hellip;]\" \/>\n<meta property=\"og:url\" content=\"https:\/\/www.notibras.com\/site\/brasil-condena-ataques-de-israel-e-eua-a-instalacoes-no-ira-e-teme-escalada-militar\/\" \/>\n<meta property=\"og:site_name\" content=\"Notibras\" \/>\n<meta property=\"article:publisher\" content=\"https:\/\/www.facebook.com\/notibras\/\" \/>\n<meta property=\"article:published_time\" content=\"2025-06-22T16:33:19+00:00\" \/>\n<meta property=\"article:modified_time\" content=\"2025-06-22T21:54:26+00:00\" \/>\n<meta property=\"og:image\" content=\"https:\/\/www.notibras.com\/site\/wp-content\/uploads\/2025\/06\/2025-06-22t173650z_1495631342_rc2k7fa42z4n_rtrmadp_3_iran-nuclear-isfahan-natanz-satellite.webp\" \/>\n\t<meta property=\"og:image:width\" content=\"1170\" \/>\n\t<meta property=\"og:image:height\" content=\"700\" \/>\n\t<meta property=\"og:image:type\" content=\"image\/webp\" \/>\n<meta name=\"author\" content=\"Reda\u00e7\u00e3o\" \/>\n<meta name=\"twitter:card\" content=\"summary_large_image\" \/>\n<meta name=\"twitter:creator\" content=\"@Notibras\" \/>\n<meta name=\"twitter:site\" content=\"@Notibras\" \/>\n<meta name=\"twitter:label1\" content=\"Escrito por\" \/>\n\t<meta name=\"twitter:data1\" content=\"Reda\u00e7\u00e3o\" \/>\n\t<meta name=\"twitter:label2\" content=\"Est. tempo de leitura\" \/>\n\t<meta name=\"twitter:data2\" content=\"3 minutos\" \/>\n<script type=\"application\/ld+json\" class=\"yoast-schema-graph\">{\"@context\":\"https:\/\/schema.org\",\"@graph\":[{\"@type\":\"Article\",\"@id\":\"https:\/\/www.notibras.com\/site\/brasil-condena-ataques-de-israel-e-eua-a-instalacoes-no-ira-e-teme-escalada-militar\/#article\",\"isPartOf\":{\"@id\":\"https:\/\/www.notibras.com\/site\/brasil-condena-ataques-de-israel-e-eua-a-instalacoes-no-ira-e-teme-escalada-militar\/\"},\"author\":{\"name\":\"Reda\u00e7\u00e3o\",\"@id\":\"https:\/\/www.notibras.com\/site\/#\/schema\/person\/36ab0979449956132d3e5b517ea76ac8\"},\"headline\":\"Brasil condena ataques de Israel e EUA a instala\u00e7\u00f5es no Ir\u00e3 e teme escalada militar\",\"datePublished\":\"2025-06-22T16:33:19+00:00\",\"dateModified\":\"2025-06-22T21:54:26+00:00\",\"mainEntityOfPage\":{\"@id\":\"https:\/\/www.notibras.com\/site\/brasil-condena-ataques-de-israel-e-eua-a-instalacoes-no-ira-e-teme-escalada-militar\/\"},\"wordCount\":562,\"publisher\":{\"@id\":\"https:\/\/www.notibras.com\/site\/#organization\"},\"image\":{\"@id\":\"https:\/\/www.notibras.com\/site\/brasil-condena-ataques-de-israel-e-eua-a-instalacoes-no-ira-e-teme-escalada-militar\/#primaryimage\"},\"thumbnailUrl\":\"https:\/\/www.notibras.com\/site\/wp-content\/uploads\/2025\/06\/2025-06-22t173650z_1495631342_rc2k7fa42z4n_rtrmadp_3_iran-nuclear-isfahan-natanz-satellite.webp\",\"keywords\":[\"capa\"],\"articleSection\":[\"Apocalipse\"],\"inLanguage\":\"pt-BR\"},{\"@type\":\"WebPage\",\"@id\":\"https:\/\/www.notibras.com\/site\/brasil-condena-ataques-de-israel-e-eua-a-instalacoes-no-ira-e-teme-escalada-militar\/\",\"url\":\"https:\/\/www.notibras.com\/site\/brasil-condena-ataques-de-israel-e-eua-a-instalacoes-no-ira-e-teme-escalada-militar\/\",\"name\":\"Brasil condena ataques de Israel e EUA a instala\u00e7\u00f5es no Ir\u00e3 e teme escalada militar - Notibras\",\"isPartOf\":{\"@id\":\"https:\/\/www.notibras.com\/site\/#website\"},\"primaryImageOfPage\":{\"@id\":\"https:\/\/www.notibras.com\/site\/brasil-condena-ataques-de-israel-e-eua-a-instalacoes-no-ira-e-teme-escalada-militar\/#primaryimage\"},\"image\":{\"@id\":\"https:\/\/www.notibras.com\/site\/brasil-condena-ataques-de-israel-e-eua-a-instalacoes-no-ira-e-teme-escalada-militar\/#primaryimage\"},\"thumbnailUrl\":\"https:\/\/www.notibras.com\/site\/wp-content\/uploads\/2025\/06\/2025-06-22t173650z_1495631342_rc2k7fa42z4n_rtrmadp_3_iran-nuclear-isfahan-natanz-satellite.webp\",\"datePublished\":\"2025-06-22T16:33:19+00:00\",\"dateModified\":\"2025-06-22T21:54:26+00:00\",\"breadcrumb\":{\"@id\":\"https:\/\/www.notibras.com\/site\/brasil-condena-ataques-de-israel-e-eua-a-instalacoes-no-ira-e-teme-escalada-militar\/#breadcrumb\"},\"inLanguage\":\"pt-BR\",\"potentialAction\":[{\"@type\":\"ReadAction\",\"target\":[\"https:\/\/www.notibras.com\/site\/brasil-condena-ataques-de-israel-e-eua-a-instalacoes-no-ira-e-teme-escalada-militar\/\"]}]},{\"@type\":\"ImageObject\",\"inLanguage\":\"pt-BR\",\"@id\":\"https:\/\/www.notibras.com\/site\/brasil-condena-ataques-de-israel-e-eua-a-instalacoes-no-ira-e-teme-escalada-militar\/#primaryimage\",\"url\":\"https:\/\/www.notibras.com\/site\/wp-content\/uploads\/2025\/06\/2025-06-22t173650z_1495631342_rc2k7fa42z4n_rtrmadp_3_iran-nuclear-isfahan-natanz-satellite.webp\",\"contentUrl\":\"https:\/\/www.notibras.com\/site\/wp-content\/uploads\/2025\/06\/2025-06-22t173650z_1495631342_rc2k7fa42z4n_rtrmadp_3_iran-nuclear-isfahan-natanz-satellite.webp\",\"width\":1170,\"height\":700},{\"@type\":\"BreadcrumbList\",\"@id\":\"https:\/\/www.notibras.com\/site\/brasil-condena-ataques-de-israel-e-eua-a-instalacoes-no-ira-e-teme-escalada-militar\/#breadcrumb\",\"itemListElement\":[{\"@type\":\"ListItem\",\"position\":1,\"name\":\"In\u00edcio\",\"item\":\"https:\/\/www.notibras.com\/site\/\"},{\"@type\":\"ListItem\",\"position\":2,\"name\":\"Brasil condena ataques de Israel e EUA a instala\u00e7\u00f5es no Ir\u00e3 e teme escalada militar\"}]},{\"@type\":\"WebSite\",\"@id\":\"https:\/\/www.notibras.com\/site\/#website\",\"url\":\"https:\/\/www.notibras.com\/site\/\",\"name\":\"Notibras\",\"description\":\"Not\u00edcias de Bras\u00edlia, do Brasil e do Mundo\",\"publisher\":{\"@id\":\"https:\/\/www.notibras.com\/site\/#organization\"},\"potentialAction\":[{\"@type\":\"SearchAction\",\"target\":{\"@type\":\"EntryPoint\",\"urlTemplate\":\"https:\/\/www.notibras.com\/site\/?s={search_term_string}\"},\"query-input\":{\"@type\":\"PropertyValueSpecification\",\"valueRequired\":true,\"valueName\":\"search_term_string\"}}],\"inLanguage\":\"pt-BR\"},{\"@type\":\"Organization\",\"@id\":\"https:\/\/www.notibras.com\/site\/#organization\",\"name\":\"Grupo Notibras de Comunica\u00e7\u00e3o\",\"url\":\"https:\/\/www.notibras.com\/site\/\",\"logo\":{\"@type\":\"ImageObject\",\"inLanguage\":\"pt-BR\",\"@id\":\"https:\/\/www.notibras.com\/site\/#\/schema\/logo\/image\/\",\"url\":\"https:\/\/www.notibras.com\/site\/wp-content\/uploads\/2023\/01\/notibras23.png\",\"contentUrl\":\"https:\/\/www.notibras.com\/site\/wp-content\/uploads\/2023\/01\/notibras23.png\",\"width\":350,\"height\":87,\"caption\":\"Grupo Notibras de Comunica\u00e7\u00e3o\"},\"image\":{\"@id\":\"https:\/\/www.notibras.com\/site\/#\/schema\/logo\/image\/\"},\"sameAs\":[\"https:\/\/www.facebook.com\/notibras\/\",\"https:\/\/x.com\/Notibras\",\"https:\/\/www.instagram.com\/notibras\/\"]},{\"@type\":\"Person\",\"@id\":\"https:\/\/www.notibras.com\/site\/#\/schema\/person\/36ab0979449956132d3e5b517ea76ac8\",\"name\":\"Reda\u00e7\u00e3o\",\"image\":{\"@type\":\"ImageObject\",\"inLanguage\":\"pt-BR\",\"@id\":\"https:\/\/secure.gravatar.com\/avatar\/e0a867bdedb85fd243eadf09663511f96fc81e0720a4a42581f334ad4303aa6b?s=96&d=mm&r=g\",\"url\":\"https:\/\/secure.gravatar.com\/avatar\/e0a867bdedb85fd243eadf09663511f96fc81e0720a4a42581f334ad4303aa6b?s=96&d=mm&r=g\",\"contentUrl\":\"https:\/\/secure.gravatar.com\/avatar\/e0a867bdedb85fd243eadf09663511f96fc81e0720a4a42581f334ad4303aa6b?s=96&d=mm&r=g\",\"caption\":\"Reda\u00e7\u00e3o\"}}]}<\/script>\n<!-- \/ Yoast SEO plugin. -->","yoast_head_json":{"title":"Brasil condena ataques de Israel e EUA a instala\u00e7\u00f5es no Ir\u00e3 e teme escalada militar - Notibras","robots":{"index":"index","follow":"follow","max-snippet":"max-snippet:-1","max-image-preview":"max-image-preview:large","max-video-preview":"max-video-preview:-1"},"canonical":"https:\/\/www.notibras.com\/site\/brasil-condena-ataques-de-israel-e-eua-a-instalacoes-no-ira-e-teme-escalada-militar\/","og_locale":"pt_BR","og_type":"article","og_title":"Brasil condena ataques de Israel e EUA a instala\u00e7\u00f5es no Ir\u00e3 e teme escalada militar - Notibras","og_description":"O governo brasileiro v\u00ea com grave preocupa\u00e7\u00e3o a escalada militar no Oriente M\u00e9dio e condena &#8220;com veem\u00eancia&#8221; ataques militares de Israel e, mais recentemente, dos Estados Unidos, contra instala\u00e7\u00f5es nucleares, &#8220;em viola\u00e7\u00e3o da soberania do Ir\u00e3 e do direito internacional&#8221;, informou, em nota, o Minist\u00e9rio das Rela\u00e7\u00f5es Exteriores na tarde deste domingo (22). &#8220;Qualquer ataque [&hellip;]","og_url":"https:\/\/www.notibras.com\/site\/brasil-condena-ataques-de-israel-e-eua-a-instalacoes-no-ira-e-teme-escalada-militar\/","og_site_name":"Notibras","article_publisher":"https:\/\/www.facebook.com\/notibras\/","article_published_time":"2025-06-22T16:33:19+00:00","article_modified_time":"2025-06-22T21:54:26+00:00","og_image":[{"width":1170,"height":700,"url":"https:\/\/www.notibras.com\/site\/wp-content\/uploads\/2025\/06\/2025-06-22t173650z_1495631342_rc2k7fa42z4n_rtrmadp_3_iran-nuclear-isfahan-natanz-satellite.webp","type":"image\/webp"}],"author":"Reda\u00e7\u00e3o","twitter_card":"summary_large_image","twitter_creator":"@Notibras","twitter_site":"@Notibras","twitter_misc":{"Escrito por":"Reda\u00e7\u00e3o","Est. tempo de leitura":"3 minutos"},"schema":{"@context":"https:\/\/schema.org","@graph":[{"@type":"Article","@id":"https:\/\/www.notibras.com\/site\/brasil-condena-ataques-de-israel-e-eua-a-instalacoes-no-ira-e-teme-escalada-militar\/#article","isPartOf":{"@id":"https:\/\/www.notibras.com\/site\/brasil-condena-ataques-de-israel-e-eua-a-instalacoes-no-ira-e-teme-escalada-militar\/"},"author":{"name":"Reda\u00e7\u00e3o","@id":"https:\/\/www.notibras.com\/site\/#\/schema\/person\/36ab0979449956132d3e5b517ea76ac8"},"headline":"Brasil condena ataques de Israel e EUA a instala\u00e7\u00f5es no Ir\u00e3 e teme escalada militar","datePublished":"2025-06-22T16:33:19+00:00","dateModified":"2025-06-22T21:54:26+00:00","mainEntityOfPage":{"@id":"https:\/\/www.notibras.com\/site\/brasil-condena-ataques-de-israel-e-eua-a-instalacoes-no-ira-e-teme-escalada-militar\/"},"wordCount":562,"publisher":{"@id":"https:\/\/www.notibras.com\/site\/#organization"},"image":{"@id":"https:\/\/www.notibras.com\/site\/brasil-condena-ataques-de-israel-e-eua-a-instalacoes-no-ira-e-teme-escalada-militar\/#primaryimage"},"thumbnailUrl":"https:\/\/www.notibras.com\/site\/wp-content\/uploads\/2025\/06\/2025-06-22t173650z_1495631342_rc2k7fa42z4n_rtrmadp_3_iran-nuclear-isfahan-natanz-satellite.webp","keywords":["capa"],"articleSection":["Apocalipse"],"inLanguage":"pt-BR"},{"@type":"WebPage","@id":"https:\/\/www.notibras.com\/site\/brasil-condena-ataques-de-israel-e-eua-a-instalacoes-no-ira-e-teme-escalada-militar\/","url":"https:\/\/www.notibras.com\/site\/brasil-condena-ataques-de-israel-e-eua-a-instalacoes-no-ira-e-teme-escalada-militar\/","name":"Brasil condena ataques de Israel e EUA a instala\u00e7\u00f5es no Ir\u00e3 e teme escalada militar - Notibras","isPartOf":{"@id":"https:\/\/www.notibras.com\/site\/#website"},"primaryImageOfPage":{"@id":"https:\/\/www.notibras.com\/site\/brasil-condena-ataques-de-israel-e-eua-a-instalacoes-no-ira-e-teme-escalada-militar\/#primaryimage"},"image":{"@id":"https:\/\/www.notibras.com\/site\/brasil-condena-ataques-de-israel-e-eua-a-instalacoes-no-ira-e-teme-escalada-militar\/#primaryimage"},"thumbnailUrl":"https:\/\/www.notibras.com\/site\/wp-content\/uploads\/2025\/06\/2025-06-22t173650z_1495631342_rc2k7fa42z4n_rtrmadp_3_iran-nuclear-isfahan-natanz-satellite.webp","datePublished":"2025-06-22T16:33:19+00:00","dateModified":"2025-06-22T21:54:26+00:00","breadcrumb":{"@id":"https:\/\/www.notibras.com\/site\/brasil-condena-ataques-de-israel-e-eua-a-instalacoes-no-ira-e-teme-escalada-militar\/#breadcrumb"},"inLanguage":"pt-BR","potentialAction":[{"@type":"ReadAction","target":["https:\/\/www.notibras.com\/site\/brasil-condena-ataques-de-israel-e-eua-a-instalacoes-no-ira-e-teme-escalada-militar\/"]}]},{"@type":"ImageObject","inLanguage":"pt-BR","@id":"https:\/\/www.notibras.com\/site\/brasil-condena-ataques-de-israel-e-eua-a-instalacoes-no-ira-e-teme-escalada-militar\/#primaryimage","url":"https:\/\/www.notibras.com\/site\/wp-content\/uploads\/2025\/06\/2025-06-22t173650z_1495631342_rc2k7fa42z4n_rtrmadp_3_iran-nuclear-isfahan-natanz-satellite.webp","contentUrl":"https:\/\/www.notibras.com\/site\/wp-content\/uploads\/2025\/06\/2025-06-22t173650z_1495631342_rc2k7fa42z4n_rtrmadp_3_iran-nuclear-isfahan-natanz-satellite.webp","width":1170,"height":700},{"@type":"BreadcrumbList","@id":"https:\/\/www.notibras.com\/site\/brasil-condena-ataques-de-israel-e-eua-a-instalacoes-no-ira-e-teme-escalada-militar\/#breadcrumb","itemListElement":[{"@type":"ListItem","position":1,"name":"In\u00edcio","item":"https:\/\/www.notibras.com\/site\/"},{"@type":"ListItem","position":2,"name":"Brasil condena ataques de Israel e EUA a instala\u00e7\u00f5es no Ir\u00e3 e teme escalada militar"}]},{"@type":"WebSite","@id":"https:\/\/www.notibras.com\/site\/#website","url":"https:\/\/www.notibras.com\/site\/","name":"Notibras","description":"Not\u00edcias de Bras\u00edlia, do Brasil e do Mundo","publisher":{"@id":"https:\/\/www.notibras.com\/site\/#organization"},"potentialAction":[{"@type":"SearchAction","target":{"@type":"EntryPoint","urlTemplate":"https:\/\/www.notibras.com\/site\/?s={search_term_string}"},"query-input":{"@type":"PropertyValueSpecification","valueRequired":true,"valueName":"search_term_string"}}],"inLanguage":"pt-BR"},{"@type":"Organization","@id":"https:\/\/www.notibras.com\/site\/#organization","name":"Grupo Notibras de Comunica\u00e7\u00e3o","url":"https:\/\/www.notibras.com\/site\/","logo":{"@type":"ImageObject","inLanguage":"pt-BR","@id":"https:\/\/www.notibras.com\/site\/#\/schema\/logo\/image\/","url":"https:\/\/www.notibras.com\/site\/wp-content\/uploads\/2023\/01\/notibras23.png","contentUrl":"https:\/\/www.notibras.com\/site\/wp-content\/uploads\/2023\/01\/notibras23.png","width":350,"height":87,"caption":"Grupo Notibras de Comunica\u00e7\u00e3o"},"image":{"@id":"https:\/\/www.notibras.com\/site\/#\/schema\/logo\/image\/"},"sameAs":["https:\/\/www.facebook.com\/notibras\/","https:\/\/x.com\/Notibras","https:\/\/www.instagram.com\/notibras\/"]},{"@type":"Person","@id":"https:\/\/www.notibras.com\/site\/#\/schema\/person\/36ab0979449956132d3e5b517ea76ac8","name":"Reda\u00e7\u00e3o","image":{"@type":"ImageObject","inLanguage":"pt-BR","@id":"https:\/\/secure.gravatar.com\/avatar\/e0a867bdedb85fd243eadf09663511f96fc81e0720a4a42581f334ad4303aa6b?s=96&d=mm&r=g","url":"https:\/\/secure.gravatar.com\/avatar\/e0a867bdedb85fd243eadf09663511f96fc81e0720a4a42581f334ad4303aa6b?s=96&d=mm&r=g","contentUrl":"https:\/\/secure.gravatar.com\/avatar\/e0a867bdedb85fd243eadf09663511f96fc81e0720a4a42581f334ad4303aa6b?s=96&d=mm&r=g","caption":"Reda\u00e7\u00e3o"}}]}},"amp_enabled":true,"_links":{"self":[{"href":"https:\/\/www.notibras.com\/site\/wp-json\/wp\/v2\/posts\/356373","targetHints":{"allow":["GET"]}}],"collection":[{"href":"https:\/\/www.notibras.com\/site\/wp-json\/wp\/v2\/posts"}],"about":[{"href":"https:\/\/www.notibras.com\/site\/wp-json\/wp\/v2\/types\/post"}],"author":[{"embeddable":true,"href":"https:\/\/www.notibras.com\/site\/wp-json\/wp\/v2\/users\/2"}],"replies":[{"embeddable":true,"href":"https:\/\/www.notibras.com\/site\/wp-json\/wp\/v2\/comments?post=356373"}],"version-history":[{"count":1,"href":"https:\/\/www.notibras.com\/site\/wp-json\/wp\/v2\/posts\/356373\/revisions"}],"predecessor-version":[{"id":356375,"href":"https:\/\/www.notibras.com\/site\/wp-json\/wp\/v2\/posts\/356373\/revisions\/356375"}],"wp:featuredmedia":[{"embeddable":true,"href":"https:\/\/www.notibras.com\/site\/wp-json\/wp\/v2\/media\/356374"}],"wp:attachment":[{"href":"https:\/\/www.notibras.com\/site\/wp-json\/wp\/v2\/media?parent=356373"}],"wp:term":[{"taxonomy":"category","embeddable":true,"href":"https:\/\/www.notibras.com\/site\/wp-json\/wp\/v2\/categories?post=356373"},{"taxonomy":"post_tag","embeddable":true,"href":"https:\/\/www.notibras.com\/site\/wp-json\/wp\/v2\/tags?post=356373"}],"curies":[{"name":"wp","href":"https:\/\/api.w.org\/{rel}","templated":true}]}}