{"id":356378,"date":"2025-06-22T18:53:24","date_gmt":"2025-06-22T21:53:24","guid":{"rendered":"https:\/\/www.notibras.com\/site\/?p=356378"},"modified":"2025-06-22T18:58:49","modified_gmt":"2025-06-22T21:58:49","slug":"estreito-de-ormuz-vira-peca-nas-maos-do-ira-para-movimentar-o-tabuleiro-da-guerra","status":"publish","type":"post","link":"https:\/\/www.notibras.com\/site\/estreito-de-ormuz-vira-peca-nas-maos-do-ira-para-movimentar-o-tabuleiro-da-guerra\/","title":{"rendered":"Estreito de Ormuz vira pe\u00e7a nas m\u00e3os do Ir\u00e3 para movimentar o tabuleiro da guerra"},"content":{"rendered":"<p>Os Estados Unidos atacaram novamente o Ir\u00e3. O mundo prende a respira\u00e7\u00e3o. O petr\u00f3leo amea\u00e7a disparar. E o estreito corredor mar\u00edtimo de Ormuz, por onde escoa quase um ter\u00e7o de toda a produ\u00e7\u00e3o global de petr\u00f3leo, volta ao centro do xadrez geopol\u00edtico mais perigoso do s\u00e9culo XXI.<\/p>\n<p>O regime iraniano, acuado pelo trai\u00e7oeiro ataque de Washington, j\u00e1 insinuou que poder\u00e1 recorrer ao \u00faltimo trunfo: fechar o Estreito de Ormuz. \u00c9 uma cartada perigosa, mas tamb\u00e9m da dissuas\u00e3o. Teer\u00e3 sabe que, ao bloquear a principal art\u00e9ria energ\u00e9tica do planeta, arrastar\u00e1 o mundo para uma crise de propor\u00e7\u00f5es colossais \u2013 econ\u00f4mica, diplom\u00e1tica e militar.<\/p>\n<p>Ormuz n\u00e3o \u00e9 apenas uma rota mar\u00edtima. \u00c9 um ponto de estrangulamento do sistema. Por ali passam as riquezas do Golfo P\u00e9rsico \u2013 de sauditas, kuwaitianos, emiratenses e do pr\u00f3prio Ir\u00e3 \u2013 destinadas \u00e0 \u00c1sia, Europa e Am\u00e9rica. O Ir\u00e3 tem meios de fechar temporariamente o estreito com o uso de minas navais, m\u00edsseis costeiros, drones e embarca\u00e7\u00f5es velozes de guerra. Mas isso seria o equivalente geopol\u00edtico a explodir a pr\u00f3pria casa com os inimigos dentro.<\/p>\n<p><strong>China e R\u00fassia agradecem<\/strong><br \/>\nSe os EUA apostam na for\u00e7a para conter o programa nuclear iraniano e seus tent\u00e1culos regionais, China e R\u00fassia veem na escalada uma oportunidade dourada. Pequim, maior comprador de petr\u00f3leo iraniano, tenta ampliar sua influ\u00eancia como mediadora global e, ao mesmo tempo, garantir suprimentos energ\u00e9ticos para sua m\u00e1quina industrial.<\/p>\n<p>J\u00e1 Moscou, com sua guerra contra a Ucr\u00e2nia e sob san\u00e7\u00f5es ocidentais, torce pelo caos nos mercados. Um barril a US$ 150 seria um al\u00edvio para o Kremlin \u2013 ainda que \u00e0 custa da estabilidade global. Ambos, China e R\u00fassia, jogam o jogo longo, com pontual eros\u00e3o na hegemonia americana, fortalecer alian\u00e7as paralelas e converter crises em poder geoecon\u00f4mico.<\/p>\n<p><strong>E o Brasil?<\/strong><br \/>\nNa contram\u00e3o da rota de m\u00edsseis, est\u00e1 o Brasil, onde o impacto n\u00e3o seria simb\u00f3lico, mas visceral. Com a alta nos combust\u00edveis, veremos reflexos diretos no bolso do cidad\u00e3o. O diesel mais caro pressiona o transporte de cargas, que encarece alimentos e esvazia o prato do trabalhador. O g\u00e1s de cozinha voltaria a ser luxo. E a infla\u00e7\u00e3o, j\u00e1 resistente, ganharia novo f\u00f4lego.<\/p>\n<p>Mas os impactos n\u00e3o param a\u00ed. O Brasil, historicamente comprometido com uma diplomacia de equil\u00edbrio e media\u00e7\u00e3o, enfrentaria um dilema diplom\u00e1tico. Como, por exemplo, permanecer neutro num mundo cada vez mais polarizado? Alinhar-se com os EUA pode significar trair o bloco dos BRICS, onde R\u00fassia e China ditam o tom. Apoiar o Ir\u00e3, mesmo que indiretamente, \u00e9 preocupante.<\/p>\n<p>A verdade \u00e9 que a crise em Ormuz n\u00e3o \u00e9 apenas sobre o Ir\u00e3 ou os EUA \u2013 \u00e9 sobre a fragilidade da ordem global. Uma ordem onde o direito internacional \u00e9 atropelado por m\u00edsseis, onde o petr\u00f3leo ainda dita os rumos da hist\u00f3ria e onde pot\u00eancias do Sul Global, como o Brasil, s\u00e3o for\u00e7adas a navegar entre tempestades que n\u00e3o criaram, mas que as atingem em cheio.<\/p>\n<p>Cabe agora ao Itamaraty fazer o que sabe de melhor, e que h\u00e1 tempos parece ter esquecido: articular com serenidade, apostar no multilateralismo e defender os interesses nacionais sem cair nas armadilhas ideol\u00f3gicas de um lado ou de outro. Porque no tabuleiro de Ormuz, n\u00e3o h\u00e1 vencedores. Apenas sobreviventes. Isto, se descartada uma eventual mortandade geral.<\/p>\n<p>&#8230;&#8230;&#8230;&#8230;&#8230;..<\/p>\n<p><strong>Marta Nobre \u00e9 Editora Executiva de Notibras<\/strong><\/p>\n","protected":false},"excerpt":{"rendered":"<p>Os Estados Unidos atacaram novamente o Ir\u00e3. O mundo prende a respira\u00e7\u00e3o. O petr\u00f3leo amea\u00e7a disparar. E o estreito corredor mar\u00edtimo de Ormuz, por onde escoa quase um ter\u00e7o de toda a produ\u00e7\u00e3o global de petr\u00f3leo, volta ao centro do xadrez geopol\u00edtico mais perigoso do s\u00e9culo XXI. O regime iraniano, acuado pelo trai\u00e7oeiro ataque de [&hellip;]<\/p>\n","protected":false},"author":2,"featured_media":356379,"comment_status":"closed","ping_status":"closed","sticky":false,"template":"","format":"standard","meta":{"_acf_changed":false,"footnotes":""},"categories":[159],"tags":[95],"class_list":["post-356378","post","type-post","status-publish","format-standard","has-post-thumbnail","hentry","category-apocalipse","tag-capa"],"acf":[],"yoast_head":"<!-- This site is optimized with the Yoast SEO plugin v27.2 - https:\/\/yoast.com\/product\/yoast-seo-wordpress\/ -->\n<title>Estreito de Ormuz vira pe\u00e7a nas m\u00e3os do Ir\u00e3 para movimentar o tabuleiro da guerra - Notibras<\/title>\n<meta name=\"robots\" content=\"index, follow, max-snippet:-1, max-image-preview:large, max-video-preview:-1\" \/>\n<link rel=\"canonical\" href=\"https:\/\/www.notibras.com\/site\/estreito-de-ormuz-vira-peca-nas-maos-do-ira-para-movimentar-o-tabuleiro-da-guerra\/\" \/>\n<meta property=\"og:locale\" content=\"pt_BR\" \/>\n<meta property=\"og:type\" content=\"article\" \/>\n<meta property=\"og:title\" content=\"Estreito de Ormuz vira pe\u00e7a nas m\u00e3os do Ir\u00e3 para movimentar o tabuleiro da guerra - Notibras\" \/>\n<meta property=\"og:description\" content=\"Os Estados Unidos atacaram novamente o Ir\u00e3. O mundo prende a respira\u00e7\u00e3o. O petr\u00f3leo amea\u00e7a disparar. E o estreito corredor mar\u00edtimo de Ormuz, por onde escoa quase um ter\u00e7o de toda a produ\u00e7\u00e3o global de petr\u00f3leo, volta ao centro do xadrez geopol\u00edtico mais perigoso do s\u00e9culo XXI. O regime iraniano, acuado pelo trai\u00e7oeiro ataque de [&hellip;]\" \/>\n<meta property=\"og:url\" content=\"https:\/\/www.notibras.com\/site\/estreito-de-ormuz-vira-peca-nas-maos-do-ira-para-movimentar-o-tabuleiro-da-guerra\/\" \/>\n<meta property=\"og:site_name\" content=\"Notibras\" \/>\n<meta property=\"article:publisher\" content=\"https:\/\/www.facebook.com\/notibras\/\" \/>\n<meta property=\"article:published_time\" content=\"2025-06-22T21:53:24+00:00\" \/>\n<meta property=\"article:modified_time\" content=\"2025-06-22T21:58:49+00:00\" \/>\n<meta property=\"og:image\" content=\"https:\/\/www.notibras.com\/site\/wp-content\/uploads\/2025\/06\/5298187_226c4876377c5f5.jpg\" \/>\n\t<meta property=\"og:image:width\" content=\"1200\" \/>\n\t<meta property=\"og:image:height\" content=\"630\" \/>\n\t<meta property=\"og:image:type\" content=\"image\/jpeg\" \/>\n<meta name=\"author\" content=\"Reda\u00e7\u00e3o\" \/>\n<meta name=\"twitter:card\" content=\"summary_large_image\" \/>\n<meta name=\"twitter:creator\" content=\"@Notibras\" \/>\n<meta name=\"twitter:site\" content=\"@Notibras\" \/>\n<meta name=\"twitter:label1\" content=\"Escrito por\" \/>\n\t<meta name=\"twitter:data1\" content=\"Reda\u00e7\u00e3o\" \/>\n\t<meta name=\"twitter:label2\" content=\"Est. tempo de leitura\" \/>\n\t<meta name=\"twitter:data2\" content=\"4 minutos\" \/>\n<script type=\"application\/ld+json\" class=\"yoast-schema-graph\">{\"@context\":\"https:\/\/schema.org\",\"@graph\":[{\"@type\":\"Article\",\"@id\":\"https:\/\/www.notibras.com\/site\/estreito-de-ormuz-vira-peca-nas-maos-do-ira-para-movimentar-o-tabuleiro-da-guerra\/#article\",\"isPartOf\":{\"@id\":\"https:\/\/www.notibras.com\/site\/estreito-de-ormuz-vira-peca-nas-maos-do-ira-para-movimentar-o-tabuleiro-da-guerra\/\"},\"author\":{\"name\":\"Reda\u00e7\u00e3o\",\"@id\":\"https:\/\/www.notibras.com\/site\/#\/schema\/person\/36ab0979449956132d3e5b517ea76ac8\"},\"headline\":\"Estreito de Ormuz vira pe\u00e7a nas m\u00e3os do Ir\u00e3 para movimentar o tabuleiro da guerra\",\"datePublished\":\"2025-06-22T21:53:24+00:00\",\"dateModified\":\"2025-06-22T21:58:49+00:00\",\"mainEntityOfPage\":{\"@id\":\"https:\/\/www.notibras.com\/site\/estreito-de-ormuz-vira-peca-nas-maos-do-ira-para-movimentar-o-tabuleiro-da-guerra\/\"},\"wordCount\":610,\"publisher\":{\"@id\":\"https:\/\/www.notibras.com\/site\/#organization\"},\"image\":{\"@id\":\"https:\/\/www.notibras.com\/site\/estreito-de-ormuz-vira-peca-nas-maos-do-ira-para-movimentar-o-tabuleiro-da-guerra\/#primaryimage\"},\"thumbnailUrl\":\"https:\/\/www.notibras.com\/site\/wp-content\/uploads\/2025\/06\/5298187_226c4876377c5f5.jpg\",\"keywords\":[\"capa\"],\"articleSection\":[\"Apocalipse\"],\"inLanguage\":\"pt-BR\"},{\"@type\":\"WebPage\",\"@id\":\"https:\/\/www.notibras.com\/site\/estreito-de-ormuz-vira-peca-nas-maos-do-ira-para-movimentar-o-tabuleiro-da-guerra\/\",\"url\":\"https:\/\/www.notibras.com\/site\/estreito-de-ormuz-vira-peca-nas-maos-do-ira-para-movimentar-o-tabuleiro-da-guerra\/\",\"name\":\"Estreito de Ormuz vira pe\u00e7a nas m\u00e3os do Ir\u00e3 para movimentar o tabuleiro da guerra - Notibras\",\"isPartOf\":{\"@id\":\"https:\/\/www.notibras.com\/site\/#website\"},\"primaryImageOfPage\":{\"@id\":\"https:\/\/www.notibras.com\/site\/estreito-de-ormuz-vira-peca-nas-maos-do-ira-para-movimentar-o-tabuleiro-da-guerra\/#primaryimage\"},\"image\":{\"@id\":\"https:\/\/www.notibras.com\/site\/estreito-de-ormuz-vira-peca-nas-maos-do-ira-para-movimentar-o-tabuleiro-da-guerra\/#primaryimage\"},\"thumbnailUrl\":\"https:\/\/www.notibras.com\/site\/wp-content\/uploads\/2025\/06\/5298187_226c4876377c5f5.jpg\",\"datePublished\":\"2025-06-22T21:53:24+00:00\",\"dateModified\":\"2025-06-22T21:58:49+00:00\",\"breadcrumb\":{\"@id\":\"https:\/\/www.notibras.com\/site\/estreito-de-ormuz-vira-peca-nas-maos-do-ira-para-movimentar-o-tabuleiro-da-guerra\/#breadcrumb\"},\"inLanguage\":\"pt-BR\",\"potentialAction\":[{\"@type\":\"ReadAction\",\"target\":[\"https:\/\/www.notibras.com\/site\/estreito-de-ormuz-vira-peca-nas-maos-do-ira-para-movimentar-o-tabuleiro-da-guerra\/\"]}]},{\"@type\":\"ImageObject\",\"inLanguage\":\"pt-BR\",\"@id\":\"https:\/\/www.notibras.com\/site\/estreito-de-ormuz-vira-peca-nas-maos-do-ira-para-movimentar-o-tabuleiro-da-guerra\/#primaryimage\",\"url\":\"https:\/\/www.notibras.com\/site\/wp-content\/uploads\/2025\/06\/5298187_226c4876377c5f5.jpg\",\"contentUrl\":\"https:\/\/www.notibras.com\/site\/wp-content\/uploads\/2025\/06\/5298187_226c4876377c5f5.jpg\",\"width\":1200,\"height\":630},{\"@type\":\"BreadcrumbList\",\"@id\":\"https:\/\/www.notibras.com\/site\/estreito-de-ormuz-vira-peca-nas-maos-do-ira-para-movimentar-o-tabuleiro-da-guerra\/#breadcrumb\",\"itemListElement\":[{\"@type\":\"ListItem\",\"position\":1,\"name\":\"In\u00edcio\",\"item\":\"https:\/\/www.notibras.com\/site\/\"},{\"@type\":\"ListItem\",\"position\":2,\"name\":\"Estreito de Ormuz vira pe\u00e7a nas m\u00e3os do Ir\u00e3 para movimentar o tabuleiro da guerra\"}]},{\"@type\":\"WebSite\",\"@id\":\"https:\/\/www.notibras.com\/site\/#website\",\"url\":\"https:\/\/www.notibras.com\/site\/\",\"name\":\"Notibras\",\"description\":\"Not\u00edcias de Bras\u00edlia, do Brasil e do Mundo\",\"publisher\":{\"@id\":\"https:\/\/www.notibras.com\/site\/#organization\"},\"potentialAction\":[{\"@type\":\"SearchAction\",\"target\":{\"@type\":\"EntryPoint\",\"urlTemplate\":\"https:\/\/www.notibras.com\/site\/?s={search_term_string}\"},\"query-input\":{\"@type\":\"PropertyValueSpecification\",\"valueRequired\":true,\"valueName\":\"search_term_string\"}}],\"inLanguage\":\"pt-BR\"},{\"@type\":\"Organization\",\"@id\":\"https:\/\/www.notibras.com\/site\/#organization\",\"name\":\"Grupo Notibras de Comunica\u00e7\u00e3o\",\"url\":\"https:\/\/www.notibras.com\/site\/\",\"logo\":{\"@type\":\"ImageObject\",\"inLanguage\":\"pt-BR\",\"@id\":\"https:\/\/www.notibras.com\/site\/#\/schema\/logo\/image\/\",\"url\":\"https:\/\/www.notibras.com\/site\/wp-content\/uploads\/2023\/01\/notibras23.png\",\"contentUrl\":\"https:\/\/www.notibras.com\/site\/wp-content\/uploads\/2023\/01\/notibras23.png\",\"width\":350,\"height\":87,\"caption\":\"Grupo Notibras de Comunica\u00e7\u00e3o\"},\"image\":{\"@id\":\"https:\/\/www.notibras.com\/site\/#\/schema\/logo\/image\/\"},\"sameAs\":[\"https:\/\/www.facebook.com\/notibras\/\",\"https:\/\/x.com\/Notibras\",\"https:\/\/www.instagram.com\/notibras\/\"]},{\"@type\":\"Person\",\"@id\":\"https:\/\/www.notibras.com\/site\/#\/schema\/person\/36ab0979449956132d3e5b517ea76ac8\",\"name\":\"Reda\u00e7\u00e3o\",\"image\":{\"@type\":\"ImageObject\",\"inLanguage\":\"pt-BR\",\"@id\":\"https:\/\/secure.gravatar.com\/avatar\/e0a867bdedb85fd243eadf09663511f96fc81e0720a4a42581f334ad4303aa6b?s=96&d=mm&r=g\",\"url\":\"https:\/\/secure.gravatar.com\/avatar\/e0a867bdedb85fd243eadf09663511f96fc81e0720a4a42581f334ad4303aa6b?s=96&d=mm&r=g\",\"contentUrl\":\"https:\/\/secure.gravatar.com\/avatar\/e0a867bdedb85fd243eadf09663511f96fc81e0720a4a42581f334ad4303aa6b?s=96&d=mm&r=g\",\"caption\":\"Reda\u00e7\u00e3o\"}}]}<\/script>\n<!-- \/ Yoast SEO plugin. -->","yoast_head_json":{"title":"Estreito de Ormuz vira pe\u00e7a nas m\u00e3os do Ir\u00e3 para movimentar o tabuleiro da guerra - Notibras","robots":{"index":"index","follow":"follow","max-snippet":"max-snippet:-1","max-image-preview":"max-image-preview:large","max-video-preview":"max-video-preview:-1"},"canonical":"https:\/\/www.notibras.com\/site\/estreito-de-ormuz-vira-peca-nas-maos-do-ira-para-movimentar-o-tabuleiro-da-guerra\/","og_locale":"pt_BR","og_type":"article","og_title":"Estreito de Ormuz vira pe\u00e7a nas m\u00e3os do Ir\u00e3 para movimentar o tabuleiro da guerra - Notibras","og_description":"Os Estados Unidos atacaram novamente o Ir\u00e3. O mundo prende a respira\u00e7\u00e3o. O petr\u00f3leo amea\u00e7a disparar. E o estreito corredor mar\u00edtimo de Ormuz, por onde escoa quase um ter\u00e7o de toda a produ\u00e7\u00e3o global de petr\u00f3leo, volta ao centro do xadrez geopol\u00edtico mais perigoso do s\u00e9culo XXI. O regime iraniano, acuado pelo trai\u00e7oeiro ataque de [&hellip;]","og_url":"https:\/\/www.notibras.com\/site\/estreito-de-ormuz-vira-peca-nas-maos-do-ira-para-movimentar-o-tabuleiro-da-guerra\/","og_site_name":"Notibras","article_publisher":"https:\/\/www.facebook.com\/notibras\/","article_published_time":"2025-06-22T21:53:24+00:00","article_modified_time":"2025-06-22T21:58:49+00:00","og_image":[{"width":1200,"height":630,"url":"https:\/\/www.notibras.com\/site\/wp-content\/uploads\/2025\/06\/5298187_226c4876377c5f5.jpg","type":"image\/jpeg"}],"author":"Reda\u00e7\u00e3o","twitter_card":"summary_large_image","twitter_creator":"@Notibras","twitter_site":"@Notibras","twitter_misc":{"Escrito por":"Reda\u00e7\u00e3o","Est. tempo de leitura":"4 minutos"},"schema":{"@context":"https:\/\/schema.org","@graph":[{"@type":"Article","@id":"https:\/\/www.notibras.com\/site\/estreito-de-ormuz-vira-peca-nas-maos-do-ira-para-movimentar-o-tabuleiro-da-guerra\/#article","isPartOf":{"@id":"https:\/\/www.notibras.com\/site\/estreito-de-ormuz-vira-peca-nas-maos-do-ira-para-movimentar-o-tabuleiro-da-guerra\/"},"author":{"name":"Reda\u00e7\u00e3o","@id":"https:\/\/www.notibras.com\/site\/#\/schema\/person\/36ab0979449956132d3e5b517ea76ac8"},"headline":"Estreito de Ormuz vira pe\u00e7a nas m\u00e3os do Ir\u00e3 para movimentar o tabuleiro da guerra","datePublished":"2025-06-22T21:53:24+00:00","dateModified":"2025-06-22T21:58:49+00:00","mainEntityOfPage":{"@id":"https:\/\/www.notibras.com\/site\/estreito-de-ormuz-vira-peca-nas-maos-do-ira-para-movimentar-o-tabuleiro-da-guerra\/"},"wordCount":610,"publisher":{"@id":"https:\/\/www.notibras.com\/site\/#organization"},"image":{"@id":"https:\/\/www.notibras.com\/site\/estreito-de-ormuz-vira-peca-nas-maos-do-ira-para-movimentar-o-tabuleiro-da-guerra\/#primaryimage"},"thumbnailUrl":"https:\/\/www.notibras.com\/site\/wp-content\/uploads\/2025\/06\/5298187_226c4876377c5f5.jpg","keywords":["capa"],"articleSection":["Apocalipse"],"inLanguage":"pt-BR"},{"@type":"WebPage","@id":"https:\/\/www.notibras.com\/site\/estreito-de-ormuz-vira-peca-nas-maos-do-ira-para-movimentar-o-tabuleiro-da-guerra\/","url":"https:\/\/www.notibras.com\/site\/estreito-de-ormuz-vira-peca-nas-maos-do-ira-para-movimentar-o-tabuleiro-da-guerra\/","name":"Estreito de Ormuz vira pe\u00e7a nas m\u00e3os do Ir\u00e3 para movimentar o tabuleiro da guerra - Notibras","isPartOf":{"@id":"https:\/\/www.notibras.com\/site\/#website"},"primaryImageOfPage":{"@id":"https:\/\/www.notibras.com\/site\/estreito-de-ormuz-vira-peca-nas-maos-do-ira-para-movimentar-o-tabuleiro-da-guerra\/#primaryimage"},"image":{"@id":"https:\/\/www.notibras.com\/site\/estreito-de-ormuz-vira-peca-nas-maos-do-ira-para-movimentar-o-tabuleiro-da-guerra\/#primaryimage"},"thumbnailUrl":"https:\/\/www.notibras.com\/site\/wp-content\/uploads\/2025\/06\/5298187_226c4876377c5f5.jpg","datePublished":"2025-06-22T21:53:24+00:00","dateModified":"2025-06-22T21:58:49+00:00","breadcrumb":{"@id":"https:\/\/www.notibras.com\/site\/estreito-de-ormuz-vira-peca-nas-maos-do-ira-para-movimentar-o-tabuleiro-da-guerra\/#breadcrumb"},"inLanguage":"pt-BR","potentialAction":[{"@type":"ReadAction","target":["https:\/\/www.notibras.com\/site\/estreito-de-ormuz-vira-peca-nas-maos-do-ira-para-movimentar-o-tabuleiro-da-guerra\/"]}]},{"@type":"ImageObject","inLanguage":"pt-BR","@id":"https:\/\/www.notibras.com\/site\/estreito-de-ormuz-vira-peca-nas-maos-do-ira-para-movimentar-o-tabuleiro-da-guerra\/#primaryimage","url":"https:\/\/www.notibras.com\/site\/wp-content\/uploads\/2025\/06\/5298187_226c4876377c5f5.jpg","contentUrl":"https:\/\/www.notibras.com\/site\/wp-content\/uploads\/2025\/06\/5298187_226c4876377c5f5.jpg","width":1200,"height":630},{"@type":"BreadcrumbList","@id":"https:\/\/www.notibras.com\/site\/estreito-de-ormuz-vira-peca-nas-maos-do-ira-para-movimentar-o-tabuleiro-da-guerra\/#breadcrumb","itemListElement":[{"@type":"ListItem","position":1,"name":"In\u00edcio","item":"https:\/\/www.notibras.com\/site\/"},{"@type":"ListItem","position":2,"name":"Estreito de Ormuz vira pe\u00e7a nas m\u00e3os do Ir\u00e3 para movimentar o tabuleiro da guerra"}]},{"@type":"WebSite","@id":"https:\/\/www.notibras.com\/site\/#website","url":"https:\/\/www.notibras.com\/site\/","name":"Notibras","description":"Not\u00edcias de Bras\u00edlia, do Brasil e do Mundo","publisher":{"@id":"https:\/\/www.notibras.com\/site\/#organization"},"potentialAction":[{"@type":"SearchAction","target":{"@type":"EntryPoint","urlTemplate":"https:\/\/www.notibras.com\/site\/?s={search_term_string}"},"query-input":{"@type":"PropertyValueSpecification","valueRequired":true,"valueName":"search_term_string"}}],"inLanguage":"pt-BR"},{"@type":"Organization","@id":"https:\/\/www.notibras.com\/site\/#organization","name":"Grupo Notibras de Comunica\u00e7\u00e3o","url":"https:\/\/www.notibras.com\/site\/","logo":{"@type":"ImageObject","inLanguage":"pt-BR","@id":"https:\/\/www.notibras.com\/site\/#\/schema\/logo\/image\/","url":"https:\/\/www.notibras.com\/site\/wp-content\/uploads\/2023\/01\/notibras23.png","contentUrl":"https:\/\/www.notibras.com\/site\/wp-content\/uploads\/2023\/01\/notibras23.png","width":350,"height":87,"caption":"Grupo Notibras de Comunica\u00e7\u00e3o"},"image":{"@id":"https:\/\/www.notibras.com\/site\/#\/schema\/logo\/image\/"},"sameAs":["https:\/\/www.facebook.com\/notibras\/","https:\/\/x.com\/Notibras","https:\/\/www.instagram.com\/notibras\/"]},{"@type":"Person","@id":"https:\/\/www.notibras.com\/site\/#\/schema\/person\/36ab0979449956132d3e5b517ea76ac8","name":"Reda\u00e7\u00e3o","image":{"@type":"ImageObject","inLanguage":"pt-BR","@id":"https:\/\/secure.gravatar.com\/avatar\/e0a867bdedb85fd243eadf09663511f96fc81e0720a4a42581f334ad4303aa6b?s=96&d=mm&r=g","url":"https:\/\/secure.gravatar.com\/avatar\/e0a867bdedb85fd243eadf09663511f96fc81e0720a4a42581f334ad4303aa6b?s=96&d=mm&r=g","contentUrl":"https:\/\/secure.gravatar.com\/avatar\/e0a867bdedb85fd243eadf09663511f96fc81e0720a4a42581f334ad4303aa6b?s=96&d=mm&r=g","caption":"Reda\u00e7\u00e3o"}}]}},"amp_enabled":true,"_links":{"self":[{"href":"https:\/\/www.notibras.com\/site\/wp-json\/wp\/v2\/posts\/356378","targetHints":{"allow":["GET"]}}],"collection":[{"href":"https:\/\/www.notibras.com\/site\/wp-json\/wp\/v2\/posts"}],"about":[{"href":"https:\/\/www.notibras.com\/site\/wp-json\/wp\/v2\/types\/post"}],"author":[{"embeddable":true,"href":"https:\/\/www.notibras.com\/site\/wp-json\/wp\/v2\/users\/2"}],"replies":[{"embeddable":true,"href":"https:\/\/www.notibras.com\/site\/wp-json\/wp\/v2\/comments?post=356378"}],"version-history":[{"count":2,"href":"https:\/\/www.notibras.com\/site\/wp-json\/wp\/v2\/posts\/356378\/revisions"}],"predecessor-version":[{"id":356381,"href":"https:\/\/www.notibras.com\/site\/wp-json\/wp\/v2\/posts\/356378\/revisions\/356381"}],"wp:featuredmedia":[{"embeddable":true,"href":"https:\/\/www.notibras.com\/site\/wp-json\/wp\/v2\/media\/356379"}],"wp:attachment":[{"href":"https:\/\/www.notibras.com\/site\/wp-json\/wp\/v2\/media?parent=356378"}],"wp:term":[{"taxonomy":"category","embeddable":true,"href":"https:\/\/www.notibras.com\/site\/wp-json\/wp\/v2\/categories?post=356378"},{"taxonomy":"post_tag","embeddable":true,"href":"https:\/\/www.notibras.com\/site\/wp-json\/wp\/v2\/tags?post=356378"}],"curies":[{"name":"wp","href":"https:\/\/api.w.org\/{rel}","templated":true}]}}