{"id":35638,"date":"2015-02-01T17:13:34","date_gmt":"2015-02-01T20:13:34","guid":{"rendered":"http:\/\/www.notibras.com\/site\/?p=35638"},"modified":"2015-02-01T17:15:49","modified_gmt":"2015-02-01T20:15:49","slug":"renan-e-reeleito-para-presidir-senado-e-chama-adversarios-ao-dialogo","status":"publish","type":"post","link":"https:\/\/www.notibras.com\/site\/renan-e-reeleito-para-presidir-senado-e-chama-adversarios-ao-dialogo\/","title":{"rendered":"Renan, reeleito para presidir o Senado, proclama o di\u00e1logo"},"content":{"rendered":"<p>O senador Renan Calheiros (PMDB-AL) foi reeleito neste domingo para mais um mandato como presidente do Senado. Ele derrotou seu correligion\u00e1rio de Santa Catarina Luiz Henrique, com 49 votos contra 31, Houve um voto nulo. O alagoano recebeu o apoio de aliados da presidente Dilma Rousseff (PT). Este \u00e9 o quarto mandato de Renan no comando do Legislativo. A vota\u00e7\u00e3o foi secreta.<\/p>\n<p>Luiz Henrique recebeu apoio de senadores que fazem oposi\u00e7\u00e3o ao governo de Dilma. O nome de Renan chegou \u00a0a ser citado na Opera\u00e7\u00e3o Lava Jato, da Pol\u00edcia Federal, que investiga irregularidades na Petrobras, segundo informa\u00e7\u00f5es publicadas pela revista &#8220;Veja&#8221; e pelo jornal &#8220;O Estado de S\u00e3o Paulo&#8221;. N\u00e3o h\u00e1 nenhuma den\u00fancia formal contra ele. Renan nega qualquer tipo de envolvimento com o caso.<\/p>\n<p>A candidatura de Henrique \u00e9 um reflexo do racha do PMDB e descontentamento de parte do Senado com Renan na presid\u00eancia. Henrique obteve apoio de partidos da oposi\u00e7\u00e3o e dos chamados independentes. Nesta semana, declararam apoio a ele tr\u00eas senadores do PMDB e membros do PSB, do PDT, do PSDB, do PP, do PSOL e do DEM. Mesmo com o apoio, Henrique n\u00e3o obteve maioria dos votos.<\/p>\n<p>Renan tem apoio do Pal\u00e1cio do Planalto e do PT. Ap\u00f3s a ala rebelde do PMDB lan\u00e7ar a candidatura avulsa de Henrique, membros do governo atuaram nos bastidores em favor de Renan.<\/p>\n<p>Para pedir votos aos congressistas, Renan destacou os trabalhos do Senado Federal no \u00faltimo bi\u00eanio e a economia de recursos com os cortes de cargos comissionados. Tamb\u00e9m afirmou que \u00e9 independente dos outros Poderes e que desempenhou uma &#8220;presid\u00eancia coletiva&#8221;.<\/p>\n<p>&#8220;Senadoras e senadores o voto da confian\u00e7a de todos. Os daqui s\u00e3o testemunhas que sou um homem de equipe e que jogo para o time e n\u00e3o para a plateia. Tenho por princ\u00edpios dar oportunidades a todos. A presid\u00eancia continuar\u00e1 a ser coletiva&#8221;, discursou Renan.<\/p>\n<blockquote><p>Luiz Henrique foi o \u00fanico senador citado nominalmente por Renan durante seu discurso para rebater as cr\u00edticas veladas feitas pelo concorrente ao presidente do Senado. Henrique disse que se fosse eleito seria independente e n\u00e3o indicaria nomes para ocupar cargos em minist\u00e9rios e estatais do governo para que o Senado n\u00e3o fique subordinado aos desmandos do Pal\u00e1cio do Planalto.<\/p><\/blockquote>\n<p>&#8220;Quando o presidente se verga para pedir favores ao executivo, ele perde autonomia&#8221;, declarou Luiz Henrique. Foi uma cr\u00edtica direta a Renan que foi respons\u00e1vel por diversas indica\u00e7\u00f5es de cargos do governo. Suspeita-se que entre as nomea\u00e7\u00f5es est\u00e1 o ex-diretor da Petrobras Nestor Cerver\u00f3, preso em Curitiba, mas Renan nega que tenha feito a indica\u00e7\u00e3o.<\/p>\n<p>Esta \u00e9 terceira vez que Renan \u00e9 eleito para o cargo. Ele j\u00e1 ocupou o cargo em 2005, mas deixou a presid\u00eancia em 2007 ap\u00f3s esc\u00e2ndalos envolvendo seu nome. Na \u00e9poca, surgiram den\u00fancias de que ele usou dinheiro de lobista para pagar pens\u00e3o de uma filha fora do casamento. Renan chegou a sofrer um processo de cassa\u00e7\u00e3o, mas foi absolvido pelo plen\u00e1rio do Senado. Em 2013, ele voltou a presidir a Casa.<\/p>\n<p>O presidente do Senado tamb\u00e9m \u00e9 do Congresso e coordena os trabalhos e as pautas das duas Casas. Tamb\u00e9m o terceiro na linha sucess\u00f3ria da Presid\u00eancia da Rep\u00fablica, depois do vice-presidente e do presidente da C\u00e2mara.<\/p>\n<p><strong>Da Reda\u00e7\u00e3o com UOL<\/strong><\/p>\n","protected":false},"excerpt":{"rendered":"<p>O senador Renan Calheiros (PMDB-AL) foi reeleito neste domingo para mais um mandato como presidente do Senado. Ele derrotou seu correligion\u00e1rio de Santa Catarina Luiz Henrique, com 49 votos contra 31, Houve um voto nulo. O alagoano recebeu o apoio de aliados da presidente Dilma Rousseff (PT). Este \u00e9 o quarto mandato de Renan no [&hellip;]<\/p>\n","protected":false},"author":2,"featured_media":35639,"comment_status":"open","ping_status":"closed","sticky":false,"template":"","format":"standard","meta":{"_acf_changed":false,"footnotes":""},"categories":[16],"tags":[],"class_list":["post-35638","post","type-post","status-publish","format-standard","has-post-thumbnail","hentry","category-brasil"],"acf":[],"yoast_head":"<!-- This site is optimized with the Yoast SEO plugin v27.2 - https:\/\/yoast.com\/product\/yoast-seo-wordpress\/ -->\n<title>Renan, reeleito para presidir o Senado, proclama o di\u00e1logo - Notibras<\/title>\n<meta name=\"robots\" content=\"index, follow, max-snippet:-1, max-image-preview:large, max-video-preview:-1\" \/>\n<link rel=\"canonical\" href=\"https:\/\/www.notibras.com\/site\/renan-e-reeleito-para-presidir-senado-e-chama-adversarios-ao-dialogo\/\" \/>\n<meta property=\"og:locale\" content=\"pt_BR\" \/>\n<meta property=\"og:type\" content=\"article\" \/>\n<meta property=\"og:title\" content=\"Renan, reeleito para presidir o Senado, proclama o di\u00e1logo - Notibras\" \/>\n<meta property=\"og:description\" content=\"O senador Renan Calheiros (PMDB-AL) foi reeleito neste domingo para mais um mandato como presidente do Senado. Ele derrotou seu correligion\u00e1rio de Santa Catarina Luiz Henrique, com 49 votos contra 31, Houve um voto nulo. O alagoano recebeu o apoio de aliados da presidente Dilma Rousseff (PT). Este \u00e9 o quarto mandato de Renan no [&hellip;]\" \/>\n<meta property=\"og:url\" content=\"https:\/\/www.notibras.com\/site\/renan-e-reeleito-para-presidir-senado-e-chama-adversarios-ao-dialogo\/\" \/>\n<meta property=\"og:site_name\" content=\"Notibras\" \/>\n<meta property=\"article:publisher\" content=\"https:\/\/www.facebook.com\/notibras\/\" \/>\n<meta property=\"article:published_time\" content=\"2015-02-01T20:13:34+00:00\" \/>\n<meta property=\"article:modified_time\" content=\"2015-02-01T20:15:49+00:00\" \/>\n<meta property=\"og:image\" content=\"https:\/\/www.notibras.com\/site\/wp-content\/uploads\/2015\/02\/mesasenado2.jpg\" \/>\n\t<meta property=\"og:image:width\" content=\"407\" \/>\n\t<meta property=\"og:image:height\" content=\"305\" \/>\n\t<meta property=\"og:image:type\" content=\"image\/jpeg\" \/>\n<meta name=\"author\" content=\"Reda\u00e7\u00e3o\" \/>\n<meta name=\"twitter:card\" content=\"summary_large_image\" \/>\n<meta name=\"twitter:creator\" content=\"@Notibras\" \/>\n<meta name=\"twitter:site\" content=\"@Notibras\" \/>\n<meta name=\"twitter:label1\" content=\"Escrito por\" \/>\n\t<meta name=\"twitter:data1\" content=\"Reda\u00e7\u00e3o\" \/>\n\t<meta name=\"twitter:label2\" content=\"Est. tempo de leitura\" \/>\n\t<meta name=\"twitter:data2\" content=\"3 minutos\" \/>\n<script type=\"application\/ld+json\" class=\"yoast-schema-graph\">{\"@context\":\"https:\/\/schema.org\",\"@graph\":[{\"@type\":\"Article\",\"@id\":\"https:\/\/www.notibras.com\/site\/renan-e-reeleito-para-presidir-senado-e-chama-adversarios-ao-dialogo\/#article\",\"isPartOf\":{\"@id\":\"https:\/\/www.notibras.com\/site\/renan-e-reeleito-para-presidir-senado-e-chama-adversarios-ao-dialogo\/\"},\"author\":{\"name\":\"Reda\u00e7\u00e3o\",\"@id\":\"https:\/\/www.notibras.com\/site\/#\/schema\/person\/36ab0979449956132d3e5b517ea76ac8\"},\"headline\":\"Renan, reeleito para presidir o Senado, proclama o di\u00e1logo\",\"datePublished\":\"2015-02-01T20:13:34+00:00\",\"dateModified\":\"2015-02-01T20:15:49+00:00\",\"mainEntityOfPage\":{\"@id\":\"https:\/\/www.notibras.com\/site\/renan-e-reeleito-para-presidir-senado-e-chama-adversarios-ao-dialogo\/\"},\"wordCount\":582,\"commentCount\":0,\"publisher\":{\"@id\":\"https:\/\/www.notibras.com\/site\/#organization\"},\"image\":{\"@id\":\"https:\/\/www.notibras.com\/site\/renan-e-reeleito-para-presidir-senado-e-chama-adversarios-ao-dialogo\/#primaryimage\"},\"thumbnailUrl\":\"https:\/\/www.notibras.com\/site\/wp-content\/uploads\/2015\/02\/mesasenado2.jpg\",\"articleSection\":[\"Brasil\"],\"inLanguage\":\"pt-BR\",\"potentialAction\":[{\"@type\":\"CommentAction\",\"name\":\"Comment\",\"target\":[\"https:\/\/www.notibras.com\/site\/renan-e-reeleito-para-presidir-senado-e-chama-adversarios-ao-dialogo\/#respond\"]}]},{\"@type\":\"WebPage\",\"@id\":\"https:\/\/www.notibras.com\/site\/renan-e-reeleito-para-presidir-senado-e-chama-adversarios-ao-dialogo\/\",\"url\":\"https:\/\/www.notibras.com\/site\/renan-e-reeleito-para-presidir-senado-e-chama-adversarios-ao-dialogo\/\",\"name\":\"Renan, reeleito para presidir o Senado, proclama o di\u00e1logo - Notibras\",\"isPartOf\":{\"@id\":\"https:\/\/www.notibras.com\/site\/#website\"},\"primaryImageOfPage\":{\"@id\":\"https:\/\/www.notibras.com\/site\/renan-e-reeleito-para-presidir-senado-e-chama-adversarios-ao-dialogo\/#primaryimage\"},\"image\":{\"@id\":\"https:\/\/www.notibras.com\/site\/renan-e-reeleito-para-presidir-senado-e-chama-adversarios-ao-dialogo\/#primaryimage\"},\"thumbnailUrl\":\"https:\/\/www.notibras.com\/site\/wp-content\/uploads\/2015\/02\/mesasenado2.jpg\",\"datePublished\":\"2015-02-01T20:13:34+00:00\",\"dateModified\":\"2015-02-01T20:15:49+00:00\",\"breadcrumb\":{\"@id\":\"https:\/\/www.notibras.com\/site\/renan-e-reeleito-para-presidir-senado-e-chama-adversarios-ao-dialogo\/#breadcrumb\"},\"inLanguage\":\"pt-BR\",\"potentialAction\":[{\"@type\":\"ReadAction\",\"target\":[\"https:\/\/www.notibras.com\/site\/renan-e-reeleito-para-presidir-senado-e-chama-adversarios-ao-dialogo\/\"]}]},{\"@type\":\"ImageObject\",\"inLanguage\":\"pt-BR\",\"@id\":\"https:\/\/www.notibras.com\/site\/renan-e-reeleito-para-presidir-senado-e-chama-adversarios-ao-dialogo\/#primaryimage\",\"url\":\"https:\/\/www.notibras.com\/site\/wp-content\/uploads\/2015\/02\/mesasenado2.jpg\",\"contentUrl\":\"https:\/\/www.notibras.com\/site\/wp-content\/uploads\/2015\/02\/mesasenado2.jpg\",\"width\":407,\"height\":305},{\"@type\":\"BreadcrumbList\",\"@id\":\"https:\/\/www.notibras.com\/site\/renan-e-reeleito-para-presidir-senado-e-chama-adversarios-ao-dialogo\/#breadcrumb\",\"itemListElement\":[{\"@type\":\"ListItem\",\"position\":1,\"name\":\"In\u00edcio\",\"item\":\"https:\/\/www.notibras.com\/site\/\"},{\"@type\":\"ListItem\",\"position\":2,\"name\":\"Renan, reeleito para presidir o Senado, proclama o di\u00e1logo\"}]},{\"@type\":\"WebSite\",\"@id\":\"https:\/\/www.notibras.com\/site\/#website\",\"url\":\"https:\/\/www.notibras.com\/site\/\",\"name\":\"Notibras\",\"description\":\"Not\u00edcias de Bras\u00edlia, do Brasil e do Mundo\",\"publisher\":{\"@id\":\"https:\/\/www.notibras.com\/site\/#organization\"},\"potentialAction\":[{\"@type\":\"SearchAction\",\"target\":{\"@type\":\"EntryPoint\",\"urlTemplate\":\"https:\/\/www.notibras.com\/site\/?s={search_term_string}\"},\"query-input\":{\"@type\":\"PropertyValueSpecification\",\"valueRequired\":true,\"valueName\":\"search_term_string\"}}],\"inLanguage\":\"pt-BR\"},{\"@type\":\"Organization\",\"@id\":\"https:\/\/www.notibras.com\/site\/#organization\",\"name\":\"Grupo Notibras de Comunica\u00e7\u00e3o\",\"url\":\"https:\/\/www.notibras.com\/site\/\",\"logo\":{\"@type\":\"ImageObject\",\"inLanguage\":\"pt-BR\",\"@id\":\"https:\/\/www.notibras.com\/site\/#\/schema\/logo\/image\/\",\"url\":\"https:\/\/www.notibras.com\/site\/wp-content\/uploads\/2023\/01\/notibras23.png\",\"contentUrl\":\"https:\/\/www.notibras.com\/site\/wp-content\/uploads\/2023\/01\/notibras23.png\",\"width\":350,\"height\":87,\"caption\":\"Grupo Notibras de Comunica\u00e7\u00e3o\"},\"image\":{\"@id\":\"https:\/\/www.notibras.com\/site\/#\/schema\/logo\/image\/\"},\"sameAs\":[\"https:\/\/www.facebook.com\/notibras\/\",\"https:\/\/x.com\/Notibras\",\"https:\/\/www.instagram.com\/notibras\/\"]},{\"@type\":\"Person\",\"@id\":\"https:\/\/www.notibras.com\/site\/#\/schema\/person\/36ab0979449956132d3e5b517ea76ac8\",\"name\":\"Reda\u00e7\u00e3o\",\"image\":{\"@type\":\"ImageObject\",\"inLanguage\":\"pt-BR\",\"@id\":\"https:\/\/secure.gravatar.com\/avatar\/e0a867bdedb85fd243eadf09663511f96fc81e0720a4a42581f334ad4303aa6b?s=96&d=mm&r=g\",\"url\":\"https:\/\/secure.gravatar.com\/avatar\/e0a867bdedb85fd243eadf09663511f96fc81e0720a4a42581f334ad4303aa6b?s=96&d=mm&r=g\",\"contentUrl\":\"https:\/\/secure.gravatar.com\/avatar\/e0a867bdedb85fd243eadf09663511f96fc81e0720a4a42581f334ad4303aa6b?s=96&d=mm&r=g\",\"caption\":\"Reda\u00e7\u00e3o\"}}]}<\/script>\n<!-- \/ Yoast SEO plugin. -->","yoast_head_json":{"title":"Renan, reeleito para presidir o Senado, proclama o di\u00e1logo - Notibras","robots":{"index":"index","follow":"follow","max-snippet":"max-snippet:-1","max-image-preview":"max-image-preview:large","max-video-preview":"max-video-preview:-1"},"canonical":"https:\/\/www.notibras.com\/site\/renan-e-reeleito-para-presidir-senado-e-chama-adversarios-ao-dialogo\/","og_locale":"pt_BR","og_type":"article","og_title":"Renan, reeleito para presidir o Senado, proclama o di\u00e1logo - Notibras","og_description":"O senador Renan Calheiros (PMDB-AL) foi reeleito neste domingo para mais um mandato como presidente do Senado. Ele derrotou seu correligion\u00e1rio de Santa Catarina Luiz Henrique, com 49 votos contra 31, Houve um voto nulo. O alagoano recebeu o apoio de aliados da presidente Dilma Rousseff (PT). Este \u00e9 o quarto mandato de Renan no [&hellip;]","og_url":"https:\/\/www.notibras.com\/site\/renan-e-reeleito-para-presidir-senado-e-chama-adversarios-ao-dialogo\/","og_site_name":"Notibras","article_publisher":"https:\/\/www.facebook.com\/notibras\/","article_published_time":"2015-02-01T20:13:34+00:00","article_modified_time":"2015-02-01T20:15:49+00:00","og_image":[{"width":407,"height":305,"url":"https:\/\/www.notibras.com\/site\/wp-content\/uploads\/2015\/02\/mesasenado2.jpg","type":"image\/jpeg"}],"author":"Reda\u00e7\u00e3o","twitter_card":"summary_large_image","twitter_creator":"@Notibras","twitter_site":"@Notibras","twitter_misc":{"Escrito por":"Reda\u00e7\u00e3o","Est. tempo de leitura":"3 minutos"},"schema":{"@context":"https:\/\/schema.org","@graph":[{"@type":"Article","@id":"https:\/\/www.notibras.com\/site\/renan-e-reeleito-para-presidir-senado-e-chama-adversarios-ao-dialogo\/#article","isPartOf":{"@id":"https:\/\/www.notibras.com\/site\/renan-e-reeleito-para-presidir-senado-e-chama-adversarios-ao-dialogo\/"},"author":{"name":"Reda\u00e7\u00e3o","@id":"https:\/\/www.notibras.com\/site\/#\/schema\/person\/36ab0979449956132d3e5b517ea76ac8"},"headline":"Renan, reeleito para presidir o Senado, proclama o di\u00e1logo","datePublished":"2015-02-01T20:13:34+00:00","dateModified":"2015-02-01T20:15:49+00:00","mainEntityOfPage":{"@id":"https:\/\/www.notibras.com\/site\/renan-e-reeleito-para-presidir-senado-e-chama-adversarios-ao-dialogo\/"},"wordCount":582,"commentCount":0,"publisher":{"@id":"https:\/\/www.notibras.com\/site\/#organization"},"image":{"@id":"https:\/\/www.notibras.com\/site\/renan-e-reeleito-para-presidir-senado-e-chama-adversarios-ao-dialogo\/#primaryimage"},"thumbnailUrl":"https:\/\/www.notibras.com\/site\/wp-content\/uploads\/2015\/02\/mesasenado2.jpg","articleSection":["Brasil"],"inLanguage":"pt-BR","potentialAction":[{"@type":"CommentAction","name":"Comment","target":["https:\/\/www.notibras.com\/site\/renan-e-reeleito-para-presidir-senado-e-chama-adversarios-ao-dialogo\/#respond"]}]},{"@type":"WebPage","@id":"https:\/\/www.notibras.com\/site\/renan-e-reeleito-para-presidir-senado-e-chama-adversarios-ao-dialogo\/","url":"https:\/\/www.notibras.com\/site\/renan-e-reeleito-para-presidir-senado-e-chama-adversarios-ao-dialogo\/","name":"Renan, reeleito para presidir o Senado, proclama o di\u00e1logo - Notibras","isPartOf":{"@id":"https:\/\/www.notibras.com\/site\/#website"},"primaryImageOfPage":{"@id":"https:\/\/www.notibras.com\/site\/renan-e-reeleito-para-presidir-senado-e-chama-adversarios-ao-dialogo\/#primaryimage"},"image":{"@id":"https:\/\/www.notibras.com\/site\/renan-e-reeleito-para-presidir-senado-e-chama-adversarios-ao-dialogo\/#primaryimage"},"thumbnailUrl":"https:\/\/www.notibras.com\/site\/wp-content\/uploads\/2015\/02\/mesasenado2.jpg","datePublished":"2015-02-01T20:13:34+00:00","dateModified":"2015-02-01T20:15:49+00:00","breadcrumb":{"@id":"https:\/\/www.notibras.com\/site\/renan-e-reeleito-para-presidir-senado-e-chama-adversarios-ao-dialogo\/#breadcrumb"},"inLanguage":"pt-BR","potentialAction":[{"@type":"ReadAction","target":["https:\/\/www.notibras.com\/site\/renan-e-reeleito-para-presidir-senado-e-chama-adversarios-ao-dialogo\/"]}]},{"@type":"ImageObject","inLanguage":"pt-BR","@id":"https:\/\/www.notibras.com\/site\/renan-e-reeleito-para-presidir-senado-e-chama-adversarios-ao-dialogo\/#primaryimage","url":"https:\/\/www.notibras.com\/site\/wp-content\/uploads\/2015\/02\/mesasenado2.jpg","contentUrl":"https:\/\/www.notibras.com\/site\/wp-content\/uploads\/2015\/02\/mesasenado2.jpg","width":407,"height":305},{"@type":"BreadcrumbList","@id":"https:\/\/www.notibras.com\/site\/renan-e-reeleito-para-presidir-senado-e-chama-adversarios-ao-dialogo\/#breadcrumb","itemListElement":[{"@type":"ListItem","position":1,"name":"In\u00edcio","item":"https:\/\/www.notibras.com\/site\/"},{"@type":"ListItem","position":2,"name":"Renan, reeleito para presidir o Senado, proclama o di\u00e1logo"}]},{"@type":"WebSite","@id":"https:\/\/www.notibras.com\/site\/#website","url":"https:\/\/www.notibras.com\/site\/","name":"Notibras","description":"Not\u00edcias de Bras\u00edlia, do Brasil e do Mundo","publisher":{"@id":"https:\/\/www.notibras.com\/site\/#organization"},"potentialAction":[{"@type":"SearchAction","target":{"@type":"EntryPoint","urlTemplate":"https:\/\/www.notibras.com\/site\/?s={search_term_string}"},"query-input":{"@type":"PropertyValueSpecification","valueRequired":true,"valueName":"search_term_string"}}],"inLanguage":"pt-BR"},{"@type":"Organization","@id":"https:\/\/www.notibras.com\/site\/#organization","name":"Grupo Notibras de Comunica\u00e7\u00e3o","url":"https:\/\/www.notibras.com\/site\/","logo":{"@type":"ImageObject","inLanguage":"pt-BR","@id":"https:\/\/www.notibras.com\/site\/#\/schema\/logo\/image\/","url":"https:\/\/www.notibras.com\/site\/wp-content\/uploads\/2023\/01\/notibras23.png","contentUrl":"https:\/\/www.notibras.com\/site\/wp-content\/uploads\/2023\/01\/notibras23.png","width":350,"height":87,"caption":"Grupo Notibras de Comunica\u00e7\u00e3o"},"image":{"@id":"https:\/\/www.notibras.com\/site\/#\/schema\/logo\/image\/"},"sameAs":["https:\/\/www.facebook.com\/notibras\/","https:\/\/x.com\/Notibras","https:\/\/www.instagram.com\/notibras\/"]},{"@type":"Person","@id":"https:\/\/www.notibras.com\/site\/#\/schema\/person\/36ab0979449956132d3e5b517ea76ac8","name":"Reda\u00e7\u00e3o","image":{"@type":"ImageObject","inLanguage":"pt-BR","@id":"https:\/\/secure.gravatar.com\/avatar\/e0a867bdedb85fd243eadf09663511f96fc81e0720a4a42581f334ad4303aa6b?s=96&d=mm&r=g","url":"https:\/\/secure.gravatar.com\/avatar\/e0a867bdedb85fd243eadf09663511f96fc81e0720a4a42581f334ad4303aa6b?s=96&d=mm&r=g","contentUrl":"https:\/\/secure.gravatar.com\/avatar\/e0a867bdedb85fd243eadf09663511f96fc81e0720a4a42581f334ad4303aa6b?s=96&d=mm&r=g","caption":"Reda\u00e7\u00e3o"}}]}},"amp_enabled":true,"_links":{"self":[{"href":"https:\/\/www.notibras.com\/site\/wp-json\/wp\/v2\/posts\/35638","targetHints":{"allow":["GET"]}}],"collection":[{"href":"https:\/\/www.notibras.com\/site\/wp-json\/wp\/v2\/posts"}],"about":[{"href":"https:\/\/www.notibras.com\/site\/wp-json\/wp\/v2\/types\/post"}],"author":[{"embeddable":true,"href":"https:\/\/www.notibras.com\/site\/wp-json\/wp\/v2\/users\/2"}],"replies":[{"embeddable":true,"href":"https:\/\/www.notibras.com\/site\/wp-json\/wp\/v2\/comments?post=35638"}],"version-history":[{"count":0,"href":"https:\/\/www.notibras.com\/site\/wp-json\/wp\/v2\/posts\/35638\/revisions"}],"wp:featuredmedia":[{"embeddable":true,"href":"https:\/\/www.notibras.com\/site\/wp-json\/wp\/v2\/media\/35639"}],"wp:attachment":[{"href":"https:\/\/www.notibras.com\/site\/wp-json\/wp\/v2\/media?parent=35638"}],"wp:term":[{"taxonomy":"category","embeddable":true,"href":"https:\/\/www.notibras.com\/site\/wp-json\/wp\/v2\/categories?post=35638"},{"taxonomy":"post_tag","embeddable":true,"href":"https:\/\/www.notibras.com\/site\/wp-json\/wp\/v2\/tags?post=35638"}],"curies":[{"name":"wp","href":"https:\/\/api.w.org\/{rel}","templated":true}]}}