{"id":356382,"date":"2025-06-23T07:16:16","date_gmt":"2025-06-23T10:16:16","guid":{"rendered":"https:\/\/www.notibras.com\/site\/?p=356382"},"modified":"2025-06-23T07:17:30","modified_gmt":"2025-06-23T10:17:30","slug":"narcisistas-e-egocentricos-trump-e-netanyahu-se-aliam-na-marcha-da-insensatez","status":"publish","type":"post","link":"https:\/\/www.notibras.com\/site\/narcisistas-e-egocentricos-trump-e-netanyahu-se-aliam-na-marcha-da-insensatez\/","title":{"rendered":"Narcisistas e egoc\u00eantricos, Trump e Netanyahu se aliam na marcha da insensatez"},"content":{"rendered":"<p>Desde o epis\u00f3dio das Torres G\u00eameas, nos Estados Unidos, o protocolo mundial \u00e9 acusar o Ir\u00e3 e seus l\u00edderes de terrorismo. N\u00e3o \u00e9 nenhum exagero, tampouco nenhuma mentira deslavada. Todavia, a ladainha contra os aiatol\u00e1s, divulgada a c\u00e9u aberto pelo mandat\u00e1rio de Israel, Benjamin Netanyahu, chegou de tal modo ao Ocidente que hoje n\u00e3o h\u00e1 campanha que tire do regime de Teer\u00e3 a origem de qualquer atentado terrorista pelo mundo. Tudo a ver com o ditado popular \u201cquem faz a fama, deita na cama\u201d.<\/p>\n<p>Com a Revolu\u00e7\u00e3o Isl\u00e2mica, em 1979, a teocracia iraniana construiu uma reputa\u00e7\u00e3o pouco republicana. O resultado \u00e9 que, agora, os teocratas isl\u00e2micos t\u00eam de lidar com as consequ\u00eancias. Seria o Ir\u00e3 uma m\u00e1quina de matar? Talvez, mas certamente muito parecida com o prazer mort\u00edfero do insensato e d\u00e9bil Benjamin Netanyahu, cuja brincadeira preferida \u00e9 esculhambar e matar palestinos a tiros ou de fome. Nesse fim de semana, como se fosse sua \u00faltima bala na agulha, Bibi recorreu a Donald Trump, seu colega de loucura contra o mundo, para explodir usinas nucleares em Teer\u00e3.<\/p>\n<p>Nessa marcha da insensatez, Netanyahu e Trump alcan\u00e7aram o c\u00famulo da irresponsabilidade ao ordenar ataques \u00e0s usinas nucleares do Ir\u00e3. Preocupados somente com a supremacia no pa\u00eds de Ali Khamenei e dos aiatol\u00e1s supostamente financiadores do terror, ambos se lixaram solenemente para a possibilidade concreta da morte de dezenas de milhares de inocentes persas e at\u00e9 judeus por causa do vazamento de materiais radioativos. Em tempos de S\u00e3o Jo\u00e3o e S\u00e3o Pedro no Brasil, o fato \u00e9 que, no Oriente M\u00e9dio, Trump, Netanyahu e seus seguidores est\u00e3o brincando com fogo e com a vida de milh\u00f5es de seres humanos.<\/p>\n<p>Imaginemos um erro no ataque e a essa altura a nuvem radioativa j\u00e1 teria ultrapassado as fronteiras dos pa\u00edses envolvidos nesse conflito de egos. E se Vladimir Putin, simpatizante das causas iranianas, ajudasse Khamenei a explodir os numerosos reatores nucleares de Israel? Tamb\u00e9m doido de pedra, o l\u00edder russo provavelmente seria queimado vivo em pra\u00e7a p\u00fablica pelos defensores das macaquices mortais elaboradas e produzidas pela extrema-direita, segmento pol\u00edtico ao qual pertencem Trump, Bibi e mais um bando de egoc\u00eantricos loucos pelo poder espalhados pelo mundo.<\/p>\n<p>Narcisista aloprado, sem b\u00fassola e, principalmente, sem freios, Netanyahu vem impondo sacrif\u00edcios de todos os tipos \u00e0s fam\u00edlias israelenses e sangue, muito sangue, al\u00e9m de covas rasas aos palestinos. Enquanto sorri e se mant\u00e9m indiferente diante da morte, ele trabalha incessante e ferozmente para sua glorifica\u00e7\u00e3o eterna e hist\u00f3rica como o l\u00edder das meias verdades, da afirma\u00e7\u00e3o da seguran\u00e7a e do poder e da santifica\u00e7\u00e3o da for\u00e7a como forma de se vingar da opress\u00e3o imposta pelos alem\u00e3es durante a Segunda Guerra Mundial, ocasi\u00e3o do assassinato em massa de cerca de seis milh\u00f5es de judeus.<\/p>\n<p>Transformar o Ir\u00e3 em cinzas, como fez com a Faixa de Gaza, n\u00e3o transformar\u00e1 o l\u00edder judeu em her\u00f3i mundial, tampouco em um novo Messias do povo judeu. Muito pelo contr\u00e1rio. Repetir a crueldade do Holocausto em Teer\u00e3 ou em Gaza talvez sirva para que boa parte da sociedade israelense antecipe o sonho democrata de colar o nome de Bibi em um busto com a casaca nazista em uma prateleira apinhada de monstros com caras de santos. Como amante da paz mundial, eu tamb\u00e9m desejo o fim do regime terrorista de Teer\u00e3. Entretanto, Trump, pe\u00e7o a Deus que Netanyahu e todos aqueles que n\u00e3o t\u00eam miseric\u00f3rdia com os semelhantes tamb\u00e9m sejam colocados no mesmo balaio furado no meio do Oceano Ar\u00e1bico.<\/p>\n<p>&#8230;&#8230;&#8230;&#8230;&#8230;&#8230;..<\/p>\n<p><strong>Misael Igreja \u00e9 analista de Notibras para assuntos pol\u00edticos, econ\u00f4micos e sociais<\/strong><\/p>\n","protected":false},"excerpt":{"rendered":"<p>Desde o epis\u00f3dio das Torres G\u00eameas, nos Estados Unidos, o protocolo mundial \u00e9 acusar o Ir\u00e3 e seus l\u00edderes de terrorismo. N\u00e3o \u00e9 nenhum exagero, tampouco nenhuma mentira deslavada. Todavia, a ladainha contra os aiatol\u00e1s, divulgada a c\u00e9u aberto pelo mandat\u00e1rio de Israel, Benjamin Netanyahu, chegou de tal modo ao Ocidente que hoje n\u00e3o h\u00e1 [&hellip;]<\/p>\n","protected":false},"author":2,"featured_media":356383,"comment_status":"closed","ping_status":"closed","sticky":false,"template":"","format":"standard","meta":{"_acf_changed":false,"footnotes":""},"categories":[159],"tags":[95],"class_list":["post-356382","post","type-post","status-publish","format-standard","has-post-thumbnail","hentry","category-apocalipse","tag-capa"],"acf":[],"yoast_head":"<!-- This site is optimized with the Yoast SEO plugin v27.2 - https:\/\/yoast.com\/product\/yoast-seo-wordpress\/ -->\n<title>Narcisistas e egoc\u00eantricos, Trump e Netanyahu se aliam na marcha da insensatez - Notibras<\/title>\n<meta name=\"robots\" content=\"index, follow, max-snippet:-1, max-image-preview:large, max-video-preview:-1\" \/>\n<link rel=\"canonical\" href=\"https:\/\/www.notibras.com\/site\/narcisistas-e-egocentricos-trump-e-netanyahu-se-aliam-na-marcha-da-insensatez\/\" \/>\n<meta property=\"og:locale\" content=\"pt_BR\" \/>\n<meta property=\"og:type\" content=\"article\" \/>\n<meta property=\"og:title\" content=\"Narcisistas e egoc\u00eantricos, Trump e Netanyahu se aliam na marcha da insensatez - Notibras\" \/>\n<meta property=\"og:description\" content=\"Desde o epis\u00f3dio das Torres G\u00eameas, nos Estados Unidos, o protocolo mundial \u00e9 acusar o Ir\u00e3 e seus l\u00edderes de terrorismo. N\u00e3o \u00e9 nenhum exagero, tampouco nenhuma mentira deslavada. Todavia, a ladainha contra os aiatol\u00e1s, divulgada a c\u00e9u aberto pelo mandat\u00e1rio de Israel, Benjamin Netanyahu, chegou de tal modo ao Ocidente que hoje n\u00e3o h\u00e1 [&hellip;]\" \/>\n<meta property=\"og:url\" content=\"https:\/\/www.notibras.com\/site\/narcisistas-e-egocentricos-trump-e-netanyahu-se-aliam-na-marcha-da-insensatez\/\" \/>\n<meta property=\"og:site_name\" content=\"Notibras\" \/>\n<meta property=\"article:publisher\" content=\"https:\/\/www.facebook.com\/notibras\/\" \/>\n<meta property=\"article:published_time\" content=\"2025-06-23T10:16:16+00:00\" \/>\n<meta property=\"article:modified_time\" content=\"2025-06-23T10:17:30+00:00\" \/>\n<meta property=\"og:image\" content=\"https:\/\/www.notibras.com\/site\/wp-content\/uploads\/2025\/06\/Donald-Trump-told-Israel-Prime-Minister-Netanyahu_-KEEP-GOING-with-strikes-against-Iran-.jpeg\" \/>\n\t<meta property=\"og:image:width\" content=\"701\" \/>\n\t<meta property=\"og:image:height\" content=\"438\" \/>\n\t<meta property=\"og:image:type\" content=\"image\/jpeg\" \/>\n<meta name=\"author\" content=\"Reda\u00e7\u00e3o\" \/>\n<meta name=\"twitter:card\" content=\"summary_large_image\" \/>\n<meta name=\"twitter:creator\" content=\"@Notibras\" \/>\n<meta name=\"twitter:site\" content=\"@Notibras\" \/>\n<meta name=\"twitter:label1\" content=\"Escrito por\" \/>\n\t<meta name=\"twitter:data1\" content=\"Reda\u00e7\u00e3o\" \/>\n\t<meta name=\"twitter:label2\" content=\"Est. tempo de leitura\" \/>\n\t<meta name=\"twitter:data2\" content=\"4 minutos\" \/>\n<script type=\"application\/ld+json\" class=\"yoast-schema-graph\">{\"@context\":\"https:\/\/schema.org\",\"@graph\":[{\"@type\":\"Article\",\"@id\":\"https:\/\/www.notibras.com\/site\/narcisistas-e-egocentricos-trump-e-netanyahu-se-aliam-na-marcha-da-insensatez\/#article\",\"isPartOf\":{\"@id\":\"https:\/\/www.notibras.com\/site\/narcisistas-e-egocentricos-trump-e-netanyahu-se-aliam-na-marcha-da-insensatez\/\"},\"author\":{\"name\":\"Reda\u00e7\u00e3o\",\"@id\":\"https:\/\/www.notibras.com\/site\/#\/schema\/person\/36ab0979449956132d3e5b517ea76ac8\"},\"headline\":\"Narcisistas e egoc\u00eantricos, Trump e Netanyahu se aliam na marcha da insensatez\",\"datePublished\":\"2025-06-23T10:16:16+00:00\",\"dateModified\":\"2025-06-23T10:17:30+00:00\",\"mainEntityOfPage\":{\"@id\":\"https:\/\/www.notibras.com\/site\/narcisistas-e-egocentricos-trump-e-netanyahu-se-aliam-na-marcha-da-insensatez\/\"},\"wordCount\":657,\"publisher\":{\"@id\":\"https:\/\/www.notibras.com\/site\/#organization\"},\"image\":{\"@id\":\"https:\/\/www.notibras.com\/site\/narcisistas-e-egocentricos-trump-e-netanyahu-se-aliam-na-marcha-da-insensatez\/#primaryimage\"},\"thumbnailUrl\":\"https:\/\/www.notibras.com\/site\/wp-content\/uploads\/2025\/06\/Donald-Trump-told-Israel-Prime-Minister-Netanyahu_-KEEP-GOING-with-strikes-against-Iran-.jpeg\",\"keywords\":[\"capa\"],\"articleSection\":[\"Apocalipse\"],\"inLanguage\":\"pt-BR\"},{\"@type\":\"WebPage\",\"@id\":\"https:\/\/www.notibras.com\/site\/narcisistas-e-egocentricos-trump-e-netanyahu-se-aliam-na-marcha-da-insensatez\/\",\"url\":\"https:\/\/www.notibras.com\/site\/narcisistas-e-egocentricos-trump-e-netanyahu-se-aliam-na-marcha-da-insensatez\/\",\"name\":\"Narcisistas e egoc\u00eantricos, Trump e Netanyahu se aliam na marcha da insensatez - Notibras\",\"isPartOf\":{\"@id\":\"https:\/\/www.notibras.com\/site\/#website\"},\"primaryImageOfPage\":{\"@id\":\"https:\/\/www.notibras.com\/site\/narcisistas-e-egocentricos-trump-e-netanyahu-se-aliam-na-marcha-da-insensatez\/#primaryimage\"},\"image\":{\"@id\":\"https:\/\/www.notibras.com\/site\/narcisistas-e-egocentricos-trump-e-netanyahu-se-aliam-na-marcha-da-insensatez\/#primaryimage\"},\"thumbnailUrl\":\"https:\/\/www.notibras.com\/site\/wp-content\/uploads\/2025\/06\/Donald-Trump-told-Israel-Prime-Minister-Netanyahu_-KEEP-GOING-with-strikes-against-Iran-.jpeg\",\"datePublished\":\"2025-06-23T10:16:16+00:00\",\"dateModified\":\"2025-06-23T10:17:30+00:00\",\"breadcrumb\":{\"@id\":\"https:\/\/www.notibras.com\/site\/narcisistas-e-egocentricos-trump-e-netanyahu-se-aliam-na-marcha-da-insensatez\/#breadcrumb\"},\"inLanguage\":\"pt-BR\",\"potentialAction\":[{\"@type\":\"ReadAction\",\"target\":[\"https:\/\/www.notibras.com\/site\/narcisistas-e-egocentricos-trump-e-netanyahu-se-aliam-na-marcha-da-insensatez\/\"]}]},{\"@type\":\"ImageObject\",\"inLanguage\":\"pt-BR\",\"@id\":\"https:\/\/www.notibras.com\/site\/narcisistas-e-egocentricos-trump-e-netanyahu-se-aliam-na-marcha-da-insensatez\/#primaryimage\",\"url\":\"https:\/\/www.notibras.com\/site\/wp-content\/uploads\/2025\/06\/Donald-Trump-told-Israel-Prime-Minister-Netanyahu_-KEEP-GOING-with-strikes-against-Iran-.jpeg\",\"contentUrl\":\"https:\/\/www.notibras.com\/site\/wp-content\/uploads\/2025\/06\/Donald-Trump-told-Israel-Prime-Minister-Netanyahu_-KEEP-GOING-with-strikes-against-Iran-.jpeg\",\"width\":701,\"height\":438},{\"@type\":\"BreadcrumbList\",\"@id\":\"https:\/\/www.notibras.com\/site\/narcisistas-e-egocentricos-trump-e-netanyahu-se-aliam-na-marcha-da-insensatez\/#breadcrumb\",\"itemListElement\":[{\"@type\":\"ListItem\",\"position\":1,\"name\":\"In\u00edcio\",\"item\":\"https:\/\/www.notibras.com\/site\/\"},{\"@type\":\"ListItem\",\"position\":2,\"name\":\"Narcisistas e egoc\u00eantricos, Trump e Netanyahu se aliam na marcha da insensatez\"}]},{\"@type\":\"WebSite\",\"@id\":\"https:\/\/www.notibras.com\/site\/#website\",\"url\":\"https:\/\/www.notibras.com\/site\/\",\"name\":\"Notibras\",\"description\":\"Not\u00edcias de Bras\u00edlia, do Brasil e do Mundo\",\"publisher\":{\"@id\":\"https:\/\/www.notibras.com\/site\/#organization\"},\"potentialAction\":[{\"@type\":\"SearchAction\",\"target\":{\"@type\":\"EntryPoint\",\"urlTemplate\":\"https:\/\/www.notibras.com\/site\/?s={search_term_string}\"},\"query-input\":{\"@type\":\"PropertyValueSpecification\",\"valueRequired\":true,\"valueName\":\"search_term_string\"}}],\"inLanguage\":\"pt-BR\"},{\"@type\":\"Organization\",\"@id\":\"https:\/\/www.notibras.com\/site\/#organization\",\"name\":\"Grupo Notibras de Comunica\u00e7\u00e3o\",\"url\":\"https:\/\/www.notibras.com\/site\/\",\"logo\":{\"@type\":\"ImageObject\",\"inLanguage\":\"pt-BR\",\"@id\":\"https:\/\/www.notibras.com\/site\/#\/schema\/logo\/image\/\",\"url\":\"https:\/\/www.notibras.com\/site\/wp-content\/uploads\/2023\/01\/notibras23.png\",\"contentUrl\":\"https:\/\/www.notibras.com\/site\/wp-content\/uploads\/2023\/01\/notibras23.png\",\"width\":350,\"height\":87,\"caption\":\"Grupo Notibras de Comunica\u00e7\u00e3o\"},\"image\":{\"@id\":\"https:\/\/www.notibras.com\/site\/#\/schema\/logo\/image\/\"},\"sameAs\":[\"https:\/\/www.facebook.com\/notibras\/\",\"https:\/\/x.com\/Notibras\",\"https:\/\/www.instagram.com\/notibras\/\"]},{\"@type\":\"Person\",\"@id\":\"https:\/\/www.notibras.com\/site\/#\/schema\/person\/36ab0979449956132d3e5b517ea76ac8\",\"name\":\"Reda\u00e7\u00e3o\",\"image\":{\"@type\":\"ImageObject\",\"inLanguage\":\"pt-BR\",\"@id\":\"https:\/\/secure.gravatar.com\/avatar\/e0a867bdedb85fd243eadf09663511f96fc81e0720a4a42581f334ad4303aa6b?s=96&d=mm&r=g\",\"url\":\"https:\/\/secure.gravatar.com\/avatar\/e0a867bdedb85fd243eadf09663511f96fc81e0720a4a42581f334ad4303aa6b?s=96&d=mm&r=g\",\"contentUrl\":\"https:\/\/secure.gravatar.com\/avatar\/e0a867bdedb85fd243eadf09663511f96fc81e0720a4a42581f334ad4303aa6b?s=96&d=mm&r=g\",\"caption\":\"Reda\u00e7\u00e3o\"}}]}<\/script>\n<!-- \/ Yoast SEO plugin. -->","yoast_head_json":{"title":"Narcisistas e egoc\u00eantricos, Trump e Netanyahu se aliam na marcha da insensatez - Notibras","robots":{"index":"index","follow":"follow","max-snippet":"max-snippet:-1","max-image-preview":"max-image-preview:large","max-video-preview":"max-video-preview:-1"},"canonical":"https:\/\/www.notibras.com\/site\/narcisistas-e-egocentricos-trump-e-netanyahu-se-aliam-na-marcha-da-insensatez\/","og_locale":"pt_BR","og_type":"article","og_title":"Narcisistas e egoc\u00eantricos, Trump e Netanyahu se aliam na marcha da insensatez - Notibras","og_description":"Desde o epis\u00f3dio das Torres G\u00eameas, nos Estados Unidos, o protocolo mundial \u00e9 acusar o Ir\u00e3 e seus l\u00edderes de terrorismo. N\u00e3o \u00e9 nenhum exagero, tampouco nenhuma mentira deslavada. Todavia, a ladainha contra os aiatol\u00e1s, divulgada a c\u00e9u aberto pelo mandat\u00e1rio de Israel, Benjamin Netanyahu, chegou de tal modo ao Ocidente que hoje n\u00e3o h\u00e1 [&hellip;]","og_url":"https:\/\/www.notibras.com\/site\/narcisistas-e-egocentricos-trump-e-netanyahu-se-aliam-na-marcha-da-insensatez\/","og_site_name":"Notibras","article_publisher":"https:\/\/www.facebook.com\/notibras\/","article_published_time":"2025-06-23T10:16:16+00:00","article_modified_time":"2025-06-23T10:17:30+00:00","og_image":[{"width":701,"height":438,"url":"https:\/\/www.notibras.com\/site\/wp-content\/uploads\/2025\/06\/Donald-Trump-told-Israel-Prime-Minister-Netanyahu_-KEEP-GOING-with-strikes-against-Iran-.jpeg","type":"image\/jpeg"}],"author":"Reda\u00e7\u00e3o","twitter_card":"summary_large_image","twitter_creator":"@Notibras","twitter_site":"@Notibras","twitter_misc":{"Escrito por":"Reda\u00e7\u00e3o","Est. tempo de leitura":"4 minutos"},"schema":{"@context":"https:\/\/schema.org","@graph":[{"@type":"Article","@id":"https:\/\/www.notibras.com\/site\/narcisistas-e-egocentricos-trump-e-netanyahu-se-aliam-na-marcha-da-insensatez\/#article","isPartOf":{"@id":"https:\/\/www.notibras.com\/site\/narcisistas-e-egocentricos-trump-e-netanyahu-se-aliam-na-marcha-da-insensatez\/"},"author":{"name":"Reda\u00e7\u00e3o","@id":"https:\/\/www.notibras.com\/site\/#\/schema\/person\/36ab0979449956132d3e5b517ea76ac8"},"headline":"Narcisistas e egoc\u00eantricos, Trump e Netanyahu se aliam na marcha da insensatez","datePublished":"2025-06-23T10:16:16+00:00","dateModified":"2025-06-23T10:17:30+00:00","mainEntityOfPage":{"@id":"https:\/\/www.notibras.com\/site\/narcisistas-e-egocentricos-trump-e-netanyahu-se-aliam-na-marcha-da-insensatez\/"},"wordCount":657,"publisher":{"@id":"https:\/\/www.notibras.com\/site\/#organization"},"image":{"@id":"https:\/\/www.notibras.com\/site\/narcisistas-e-egocentricos-trump-e-netanyahu-se-aliam-na-marcha-da-insensatez\/#primaryimage"},"thumbnailUrl":"https:\/\/www.notibras.com\/site\/wp-content\/uploads\/2025\/06\/Donald-Trump-told-Israel-Prime-Minister-Netanyahu_-KEEP-GOING-with-strikes-against-Iran-.jpeg","keywords":["capa"],"articleSection":["Apocalipse"],"inLanguage":"pt-BR"},{"@type":"WebPage","@id":"https:\/\/www.notibras.com\/site\/narcisistas-e-egocentricos-trump-e-netanyahu-se-aliam-na-marcha-da-insensatez\/","url":"https:\/\/www.notibras.com\/site\/narcisistas-e-egocentricos-trump-e-netanyahu-se-aliam-na-marcha-da-insensatez\/","name":"Narcisistas e egoc\u00eantricos, Trump e Netanyahu se aliam na marcha da insensatez - Notibras","isPartOf":{"@id":"https:\/\/www.notibras.com\/site\/#website"},"primaryImageOfPage":{"@id":"https:\/\/www.notibras.com\/site\/narcisistas-e-egocentricos-trump-e-netanyahu-se-aliam-na-marcha-da-insensatez\/#primaryimage"},"image":{"@id":"https:\/\/www.notibras.com\/site\/narcisistas-e-egocentricos-trump-e-netanyahu-se-aliam-na-marcha-da-insensatez\/#primaryimage"},"thumbnailUrl":"https:\/\/www.notibras.com\/site\/wp-content\/uploads\/2025\/06\/Donald-Trump-told-Israel-Prime-Minister-Netanyahu_-KEEP-GOING-with-strikes-against-Iran-.jpeg","datePublished":"2025-06-23T10:16:16+00:00","dateModified":"2025-06-23T10:17:30+00:00","breadcrumb":{"@id":"https:\/\/www.notibras.com\/site\/narcisistas-e-egocentricos-trump-e-netanyahu-se-aliam-na-marcha-da-insensatez\/#breadcrumb"},"inLanguage":"pt-BR","potentialAction":[{"@type":"ReadAction","target":["https:\/\/www.notibras.com\/site\/narcisistas-e-egocentricos-trump-e-netanyahu-se-aliam-na-marcha-da-insensatez\/"]}]},{"@type":"ImageObject","inLanguage":"pt-BR","@id":"https:\/\/www.notibras.com\/site\/narcisistas-e-egocentricos-trump-e-netanyahu-se-aliam-na-marcha-da-insensatez\/#primaryimage","url":"https:\/\/www.notibras.com\/site\/wp-content\/uploads\/2025\/06\/Donald-Trump-told-Israel-Prime-Minister-Netanyahu_-KEEP-GOING-with-strikes-against-Iran-.jpeg","contentUrl":"https:\/\/www.notibras.com\/site\/wp-content\/uploads\/2025\/06\/Donald-Trump-told-Israel-Prime-Minister-Netanyahu_-KEEP-GOING-with-strikes-against-Iran-.jpeg","width":701,"height":438},{"@type":"BreadcrumbList","@id":"https:\/\/www.notibras.com\/site\/narcisistas-e-egocentricos-trump-e-netanyahu-se-aliam-na-marcha-da-insensatez\/#breadcrumb","itemListElement":[{"@type":"ListItem","position":1,"name":"In\u00edcio","item":"https:\/\/www.notibras.com\/site\/"},{"@type":"ListItem","position":2,"name":"Narcisistas e egoc\u00eantricos, Trump e Netanyahu se aliam na marcha da insensatez"}]},{"@type":"WebSite","@id":"https:\/\/www.notibras.com\/site\/#website","url":"https:\/\/www.notibras.com\/site\/","name":"Notibras","description":"Not\u00edcias de Bras\u00edlia, do Brasil e do Mundo","publisher":{"@id":"https:\/\/www.notibras.com\/site\/#organization"},"potentialAction":[{"@type":"SearchAction","target":{"@type":"EntryPoint","urlTemplate":"https:\/\/www.notibras.com\/site\/?s={search_term_string}"},"query-input":{"@type":"PropertyValueSpecification","valueRequired":true,"valueName":"search_term_string"}}],"inLanguage":"pt-BR"},{"@type":"Organization","@id":"https:\/\/www.notibras.com\/site\/#organization","name":"Grupo Notibras de Comunica\u00e7\u00e3o","url":"https:\/\/www.notibras.com\/site\/","logo":{"@type":"ImageObject","inLanguage":"pt-BR","@id":"https:\/\/www.notibras.com\/site\/#\/schema\/logo\/image\/","url":"https:\/\/www.notibras.com\/site\/wp-content\/uploads\/2023\/01\/notibras23.png","contentUrl":"https:\/\/www.notibras.com\/site\/wp-content\/uploads\/2023\/01\/notibras23.png","width":350,"height":87,"caption":"Grupo Notibras de Comunica\u00e7\u00e3o"},"image":{"@id":"https:\/\/www.notibras.com\/site\/#\/schema\/logo\/image\/"},"sameAs":["https:\/\/www.facebook.com\/notibras\/","https:\/\/x.com\/Notibras","https:\/\/www.instagram.com\/notibras\/"]},{"@type":"Person","@id":"https:\/\/www.notibras.com\/site\/#\/schema\/person\/36ab0979449956132d3e5b517ea76ac8","name":"Reda\u00e7\u00e3o","image":{"@type":"ImageObject","inLanguage":"pt-BR","@id":"https:\/\/secure.gravatar.com\/avatar\/e0a867bdedb85fd243eadf09663511f96fc81e0720a4a42581f334ad4303aa6b?s=96&d=mm&r=g","url":"https:\/\/secure.gravatar.com\/avatar\/e0a867bdedb85fd243eadf09663511f96fc81e0720a4a42581f334ad4303aa6b?s=96&d=mm&r=g","contentUrl":"https:\/\/secure.gravatar.com\/avatar\/e0a867bdedb85fd243eadf09663511f96fc81e0720a4a42581f334ad4303aa6b?s=96&d=mm&r=g","caption":"Reda\u00e7\u00e3o"}}]}},"amp_enabled":true,"_links":{"self":[{"href":"https:\/\/www.notibras.com\/site\/wp-json\/wp\/v2\/posts\/356382","targetHints":{"allow":["GET"]}}],"collection":[{"href":"https:\/\/www.notibras.com\/site\/wp-json\/wp\/v2\/posts"}],"about":[{"href":"https:\/\/www.notibras.com\/site\/wp-json\/wp\/v2\/types\/post"}],"author":[{"embeddable":true,"href":"https:\/\/www.notibras.com\/site\/wp-json\/wp\/v2\/users\/2"}],"replies":[{"embeddable":true,"href":"https:\/\/www.notibras.com\/site\/wp-json\/wp\/v2\/comments?post=356382"}],"version-history":[{"count":3,"href":"https:\/\/www.notibras.com\/site\/wp-json\/wp\/v2\/posts\/356382\/revisions"}],"predecessor-version":[{"id":356386,"href":"https:\/\/www.notibras.com\/site\/wp-json\/wp\/v2\/posts\/356382\/revisions\/356386"}],"wp:featuredmedia":[{"embeddable":true,"href":"https:\/\/www.notibras.com\/site\/wp-json\/wp\/v2\/media\/356383"}],"wp:attachment":[{"href":"https:\/\/www.notibras.com\/site\/wp-json\/wp\/v2\/media?parent=356382"}],"wp:term":[{"taxonomy":"category","embeddable":true,"href":"https:\/\/www.notibras.com\/site\/wp-json\/wp\/v2\/categories?post=356382"},{"taxonomy":"post_tag","embeddable":true,"href":"https:\/\/www.notibras.com\/site\/wp-json\/wp\/v2\/tags?post=356382"}],"curies":[{"name":"wp","href":"https:\/\/api.w.org\/{rel}","templated":true}]}}