{"id":356402,"date":"2025-06-23T07:55:27","date_gmt":"2025-06-23T10:55:27","guid":{"rendered":"https:\/\/www.notibras.com\/site\/?p=356402"},"modified":"2025-06-23T07:55:27","modified_gmt":"2025-06-23T10:55:27","slug":"protetor-da-floresta-ganha-vida-no-nordeste","status":"publish","type":"post","link":"https:\/\/www.notibras.com\/site\/protetor-da-floresta-ganha-vida-no-nordeste\/","title":{"rendered":"Protetor da floresta ganha vida no Nordeste"},"content":{"rendered":"<p>Nas matas cerradas do Nordeste, onde o verde ainda resiste bravamente ao avan\u00e7o do concreto, h\u00e1 quem jure ter visto pegadas viradas para tr\u00e1s no ch\u00e3o \u00famido da floresta. S\u00e3o os sinais deixados por ele \u2013 o Curupira, o guardi\u00e3o encantado das matas, o defensor dos animais, o esp\u00edrito indom\u00e1vel da natureza.<\/p>\n<p>Com seus cabelos vermelhos como brasa viva e os p\u00e9s ao contr\u00e1rio para confundir ca\u00e7adores e curiosos, o Curupira n\u00e3o \u00e9 apenas uma lenda; \u00e9 uma presen\u00e7a que se sente no vento que assobia entre as folhas, nos galhos que estalam quando ningu\u00e9m deveria estar ali, no sussurro das \u00e1rvores quando a floresta cala.<\/p>\n<p>Na imagina\u00e7\u00e3o nordestina, ele n\u00e3o s\u00f3 habita as matas fechadas da Caatinga ou os resqu\u00edcios de Mata Atl\u00e2ntica, mas tamb\u00e9m os cora\u00e7\u00f5es daqueles que vivem em harmonia com a terra. Os mais velhos contam hist\u00f3rias ao redor da fogueira, entre uma pamonha e um gole de caf\u00e9, advertindo os mais jovens: \u201cN\u00e3o desrespeite a natureza, que o Curupira v\u00ea tudo e protege o que \u00e9 seu\u201d.<\/p>\n<p>Dizem que ele se manifesta quando um animal \u00e9 abatido por pura gan\u00e2ncia ou quando \u00e1rvores s\u00e3o cortadas sem necessidade. Nesses momentos, o protetor surge como um vendaval de ira, confundindo trilhas, fazendo as pessoas se perderem, assustando com risos agudos que ecoam entre os galhos secos.<\/p>\n<p>Mas nem s\u00f3 de susto vive essa entidade. Para os que respeitam a floresta, o Curupira \u00e9 ben\u00e7\u00e3o. Muitos mateiros e agricultores humildes juram que, nas noites mais silenciosas, uma brisa leve e um brilho entre as \u00e1rvores anunciam que ele est\u00e1 cuidando, zelando pelo equil\u00edbrio sagrado entre o homem e a natureza.<\/p>\n<p>No sert\u00e3o nordestino, onde o ch\u00e3o racha de sede e a sobreviv\u00eancia \u00e9 uma arte, o Curupira tamb\u00e9m representa resist\u00eancia. Ele \u00e9 o lembrete de que a floresta tem alma, que o mato fala, e que a vida pulsa mesmo nos lugares onde o verde parece rarear.<\/p>\n<p>Mist\u00e9rio e magia, f\u00e9 e respeito \u2014 o Curupira vive. E enquanto houver quem conte suas hist\u00f3rias e quem preserve as matas, o encantado menino dos p\u00e9s invertidos continuar\u00e1 a ser, no cora\u00e7\u00e3o do Nordeste, o s\u00edmbolo vivo da for\u00e7a da natureza.<\/p>\n","protected":false},"excerpt":{"rendered":"<p>Nas matas cerradas do Nordeste, onde o verde ainda resiste bravamente ao avan\u00e7o do concreto, h\u00e1 quem jure ter visto pegadas viradas para tr\u00e1s no ch\u00e3o \u00famido da floresta. S\u00e3o os sinais deixados por ele \u2013 o Curupira, o guardi\u00e3o encantado das matas, o defensor dos animais, o esp\u00edrito indom\u00e1vel da natureza. Com seus cabelos [&hellip;]<\/p>\n","protected":false},"author":2,"featured_media":356403,"comment_status":"closed","ping_status":"closed","sticky":false,"template":"","format":"standard","meta":{"_acf_changed":false,"footnotes":""},"categories":[165],"tags":[],"class_list":["post-356402","post","type-post","status-publish","format-standard","has-post-thumbnail","hentry","category-nordeste"],"acf":[],"_links":{"self":[{"href":"https:\/\/www.notibras.com\/site\/wp-json\/wp\/v2\/posts\/356402","targetHints":{"allow":["GET"]}}],"collection":[{"href":"https:\/\/www.notibras.com\/site\/wp-json\/wp\/v2\/posts"}],"about":[{"href":"https:\/\/www.notibras.com\/site\/wp-json\/wp\/v2\/types\/post"}],"author":[{"embeddable":true,"href":"https:\/\/www.notibras.com\/site\/wp-json\/wp\/v2\/users\/2"}],"replies":[{"embeddable":true,"href":"https:\/\/www.notibras.com\/site\/wp-json\/wp\/v2\/comments?post=356402"}],"version-history":[{"count":1,"href":"https:\/\/www.notibras.com\/site\/wp-json\/wp\/v2\/posts\/356402\/revisions"}],"predecessor-version":[{"id":356404,"href":"https:\/\/www.notibras.com\/site\/wp-json\/wp\/v2\/posts\/356402\/revisions\/356404"}],"wp:featuredmedia":[{"embeddable":true,"href":"https:\/\/www.notibras.com\/site\/wp-json\/wp\/v2\/media\/356403"}],"wp:attachment":[{"href":"https:\/\/www.notibras.com\/site\/wp-json\/wp\/v2\/media?parent=356402"}],"wp:term":[{"taxonomy":"category","embeddable":true,"href":"https:\/\/www.notibras.com\/site\/wp-json\/wp\/v2\/categories?post=356402"},{"taxonomy":"post_tag","embeddable":true,"href":"https:\/\/www.notibras.com\/site\/wp-json\/wp\/v2\/tags?post=356402"}],"curies":[{"name":"wp","href":"https:\/\/api.w.org\/{rel}","templated":true}]}}