{"id":356418,"date":"2025-06-23T06:28:25","date_gmt":"2025-06-23T09:28:25","guid":{"rendered":"https:\/\/www.notibras.com\/site\/?p=356418"},"modified":"2025-06-23T08:31:19","modified_gmt":"2025-06-23T11:31:19","slug":"mundo-vive-expectativa-sobre-proximo-passo-do-ira-apos-bombardeio-de-usinas","status":"publish","type":"post","link":"https:\/\/www.notibras.com\/site\/mundo-vive-expectativa-sobre-proximo-passo-do-ira-apos-bombardeio-de-usinas\/","title":{"rendered":"Mundo vive expectativa sobre pr\u00f3ximo passo do Ir\u00e3 ap\u00f3s bombardeio de usinas"},"content":{"rendered":"<p>As tens\u00f5es aumentaram na segunda-feira devido a uma poss\u00edvel retalia\u00e7\u00e3o de Teer\u00e3 contra os EUA ou seus aliados ap\u00f3s ataques a tr\u00eas instala\u00e7\u00f5es nucleares iranianas, em meio a temores de que o conflito no Oriente M\u00e9dio possa se transformar em uma guerra maior.<\/p>\n<p>O ex\u00e9rcito israelense lan\u00e7ou ataques contra Teer\u00e3 na segunda-feira, com foco em alvos militares e governamentais, de acordo com Israel Katz, ministro da Defesa israelense. Ele afirmou em um comunicado que os ataques atingiram a Pris\u00e3o de Evin e o quartel-general de seguran\u00e7a interna da Guarda Revolucion\u00e1ria paramilitar do Ir\u00e3, entre outros &#8220;alvos do regime&#8221;.<\/p>\n<p>Uma ag\u00eancia de not\u00edcias estatal iraniana informou que Israel atacou a instala\u00e7\u00e3o nuclear de Fordow, bombardeada pelos EUA no domingo, embora a informa\u00e7\u00e3o n\u00e3o tenha sido verificada imediatamente. Sirenes soaram em Israel em meio a relatos de novos lan\u00e7amentos de m\u00edsseis pelo Ir\u00e3.<\/p>\n<p>Os EUA permaneceram em alerta com seus 40.000 soldados na regi\u00e3o dois dias ap\u00f3s o presidente Donald Trump ter ordenado o bombardeio de Fordow, uma instala\u00e7\u00e3o de enriquecimento de ur\u00e2nio no interior de uma montanha remota no Ir\u00e3, e das instala\u00e7\u00f5es de Natanz e Isfahan.<\/p>\n<p>Muitos l\u00edderes mundiais \u2014 incluindo os do Reino Unido, Fran\u00e7a e Alemanha \u2014 pediram modera\u00e7\u00e3o e o retorno \u00e0 mesa de negocia\u00e7\u00f5es diplom\u00e1ticas. E manifestantes em algumas cidades americanas, como a capital do pa\u00eds e Nova York, foram \u00e0s ruas para expressar veemente oposi\u00e7\u00e3o \u00e0 interven\u00e7\u00e3o no Ir\u00e3.<\/p>\n<p>O Departamento de Seguran\u00e7a Interna emitiu um boletim alertando sobre um &#8220;ambiente de amea\u00e7a elevada&#8221; nos EUA. O Departamento de Estado tamb\u00e9m enviou um &#8220;alerta de seguran\u00e7a de cautela mundial&#8221; aconselhando cidad\u00e3os americanos no exterior a exercerem maior vigil\u00e2ncia.<\/p>\n<p>A extens\u00e3o dos danos \u00e0s instala\u00e7\u00f5es nucleares iranianas permanece uma inc\u00f3gnita, visto que at\u00e9 o momento n\u00e3o houve uma avalia\u00e7\u00e3o independente. A Ag\u00eancia Internacional de Energia At\u00f4mica (AIE), principal ag\u00eancia que avalia o programa nuclear iraniano, realizou uma reuni\u00e3o de emerg\u00eancia na segunda-feira.<\/p>\n<p>O oficial iraniano Ebrahim Zolfaqari alertou que os EUA devem esperar consequ\u00eancias severas. &#8220;Sr. Trump, o jogador, voc\u00ea pode come\u00e7ar esta guerra, mas seremos n\u00f3s que a poremos fim&#8221;, disse Zolfaqari em ingl\u00eas em um v\u00eddeo compartilhado na segunda-feira.<\/p>\n","protected":false},"excerpt":{"rendered":"<p>As tens\u00f5es aumentaram na segunda-feira devido a uma poss\u00edvel retalia\u00e7\u00e3o de Teer\u00e3 contra os EUA ou seus aliados ap\u00f3s ataques a tr\u00eas instala\u00e7\u00f5es nucleares iranianas, em meio a temores de que o conflito no Oriente M\u00e9dio possa se transformar em uma guerra maior. O ex\u00e9rcito israelense lan\u00e7ou ataques contra Teer\u00e3 na segunda-feira, com foco em [&hellip;]<\/p>\n","protected":false},"author":2,"featured_media":356419,"comment_status":"closed","ping_status":"closed","sticky":false,"template":"","format":"standard","meta":{"_acf_changed":false,"footnotes":""},"categories":[159],"tags":[],"class_list":["post-356418","post","type-post","status-publish","format-standard","has-post-thumbnail","hentry","category-apocalipse"],"acf":[],"yoast_head":"<!-- This site is optimized with the Yoast SEO plugin v27.2 - https:\/\/yoast.com\/product\/yoast-seo-wordpress\/ -->\n<title>Mundo vive expectativa sobre pr\u00f3ximo passo do Ir\u00e3 ap\u00f3s bombardeio de usinas - Notibras<\/title>\n<meta name=\"robots\" content=\"index, follow, max-snippet:-1, max-image-preview:large, max-video-preview:-1\" \/>\n<link rel=\"canonical\" href=\"https:\/\/www.notibras.com\/site\/mundo-vive-expectativa-sobre-proximo-passo-do-ira-apos-bombardeio-de-usinas\/\" \/>\n<meta property=\"og:locale\" content=\"pt_BR\" \/>\n<meta property=\"og:type\" content=\"article\" \/>\n<meta property=\"og:title\" content=\"Mundo vive expectativa sobre pr\u00f3ximo passo do Ir\u00e3 ap\u00f3s bombardeio de usinas - Notibras\" \/>\n<meta property=\"og:description\" content=\"As tens\u00f5es aumentaram na segunda-feira devido a uma poss\u00edvel retalia\u00e7\u00e3o de Teer\u00e3 contra os EUA ou seus aliados ap\u00f3s ataques a tr\u00eas instala\u00e7\u00f5es nucleares iranianas, em meio a temores de que o conflito no Oriente M\u00e9dio possa se transformar em uma guerra maior. O ex\u00e9rcito israelense lan\u00e7ou ataques contra Teer\u00e3 na segunda-feira, com foco em [&hellip;]\" \/>\n<meta property=\"og:url\" content=\"https:\/\/www.notibras.com\/site\/mundo-vive-expectativa-sobre-proximo-passo-do-ira-apos-bombardeio-de-usinas\/\" \/>\n<meta property=\"og:site_name\" content=\"Notibras\" \/>\n<meta property=\"article:publisher\" content=\"https:\/\/www.facebook.com\/notibras\/\" \/>\n<meta property=\"article:published_time\" content=\"2025-06-23T09:28:25+00:00\" \/>\n<meta property=\"article:modified_time\" content=\"2025-06-23T11:31:19+00:00\" \/>\n<meta property=\"og:image\" content=\"https:\/\/www.notibras.com\/site\/wp-content\/uploads\/2025\/06\/AA1HeJSl.jpeg\" \/>\n\t<meta property=\"og:image:width\" content=\"768\" \/>\n\t<meta property=\"og:image:height\" content=\"512\" \/>\n\t<meta property=\"og:image:type\" content=\"image\/jpeg\" \/>\n<meta name=\"author\" content=\"Reda\u00e7\u00e3o\" \/>\n<meta name=\"twitter:card\" content=\"summary_large_image\" \/>\n<meta name=\"twitter:creator\" content=\"@Notibras\" \/>\n<meta name=\"twitter:site\" content=\"@Notibras\" \/>\n<meta name=\"twitter:label1\" content=\"Escrito por\" \/>\n\t<meta name=\"twitter:data1\" content=\"Reda\u00e7\u00e3o\" \/>\n\t<meta name=\"twitter:label2\" content=\"Est. tempo de leitura\" \/>\n\t<meta name=\"twitter:data2\" content=\"3 minutos\" \/>\n<script type=\"application\/ld+json\" class=\"yoast-schema-graph\">{\"@context\":\"https:\/\/schema.org\",\"@graph\":[{\"@type\":\"Article\",\"@id\":\"https:\/\/www.notibras.com\/site\/mundo-vive-expectativa-sobre-proximo-passo-do-ira-apos-bombardeio-de-usinas\/#article\",\"isPartOf\":{\"@id\":\"https:\/\/www.notibras.com\/site\/mundo-vive-expectativa-sobre-proximo-passo-do-ira-apos-bombardeio-de-usinas\/\"},\"author\":{\"name\":\"Reda\u00e7\u00e3o\",\"@id\":\"https:\/\/www.notibras.com\/site\/#\/schema\/person\/36ab0979449956132d3e5b517ea76ac8\"},\"headline\":\"Mundo vive expectativa sobre pr\u00f3ximo passo do Ir\u00e3 ap\u00f3s bombardeio de usinas\",\"datePublished\":\"2025-06-23T09:28:25+00:00\",\"dateModified\":\"2025-06-23T11:31:19+00:00\",\"mainEntityOfPage\":{\"@id\":\"https:\/\/www.notibras.com\/site\/mundo-vive-expectativa-sobre-proximo-passo-do-ira-apos-bombardeio-de-usinas\/\"},\"wordCount\":417,\"publisher\":{\"@id\":\"https:\/\/www.notibras.com\/site\/#organization\"},\"image\":{\"@id\":\"https:\/\/www.notibras.com\/site\/mundo-vive-expectativa-sobre-proximo-passo-do-ira-apos-bombardeio-de-usinas\/#primaryimage\"},\"thumbnailUrl\":\"https:\/\/www.notibras.com\/site\/wp-content\/uploads\/2025\/06\/AA1HeJSl.jpeg\",\"articleSection\":[\"Apocalipse\"],\"inLanguage\":\"pt-BR\"},{\"@type\":\"WebPage\",\"@id\":\"https:\/\/www.notibras.com\/site\/mundo-vive-expectativa-sobre-proximo-passo-do-ira-apos-bombardeio-de-usinas\/\",\"url\":\"https:\/\/www.notibras.com\/site\/mundo-vive-expectativa-sobre-proximo-passo-do-ira-apos-bombardeio-de-usinas\/\",\"name\":\"Mundo vive expectativa sobre pr\u00f3ximo passo do Ir\u00e3 ap\u00f3s bombardeio de usinas - Notibras\",\"isPartOf\":{\"@id\":\"https:\/\/www.notibras.com\/site\/#website\"},\"primaryImageOfPage\":{\"@id\":\"https:\/\/www.notibras.com\/site\/mundo-vive-expectativa-sobre-proximo-passo-do-ira-apos-bombardeio-de-usinas\/#primaryimage\"},\"image\":{\"@id\":\"https:\/\/www.notibras.com\/site\/mundo-vive-expectativa-sobre-proximo-passo-do-ira-apos-bombardeio-de-usinas\/#primaryimage\"},\"thumbnailUrl\":\"https:\/\/www.notibras.com\/site\/wp-content\/uploads\/2025\/06\/AA1HeJSl.jpeg\",\"datePublished\":\"2025-06-23T09:28:25+00:00\",\"dateModified\":\"2025-06-23T11:31:19+00:00\",\"breadcrumb\":{\"@id\":\"https:\/\/www.notibras.com\/site\/mundo-vive-expectativa-sobre-proximo-passo-do-ira-apos-bombardeio-de-usinas\/#breadcrumb\"},\"inLanguage\":\"pt-BR\",\"potentialAction\":[{\"@type\":\"ReadAction\",\"target\":[\"https:\/\/www.notibras.com\/site\/mundo-vive-expectativa-sobre-proximo-passo-do-ira-apos-bombardeio-de-usinas\/\"]}]},{\"@type\":\"ImageObject\",\"inLanguage\":\"pt-BR\",\"@id\":\"https:\/\/www.notibras.com\/site\/mundo-vive-expectativa-sobre-proximo-passo-do-ira-apos-bombardeio-de-usinas\/#primaryimage\",\"url\":\"https:\/\/www.notibras.com\/site\/wp-content\/uploads\/2025\/06\/AA1HeJSl.jpeg\",\"contentUrl\":\"https:\/\/www.notibras.com\/site\/wp-content\/uploads\/2025\/06\/AA1HeJSl.jpeg\",\"width\":768,\"height\":512},{\"@type\":\"BreadcrumbList\",\"@id\":\"https:\/\/www.notibras.com\/site\/mundo-vive-expectativa-sobre-proximo-passo-do-ira-apos-bombardeio-de-usinas\/#breadcrumb\",\"itemListElement\":[{\"@type\":\"ListItem\",\"position\":1,\"name\":\"In\u00edcio\",\"item\":\"https:\/\/www.notibras.com\/site\/\"},{\"@type\":\"ListItem\",\"position\":2,\"name\":\"Mundo vive expectativa sobre pr\u00f3ximo passo do Ir\u00e3 ap\u00f3s bombardeio de usinas\"}]},{\"@type\":\"WebSite\",\"@id\":\"https:\/\/www.notibras.com\/site\/#website\",\"url\":\"https:\/\/www.notibras.com\/site\/\",\"name\":\"Notibras\",\"description\":\"Not\u00edcias de Bras\u00edlia, do Brasil e do Mundo\",\"publisher\":{\"@id\":\"https:\/\/www.notibras.com\/site\/#organization\"},\"potentialAction\":[{\"@type\":\"SearchAction\",\"target\":{\"@type\":\"EntryPoint\",\"urlTemplate\":\"https:\/\/www.notibras.com\/site\/?s={search_term_string}\"},\"query-input\":{\"@type\":\"PropertyValueSpecification\",\"valueRequired\":true,\"valueName\":\"search_term_string\"}}],\"inLanguage\":\"pt-BR\"},{\"@type\":\"Organization\",\"@id\":\"https:\/\/www.notibras.com\/site\/#organization\",\"name\":\"Grupo Notibras de Comunica\u00e7\u00e3o\",\"url\":\"https:\/\/www.notibras.com\/site\/\",\"logo\":{\"@type\":\"ImageObject\",\"inLanguage\":\"pt-BR\",\"@id\":\"https:\/\/www.notibras.com\/site\/#\/schema\/logo\/image\/\",\"url\":\"https:\/\/www.notibras.com\/site\/wp-content\/uploads\/2023\/01\/notibras23.png\",\"contentUrl\":\"https:\/\/www.notibras.com\/site\/wp-content\/uploads\/2023\/01\/notibras23.png\",\"width\":350,\"height\":87,\"caption\":\"Grupo Notibras de Comunica\u00e7\u00e3o\"},\"image\":{\"@id\":\"https:\/\/www.notibras.com\/site\/#\/schema\/logo\/image\/\"},\"sameAs\":[\"https:\/\/www.facebook.com\/notibras\/\",\"https:\/\/x.com\/Notibras\",\"https:\/\/www.instagram.com\/notibras\/\"]},{\"@type\":\"Person\",\"@id\":\"https:\/\/www.notibras.com\/site\/#\/schema\/person\/36ab0979449956132d3e5b517ea76ac8\",\"name\":\"Reda\u00e7\u00e3o\",\"image\":{\"@type\":\"ImageObject\",\"inLanguage\":\"pt-BR\",\"@id\":\"https:\/\/secure.gravatar.com\/avatar\/e0a867bdedb85fd243eadf09663511f96fc81e0720a4a42581f334ad4303aa6b?s=96&d=mm&r=g\",\"url\":\"https:\/\/secure.gravatar.com\/avatar\/e0a867bdedb85fd243eadf09663511f96fc81e0720a4a42581f334ad4303aa6b?s=96&d=mm&r=g\",\"contentUrl\":\"https:\/\/secure.gravatar.com\/avatar\/e0a867bdedb85fd243eadf09663511f96fc81e0720a4a42581f334ad4303aa6b?s=96&d=mm&r=g\",\"caption\":\"Reda\u00e7\u00e3o\"}}]}<\/script>\n<!-- \/ Yoast SEO plugin. -->","yoast_head_json":{"title":"Mundo vive expectativa sobre pr\u00f3ximo passo do Ir\u00e3 ap\u00f3s bombardeio de usinas - Notibras","robots":{"index":"index","follow":"follow","max-snippet":"max-snippet:-1","max-image-preview":"max-image-preview:large","max-video-preview":"max-video-preview:-1"},"canonical":"https:\/\/www.notibras.com\/site\/mundo-vive-expectativa-sobre-proximo-passo-do-ira-apos-bombardeio-de-usinas\/","og_locale":"pt_BR","og_type":"article","og_title":"Mundo vive expectativa sobre pr\u00f3ximo passo do Ir\u00e3 ap\u00f3s bombardeio de usinas - Notibras","og_description":"As tens\u00f5es aumentaram na segunda-feira devido a uma poss\u00edvel retalia\u00e7\u00e3o de Teer\u00e3 contra os EUA ou seus aliados ap\u00f3s ataques a tr\u00eas instala\u00e7\u00f5es nucleares iranianas, em meio a temores de que o conflito no Oriente M\u00e9dio possa se transformar em uma guerra maior. O ex\u00e9rcito israelense lan\u00e7ou ataques contra Teer\u00e3 na segunda-feira, com foco em [&hellip;]","og_url":"https:\/\/www.notibras.com\/site\/mundo-vive-expectativa-sobre-proximo-passo-do-ira-apos-bombardeio-de-usinas\/","og_site_name":"Notibras","article_publisher":"https:\/\/www.facebook.com\/notibras\/","article_published_time":"2025-06-23T09:28:25+00:00","article_modified_time":"2025-06-23T11:31:19+00:00","og_image":[{"width":768,"height":512,"url":"https:\/\/www.notibras.com\/site\/wp-content\/uploads\/2025\/06\/AA1HeJSl.jpeg","type":"image\/jpeg"}],"author":"Reda\u00e7\u00e3o","twitter_card":"summary_large_image","twitter_creator":"@Notibras","twitter_site":"@Notibras","twitter_misc":{"Escrito por":"Reda\u00e7\u00e3o","Est. tempo de leitura":"3 minutos"},"schema":{"@context":"https:\/\/schema.org","@graph":[{"@type":"Article","@id":"https:\/\/www.notibras.com\/site\/mundo-vive-expectativa-sobre-proximo-passo-do-ira-apos-bombardeio-de-usinas\/#article","isPartOf":{"@id":"https:\/\/www.notibras.com\/site\/mundo-vive-expectativa-sobre-proximo-passo-do-ira-apos-bombardeio-de-usinas\/"},"author":{"name":"Reda\u00e7\u00e3o","@id":"https:\/\/www.notibras.com\/site\/#\/schema\/person\/36ab0979449956132d3e5b517ea76ac8"},"headline":"Mundo vive expectativa sobre pr\u00f3ximo passo do Ir\u00e3 ap\u00f3s bombardeio de usinas","datePublished":"2025-06-23T09:28:25+00:00","dateModified":"2025-06-23T11:31:19+00:00","mainEntityOfPage":{"@id":"https:\/\/www.notibras.com\/site\/mundo-vive-expectativa-sobre-proximo-passo-do-ira-apos-bombardeio-de-usinas\/"},"wordCount":417,"publisher":{"@id":"https:\/\/www.notibras.com\/site\/#organization"},"image":{"@id":"https:\/\/www.notibras.com\/site\/mundo-vive-expectativa-sobre-proximo-passo-do-ira-apos-bombardeio-de-usinas\/#primaryimage"},"thumbnailUrl":"https:\/\/www.notibras.com\/site\/wp-content\/uploads\/2025\/06\/AA1HeJSl.jpeg","articleSection":["Apocalipse"],"inLanguage":"pt-BR"},{"@type":"WebPage","@id":"https:\/\/www.notibras.com\/site\/mundo-vive-expectativa-sobre-proximo-passo-do-ira-apos-bombardeio-de-usinas\/","url":"https:\/\/www.notibras.com\/site\/mundo-vive-expectativa-sobre-proximo-passo-do-ira-apos-bombardeio-de-usinas\/","name":"Mundo vive expectativa sobre pr\u00f3ximo passo do Ir\u00e3 ap\u00f3s bombardeio de usinas - Notibras","isPartOf":{"@id":"https:\/\/www.notibras.com\/site\/#website"},"primaryImageOfPage":{"@id":"https:\/\/www.notibras.com\/site\/mundo-vive-expectativa-sobre-proximo-passo-do-ira-apos-bombardeio-de-usinas\/#primaryimage"},"image":{"@id":"https:\/\/www.notibras.com\/site\/mundo-vive-expectativa-sobre-proximo-passo-do-ira-apos-bombardeio-de-usinas\/#primaryimage"},"thumbnailUrl":"https:\/\/www.notibras.com\/site\/wp-content\/uploads\/2025\/06\/AA1HeJSl.jpeg","datePublished":"2025-06-23T09:28:25+00:00","dateModified":"2025-06-23T11:31:19+00:00","breadcrumb":{"@id":"https:\/\/www.notibras.com\/site\/mundo-vive-expectativa-sobre-proximo-passo-do-ira-apos-bombardeio-de-usinas\/#breadcrumb"},"inLanguage":"pt-BR","potentialAction":[{"@type":"ReadAction","target":["https:\/\/www.notibras.com\/site\/mundo-vive-expectativa-sobre-proximo-passo-do-ira-apos-bombardeio-de-usinas\/"]}]},{"@type":"ImageObject","inLanguage":"pt-BR","@id":"https:\/\/www.notibras.com\/site\/mundo-vive-expectativa-sobre-proximo-passo-do-ira-apos-bombardeio-de-usinas\/#primaryimage","url":"https:\/\/www.notibras.com\/site\/wp-content\/uploads\/2025\/06\/AA1HeJSl.jpeg","contentUrl":"https:\/\/www.notibras.com\/site\/wp-content\/uploads\/2025\/06\/AA1HeJSl.jpeg","width":768,"height":512},{"@type":"BreadcrumbList","@id":"https:\/\/www.notibras.com\/site\/mundo-vive-expectativa-sobre-proximo-passo-do-ira-apos-bombardeio-de-usinas\/#breadcrumb","itemListElement":[{"@type":"ListItem","position":1,"name":"In\u00edcio","item":"https:\/\/www.notibras.com\/site\/"},{"@type":"ListItem","position":2,"name":"Mundo vive expectativa sobre pr\u00f3ximo passo do Ir\u00e3 ap\u00f3s bombardeio de usinas"}]},{"@type":"WebSite","@id":"https:\/\/www.notibras.com\/site\/#website","url":"https:\/\/www.notibras.com\/site\/","name":"Notibras","description":"Not\u00edcias de Bras\u00edlia, do Brasil e do Mundo","publisher":{"@id":"https:\/\/www.notibras.com\/site\/#organization"},"potentialAction":[{"@type":"SearchAction","target":{"@type":"EntryPoint","urlTemplate":"https:\/\/www.notibras.com\/site\/?s={search_term_string}"},"query-input":{"@type":"PropertyValueSpecification","valueRequired":true,"valueName":"search_term_string"}}],"inLanguage":"pt-BR"},{"@type":"Organization","@id":"https:\/\/www.notibras.com\/site\/#organization","name":"Grupo Notibras de Comunica\u00e7\u00e3o","url":"https:\/\/www.notibras.com\/site\/","logo":{"@type":"ImageObject","inLanguage":"pt-BR","@id":"https:\/\/www.notibras.com\/site\/#\/schema\/logo\/image\/","url":"https:\/\/www.notibras.com\/site\/wp-content\/uploads\/2023\/01\/notibras23.png","contentUrl":"https:\/\/www.notibras.com\/site\/wp-content\/uploads\/2023\/01\/notibras23.png","width":350,"height":87,"caption":"Grupo Notibras de Comunica\u00e7\u00e3o"},"image":{"@id":"https:\/\/www.notibras.com\/site\/#\/schema\/logo\/image\/"},"sameAs":["https:\/\/www.facebook.com\/notibras\/","https:\/\/x.com\/Notibras","https:\/\/www.instagram.com\/notibras\/"]},{"@type":"Person","@id":"https:\/\/www.notibras.com\/site\/#\/schema\/person\/36ab0979449956132d3e5b517ea76ac8","name":"Reda\u00e7\u00e3o","image":{"@type":"ImageObject","inLanguage":"pt-BR","@id":"https:\/\/secure.gravatar.com\/avatar\/e0a867bdedb85fd243eadf09663511f96fc81e0720a4a42581f334ad4303aa6b?s=96&d=mm&r=g","url":"https:\/\/secure.gravatar.com\/avatar\/e0a867bdedb85fd243eadf09663511f96fc81e0720a4a42581f334ad4303aa6b?s=96&d=mm&r=g","contentUrl":"https:\/\/secure.gravatar.com\/avatar\/e0a867bdedb85fd243eadf09663511f96fc81e0720a4a42581f334ad4303aa6b?s=96&d=mm&r=g","caption":"Reda\u00e7\u00e3o"}}]}},"amp_enabled":true,"_links":{"self":[{"href":"https:\/\/www.notibras.com\/site\/wp-json\/wp\/v2\/posts\/356418","targetHints":{"allow":["GET"]}}],"collection":[{"href":"https:\/\/www.notibras.com\/site\/wp-json\/wp\/v2\/posts"}],"about":[{"href":"https:\/\/www.notibras.com\/site\/wp-json\/wp\/v2\/types\/post"}],"author":[{"embeddable":true,"href":"https:\/\/www.notibras.com\/site\/wp-json\/wp\/v2\/users\/2"}],"replies":[{"embeddable":true,"href":"https:\/\/www.notibras.com\/site\/wp-json\/wp\/v2\/comments?post=356418"}],"version-history":[{"count":1,"href":"https:\/\/www.notibras.com\/site\/wp-json\/wp\/v2\/posts\/356418\/revisions"}],"predecessor-version":[{"id":356420,"href":"https:\/\/www.notibras.com\/site\/wp-json\/wp\/v2\/posts\/356418\/revisions\/356420"}],"wp:featuredmedia":[{"embeddable":true,"href":"https:\/\/www.notibras.com\/site\/wp-json\/wp\/v2\/media\/356419"}],"wp:attachment":[{"href":"https:\/\/www.notibras.com\/site\/wp-json\/wp\/v2\/media?parent=356418"}],"wp:term":[{"taxonomy":"category","embeddable":true,"href":"https:\/\/www.notibras.com\/site\/wp-json\/wp\/v2\/categories?post=356418"},{"taxonomy":"post_tag","embeddable":true,"href":"https:\/\/www.notibras.com\/site\/wp-json\/wp\/v2\/tags?post=356418"}],"curies":[{"name":"wp","href":"https:\/\/api.w.org\/{rel}","templated":true}]}}