{"id":35647,"date":"2015-02-01T18:11:36","date_gmt":"2015-02-01T21:11:36","guid":{"rendered":"http:\/\/www.notibras.com\/site\/?p=35647"},"modified":"2015-02-02T07:46:14","modified_gmt":"2015-02-02T10:46:14","slug":"bernardo-volta-por-cima-da-show-e-vasco-comeca-o-carioca-com-o-pe-direito","status":"publish","type":"post","link":"https:\/\/www.notibras.com\/site\/bernardo-volta-por-cima-da-show-e-vasco-comeca-o-carioca-com-o-pe-direito\/","title":{"rendered":"Bernardo d\u00e1 show e Vasco come\u00e7a Carioca com p\u00e9 direito"},"content":{"rendered":"<p>Encarando a oportunidade como a \u00faltima no Vasco, o meia Bernardo n\u00e3o decepcionou e decidiu a partida para o Cruzmaltino na estreia da equipe no Campeonato Carioca, neste domingo, contra a Cabofriense, no Est\u00e1dio Moacyrz\u00e3o, em Maca\u00e9.<\/p>\n<p>Chamando a responsabilidade, o jogador, que pouco atuou no Palmeiras em 2014, foi o grande articulador de jogadas do time e acabou fazendo um dos gols da vit\u00f3ria por 2 a 0 dos vasca\u00ednos.<\/p>\n<blockquote><p>Talvez sentindo o forte calor que fazia na cidade de Maca\u00e9, Vasco e Cabofriense iniciaram a partida pouco inspirados e errando bastante. O Cruzmaltino tinha volume de jogo, mas n\u00e3o conseguia chegar com efici\u00eancia. Com um jogo muito truncado, o primeiro tempo praticamente n\u00e3o teve nenhuma chance de gol para ambos os lados.<\/p><\/blockquote>\n<p>Na etapa final a equipe de S\u00e3o Janu\u00e1rio entrou mais incisiva. Logo no in\u00edcio, Montoya fez bela jogada individual e deixou Bernardo na cara do gol. O camisa 7 teve calma para dominar e fuzilar, abrindo o placar para o Vasco.<\/p>\n<p>Na sequ\u00eancia, embora n\u00e3o tenha sido brilhante, o Cruzmaltino soube valorizar a posse de bola para segurar o resultado. J\u00e1 perto dos acr\u00e9scimos, Marcinho recebeu da entrada da \u00e1rea, chutou colocado, a bola desviou na defesa e morreu no fundo da rede, fechando o caix\u00e3o da Cabofriense.<\/p>\n","protected":false},"excerpt":{"rendered":"<p>Encarando a oportunidade como a \u00faltima no Vasco, o meia Bernardo n\u00e3o decepcionou e decidiu a partida para o Cruzmaltino na estreia da equipe no Campeonato Carioca, neste domingo, contra a Cabofriense, no Est\u00e1dio Moacyrz\u00e3o, em Maca\u00e9. Chamando a responsabilidade, o jogador, que pouco atuou no Palmeiras em 2014, foi o grande articulador de jogadas [&hellip;]<\/p>\n","protected":false},"author":2,"featured_media":35661,"comment_status":"open","ping_status":"closed","sticky":false,"template":"","format":"standard","meta":{"_acf_changed":false,"footnotes":""},"categories":[19,29],"tags":[],"class_list":["post-35647","post","type-post","status-publish","format-standard","has-post-thumbnail","hentry","category-esportes","category-futebol"],"acf":[],"yoast_head":"<!-- This site is optimized with the Yoast SEO plugin v27.2 - https:\/\/yoast.com\/product\/yoast-seo-wordpress\/ -->\n<title>Bernardo d\u00e1 show e Vasco come\u00e7a Carioca com p\u00e9 direito - Notibras<\/title>\n<meta name=\"robots\" content=\"index, follow, max-snippet:-1, max-image-preview:large, max-video-preview:-1\" \/>\n<link rel=\"canonical\" href=\"https:\/\/www.notibras.com\/site\/bernardo-volta-por-cima-da-show-e-vasco-comeca-o-carioca-com-o-pe-direito\/\" \/>\n<meta property=\"og:locale\" content=\"pt_BR\" \/>\n<meta property=\"og:type\" content=\"article\" \/>\n<meta property=\"og:title\" content=\"Bernardo d\u00e1 show e Vasco come\u00e7a Carioca com p\u00e9 direito - Notibras\" \/>\n<meta property=\"og:description\" content=\"Encarando a oportunidade como a \u00faltima no Vasco, o meia Bernardo n\u00e3o decepcionou e decidiu a partida para o Cruzmaltino na estreia da equipe no Campeonato Carioca, neste domingo, contra a Cabofriense, no Est\u00e1dio Moacyrz\u00e3o, em Maca\u00e9. Chamando a responsabilidade, o jogador, que pouco atuou no Palmeiras em 2014, foi o grande articulador de jogadas [&hellip;]\" \/>\n<meta property=\"og:url\" content=\"https:\/\/www.notibras.com\/site\/bernardo-volta-por-cima-da-show-e-vasco-comeca-o-carioca-com-o-pe-direito\/\" \/>\n<meta property=\"og:site_name\" content=\"Notibras\" \/>\n<meta property=\"article:publisher\" content=\"https:\/\/www.facebook.com\/notibras\/\" \/>\n<meta property=\"article:published_time\" content=\"2015-02-01T21:11:36+00:00\" \/>\n<meta property=\"article:modified_time\" content=\"2015-02-02T10:46:14+00:00\" \/>\n<meta property=\"og:image\" content=\"https:\/\/www.notibras.com\/site\/wp-content\/uploads\/2015\/02\/bernardocomemoracarlosgregoriojuniordiv.jpg\" \/>\n\t<meta property=\"og:image:width\" content=\"460\" \/>\n\t<meta property=\"og:image:height\" content=\"306\" \/>\n\t<meta property=\"og:image:type\" content=\"image\/jpeg\" \/>\n<meta name=\"author\" content=\"Reda\u00e7\u00e3o\" \/>\n<meta name=\"twitter:card\" content=\"summary_large_image\" \/>\n<meta name=\"twitter:creator\" content=\"@Notibras\" \/>\n<meta name=\"twitter:site\" content=\"@Notibras\" \/>\n<meta name=\"twitter:label1\" content=\"Escrito por\" \/>\n\t<meta name=\"twitter:data1\" content=\"Reda\u00e7\u00e3o\" \/>\n\t<meta name=\"twitter:label2\" content=\"Est. tempo de leitura\" \/>\n\t<meta name=\"twitter:data2\" content=\"1 minuto\" \/>\n<script type=\"application\/ld+json\" class=\"yoast-schema-graph\">{\"@context\":\"https:\/\/schema.org\",\"@graph\":[{\"@type\":\"Article\",\"@id\":\"https:\/\/www.notibras.com\/site\/bernardo-volta-por-cima-da-show-e-vasco-comeca-o-carioca-com-o-pe-direito\/#article\",\"isPartOf\":{\"@id\":\"https:\/\/www.notibras.com\/site\/bernardo-volta-por-cima-da-show-e-vasco-comeca-o-carioca-com-o-pe-direito\/\"},\"author\":{\"name\":\"Reda\u00e7\u00e3o\",\"@id\":\"https:\/\/www.notibras.com\/site\/#\/schema\/person\/36ab0979449956132d3e5b517ea76ac8\"},\"headline\":\"Bernardo d\u00e1 show e Vasco come\u00e7a Carioca com p\u00e9 direito\",\"datePublished\":\"2015-02-01T21:11:36+00:00\",\"dateModified\":\"2015-02-02T10:46:14+00:00\",\"mainEntityOfPage\":{\"@id\":\"https:\/\/www.notibras.com\/site\/bernardo-volta-por-cima-da-show-e-vasco-comeca-o-carioca-com-o-pe-direito\/\"},\"wordCount\":234,\"commentCount\":0,\"publisher\":{\"@id\":\"https:\/\/www.notibras.com\/site\/#organization\"},\"image\":{\"@id\":\"https:\/\/www.notibras.com\/site\/bernardo-volta-por-cima-da-show-e-vasco-comeca-o-carioca-com-o-pe-direito\/#primaryimage\"},\"thumbnailUrl\":\"https:\/\/www.notibras.com\/site\/wp-content\/uploads\/2015\/02\/bernardocomemoracarlosgregoriojuniordiv.jpg\",\"articleSection\":[\"Esportes\",\"Futebol\"],\"inLanguage\":\"pt-BR\",\"potentialAction\":[{\"@type\":\"CommentAction\",\"name\":\"Comment\",\"target\":[\"https:\/\/www.notibras.com\/site\/bernardo-volta-por-cima-da-show-e-vasco-comeca-o-carioca-com-o-pe-direito\/#respond\"]}]},{\"@type\":\"WebPage\",\"@id\":\"https:\/\/www.notibras.com\/site\/bernardo-volta-por-cima-da-show-e-vasco-comeca-o-carioca-com-o-pe-direito\/\",\"url\":\"https:\/\/www.notibras.com\/site\/bernardo-volta-por-cima-da-show-e-vasco-comeca-o-carioca-com-o-pe-direito\/\",\"name\":\"Bernardo d\u00e1 show e Vasco come\u00e7a Carioca com p\u00e9 direito - Notibras\",\"isPartOf\":{\"@id\":\"https:\/\/www.notibras.com\/site\/#website\"},\"primaryImageOfPage\":{\"@id\":\"https:\/\/www.notibras.com\/site\/bernardo-volta-por-cima-da-show-e-vasco-comeca-o-carioca-com-o-pe-direito\/#primaryimage\"},\"image\":{\"@id\":\"https:\/\/www.notibras.com\/site\/bernardo-volta-por-cima-da-show-e-vasco-comeca-o-carioca-com-o-pe-direito\/#primaryimage\"},\"thumbnailUrl\":\"https:\/\/www.notibras.com\/site\/wp-content\/uploads\/2015\/02\/bernardocomemoracarlosgregoriojuniordiv.jpg\",\"datePublished\":\"2015-02-01T21:11:36+00:00\",\"dateModified\":\"2015-02-02T10:46:14+00:00\",\"breadcrumb\":{\"@id\":\"https:\/\/www.notibras.com\/site\/bernardo-volta-por-cima-da-show-e-vasco-comeca-o-carioca-com-o-pe-direito\/#breadcrumb\"},\"inLanguage\":\"pt-BR\",\"potentialAction\":[{\"@type\":\"ReadAction\",\"target\":[\"https:\/\/www.notibras.com\/site\/bernardo-volta-por-cima-da-show-e-vasco-comeca-o-carioca-com-o-pe-direito\/\"]}]},{\"@type\":\"ImageObject\",\"inLanguage\":\"pt-BR\",\"@id\":\"https:\/\/www.notibras.com\/site\/bernardo-volta-por-cima-da-show-e-vasco-comeca-o-carioca-com-o-pe-direito\/#primaryimage\",\"url\":\"https:\/\/www.notibras.com\/site\/wp-content\/uploads\/2015\/02\/bernardocomemoracarlosgregoriojuniordiv.jpg\",\"contentUrl\":\"https:\/\/www.notibras.com\/site\/wp-content\/uploads\/2015\/02\/bernardocomemoracarlosgregoriojuniordiv.jpg\",\"width\":460,\"height\":306},{\"@type\":\"BreadcrumbList\",\"@id\":\"https:\/\/www.notibras.com\/site\/bernardo-volta-por-cima-da-show-e-vasco-comeca-o-carioca-com-o-pe-direito\/#breadcrumb\",\"itemListElement\":[{\"@type\":\"ListItem\",\"position\":1,\"name\":\"In\u00edcio\",\"item\":\"https:\/\/www.notibras.com\/site\/\"},{\"@type\":\"ListItem\",\"position\":2,\"name\":\"Bernardo d\u00e1 show e Vasco come\u00e7a Carioca com p\u00e9 direito\"}]},{\"@type\":\"WebSite\",\"@id\":\"https:\/\/www.notibras.com\/site\/#website\",\"url\":\"https:\/\/www.notibras.com\/site\/\",\"name\":\"Notibras\",\"description\":\"Not\u00edcias de Bras\u00edlia, do Brasil e do Mundo\",\"publisher\":{\"@id\":\"https:\/\/www.notibras.com\/site\/#organization\"},\"potentialAction\":[{\"@type\":\"SearchAction\",\"target\":{\"@type\":\"EntryPoint\",\"urlTemplate\":\"https:\/\/www.notibras.com\/site\/?s={search_term_string}\"},\"query-input\":{\"@type\":\"PropertyValueSpecification\",\"valueRequired\":true,\"valueName\":\"search_term_string\"}}],\"inLanguage\":\"pt-BR\"},{\"@type\":\"Organization\",\"@id\":\"https:\/\/www.notibras.com\/site\/#organization\",\"name\":\"Grupo Notibras de Comunica\u00e7\u00e3o\",\"url\":\"https:\/\/www.notibras.com\/site\/\",\"logo\":{\"@type\":\"ImageObject\",\"inLanguage\":\"pt-BR\",\"@id\":\"https:\/\/www.notibras.com\/site\/#\/schema\/logo\/image\/\",\"url\":\"https:\/\/www.notibras.com\/site\/wp-content\/uploads\/2023\/01\/notibras23.png\",\"contentUrl\":\"https:\/\/www.notibras.com\/site\/wp-content\/uploads\/2023\/01\/notibras23.png\",\"width\":350,\"height\":87,\"caption\":\"Grupo Notibras de Comunica\u00e7\u00e3o\"},\"image\":{\"@id\":\"https:\/\/www.notibras.com\/site\/#\/schema\/logo\/image\/\"},\"sameAs\":[\"https:\/\/www.facebook.com\/notibras\/\",\"https:\/\/x.com\/Notibras\",\"https:\/\/www.instagram.com\/notibras\/\"]},{\"@type\":\"Person\",\"@id\":\"https:\/\/www.notibras.com\/site\/#\/schema\/person\/36ab0979449956132d3e5b517ea76ac8\",\"name\":\"Reda\u00e7\u00e3o\",\"image\":{\"@type\":\"ImageObject\",\"inLanguage\":\"pt-BR\",\"@id\":\"https:\/\/secure.gravatar.com\/avatar\/e0a867bdedb85fd243eadf09663511f96fc81e0720a4a42581f334ad4303aa6b?s=96&d=mm&r=g\",\"url\":\"https:\/\/secure.gravatar.com\/avatar\/e0a867bdedb85fd243eadf09663511f96fc81e0720a4a42581f334ad4303aa6b?s=96&d=mm&r=g\",\"contentUrl\":\"https:\/\/secure.gravatar.com\/avatar\/e0a867bdedb85fd243eadf09663511f96fc81e0720a4a42581f334ad4303aa6b?s=96&d=mm&r=g\",\"caption\":\"Reda\u00e7\u00e3o\"}}]}<\/script>\n<!-- \/ Yoast SEO plugin. -->","yoast_head_json":{"title":"Bernardo d\u00e1 show e Vasco come\u00e7a Carioca com p\u00e9 direito - Notibras","robots":{"index":"index","follow":"follow","max-snippet":"max-snippet:-1","max-image-preview":"max-image-preview:large","max-video-preview":"max-video-preview:-1"},"canonical":"https:\/\/www.notibras.com\/site\/bernardo-volta-por-cima-da-show-e-vasco-comeca-o-carioca-com-o-pe-direito\/","og_locale":"pt_BR","og_type":"article","og_title":"Bernardo d\u00e1 show e Vasco come\u00e7a Carioca com p\u00e9 direito - Notibras","og_description":"Encarando a oportunidade como a \u00faltima no Vasco, o meia Bernardo n\u00e3o decepcionou e decidiu a partida para o Cruzmaltino na estreia da equipe no Campeonato Carioca, neste domingo, contra a Cabofriense, no Est\u00e1dio Moacyrz\u00e3o, em Maca\u00e9. Chamando a responsabilidade, o jogador, que pouco atuou no Palmeiras em 2014, foi o grande articulador de jogadas [&hellip;]","og_url":"https:\/\/www.notibras.com\/site\/bernardo-volta-por-cima-da-show-e-vasco-comeca-o-carioca-com-o-pe-direito\/","og_site_name":"Notibras","article_publisher":"https:\/\/www.facebook.com\/notibras\/","article_published_time":"2015-02-01T21:11:36+00:00","article_modified_time":"2015-02-02T10:46:14+00:00","og_image":[{"width":460,"height":306,"url":"https:\/\/www.notibras.com\/site\/wp-content\/uploads\/2015\/02\/bernardocomemoracarlosgregoriojuniordiv.jpg","type":"image\/jpeg"}],"author":"Reda\u00e7\u00e3o","twitter_card":"summary_large_image","twitter_creator":"@Notibras","twitter_site":"@Notibras","twitter_misc":{"Escrito por":"Reda\u00e7\u00e3o","Est. tempo de leitura":"1 minuto"},"schema":{"@context":"https:\/\/schema.org","@graph":[{"@type":"Article","@id":"https:\/\/www.notibras.com\/site\/bernardo-volta-por-cima-da-show-e-vasco-comeca-o-carioca-com-o-pe-direito\/#article","isPartOf":{"@id":"https:\/\/www.notibras.com\/site\/bernardo-volta-por-cima-da-show-e-vasco-comeca-o-carioca-com-o-pe-direito\/"},"author":{"name":"Reda\u00e7\u00e3o","@id":"https:\/\/www.notibras.com\/site\/#\/schema\/person\/36ab0979449956132d3e5b517ea76ac8"},"headline":"Bernardo d\u00e1 show e Vasco come\u00e7a Carioca com p\u00e9 direito","datePublished":"2015-02-01T21:11:36+00:00","dateModified":"2015-02-02T10:46:14+00:00","mainEntityOfPage":{"@id":"https:\/\/www.notibras.com\/site\/bernardo-volta-por-cima-da-show-e-vasco-comeca-o-carioca-com-o-pe-direito\/"},"wordCount":234,"commentCount":0,"publisher":{"@id":"https:\/\/www.notibras.com\/site\/#organization"},"image":{"@id":"https:\/\/www.notibras.com\/site\/bernardo-volta-por-cima-da-show-e-vasco-comeca-o-carioca-com-o-pe-direito\/#primaryimage"},"thumbnailUrl":"https:\/\/www.notibras.com\/site\/wp-content\/uploads\/2015\/02\/bernardocomemoracarlosgregoriojuniordiv.jpg","articleSection":["Esportes","Futebol"],"inLanguage":"pt-BR","potentialAction":[{"@type":"CommentAction","name":"Comment","target":["https:\/\/www.notibras.com\/site\/bernardo-volta-por-cima-da-show-e-vasco-comeca-o-carioca-com-o-pe-direito\/#respond"]}]},{"@type":"WebPage","@id":"https:\/\/www.notibras.com\/site\/bernardo-volta-por-cima-da-show-e-vasco-comeca-o-carioca-com-o-pe-direito\/","url":"https:\/\/www.notibras.com\/site\/bernardo-volta-por-cima-da-show-e-vasco-comeca-o-carioca-com-o-pe-direito\/","name":"Bernardo d\u00e1 show e Vasco come\u00e7a Carioca com p\u00e9 direito - Notibras","isPartOf":{"@id":"https:\/\/www.notibras.com\/site\/#website"},"primaryImageOfPage":{"@id":"https:\/\/www.notibras.com\/site\/bernardo-volta-por-cima-da-show-e-vasco-comeca-o-carioca-com-o-pe-direito\/#primaryimage"},"image":{"@id":"https:\/\/www.notibras.com\/site\/bernardo-volta-por-cima-da-show-e-vasco-comeca-o-carioca-com-o-pe-direito\/#primaryimage"},"thumbnailUrl":"https:\/\/www.notibras.com\/site\/wp-content\/uploads\/2015\/02\/bernardocomemoracarlosgregoriojuniordiv.jpg","datePublished":"2015-02-01T21:11:36+00:00","dateModified":"2015-02-02T10:46:14+00:00","breadcrumb":{"@id":"https:\/\/www.notibras.com\/site\/bernardo-volta-por-cima-da-show-e-vasco-comeca-o-carioca-com-o-pe-direito\/#breadcrumb"},"inLanguage":"pt-BR","potentialAction":[{"@type":"ReadAction","target":["https:\/\/www.notibras.com\/site\/bernardo-volta-por-cima-da-show-e-vasco-comeca-o-carioca-com-o-pe-direito\/"]}]},{"@type":"ImageObject","inLanguage":"pt-BR","@id":"https:\/\/www.notibras.com\/site\/bernardo-volta-por-cima-da-show-e-vasco-comeca-o-carioca-com-o-pe-direito\/#primaryimage","url":"https:\/\/www.notibras.com\/site\/wp-content\/uploads\/2015\/02\/bernardocomemoracarlosgregoriojuniordiv.jpg","contentUrl":"https:\/\/www.notibras.com\/site\/wp-content\/uploads\/2015\/02\/bernardocomemoracarlosgregoriojuniordiv.jpg","width":460,"height":306},{"@type":"BreadcrumbList","@id":"https:\/\/www.notibras.com\/site\/bernardo-volta-por-cima-da-show-e-vasco-comeca-o-carioca-com-o-pe-direito\/#breadcrumb","itemListElement":[{"@type":"ListItem","position":1,"name":"In\u00edcio","item":"https:\/\/www.notibras.com\/site\/"},{"@type":"ListItem","position":2,"name":"Bernardo d\u00e1 show e Vasco come\u00e7a Carioca com p\u00e9 direito"}]},{"@type":"WebSite","@id":"https:\/\/www.notibras.com\/site\/#website","url":"https:\/\/www.notibras.com\/site\/","name":"Notibras","description":"Not\u00edcias de Bras\u00edlia, do Brasil e do Mundo","publisher":{"@id":"https:\/\/www.notibras.com\/site\/#organization"},"potentialAction":[{"@type":"SearchAction","target":{"@type":"EntryPoint","urlTemplate":"https:\/\/www.notibras.com\/site\/?s={search_term_string}"},"query-input":{"@type":"PropertyValueSpecification","valueRequired":true,"valueName":"search_term_string"}}],"inLanguage":"pt-BR"},{"@type":"Organization","@id":"https:\/\/www.notibras.com\/site\/#organization","name":"Grupo Notibras de Comunica\u00e7\u00e3o","url":"https:\/\/www.notibras.com\/site\/","logo":{"@type":"ImageObject","inLanguage":"pt-BR","@id":"https:\/\/www.notibras.com\/site\/#\/schema\/logo\/image\/","url":"https:\/\/www.notibras.com\/site\/wp-content\/uploads\/2023\/01\/notibras23.png","contentUrl":"https:\/\/www.notibras.com\/site\/wp-content\/uploads\/2023\/01\/notibras23.png","width":350,"height":87,"caption":"Grupo Notibras de Comunica\u00e7\u00e3o"},"image":{"@id":"https:\/\/www.notibras.com\/site\/#\/schema\/logo\/image\/"},"sameAs":["https:\/\/www.facebook.com\/notibras\/","https:\/\/x.com\/Notibras","https:\/\/www.instagram.com\/notibras\/"]},{"@type":"Person","@id":"https:\/\/www.notibras.com\/site\/#\/schema\/person\/36ab0979449956132d3e5b517ea76ac8","name":"Reda\u00e7\u00e3o","image":{"@type":"ImageObject","inLanguage":"pt-BR","@id":"https:\/\/secure.gravatar.com\/avatar\/e0a867bdedb85fd243eadf09663511f96fc81e0720a4a42581f334ad4303aa6b?s=96&d=mm&r=g","url":"https:\/\/secure.gravatar.com\/avatar\/e0a867bdedb85fd243eadf09663511f96fc81e0720a4a42581f334ad4303aa6b?s=96&d=mm&r=g","contentUrl":"https:\/\/secure.gravatar.com\/avatar\/e0a867bdedb85fd243eadf09663511f96fc81e0720a4a42581f334ad4303aa6b?s=96&d=mm&r=g","caption":"Reda\u00e7\u00e3o"}}]}},"amp_enabled":true,"_links":{"self":[{"href":"https:\/\/www.notibras.com\/site\/wp-json\/wp\/v2\/posts\/35647","targetHints":{"allow":["GET"]}}],"collection":[{"href":"https:\/\/www.notibras.com\/site\/wp-json\/wp\/v2\/posts"}],"about":[{"href":"https:\/\/www.notibras.com\/site\/wp-json\/wp\/v2\/types\/post"}],"author":[{"embeddable":true,"href":"https:\/\/www.notibras.com\/site\/wp-json\/wp\/v2\/users\/2"}],"replies":[{"embeddable":true,"href":"https:\/\/www.notibras.com\/site\/wp-json\/wp\/v2\/comments?post=35647"}],"version-history":[{"count":0,"href":"https:\/\/www.notibras.com\/site\/wp-json\/wp\/v2\/posts\/35647\/revisions"}],"wp:featuredmedia":[{"embeddable":true,"href":"https:\/\/www.notibras.com\/site\/wp-json\/wp\/v2\/media\/35661"}],"wp:attachment":[{"href":"https:\/\/www.notibras.com\/site\/wp-json\/wp\/v2\/media?parent=35647"}],"wp:term":[{"taxonomy":"category","embeddable":true,"href":"https:\/\/www.notibras.com\/site\/wp-json\/wp\/v2\/categories?post=35647"},{"taxonomy":"post_tag","embeddable":true,"href":"https:\/\/www.notibras.com\/site\/wp-json\/wp\/v2\/tags?post=35647"}],"curies":[{"name":"wp","href":"https:\/\/api.w.org\/{rel}","templated":true}]}}