{"id":356531,"date":"2025-06-25T00:52:07","date_gmt":"2025-06-25T03:52:07","guid":{"rendered":"https:\/\/www.notibras.com\/site\/?p=356531"},"modified":"2025-06-25T09:56:27","modified_gmt":"2025-06-25T12:56:27","slug":"nascidos-em-maio-e-junho-recebem-parcela-de-200-reais-do-pe-de-meia","status":"publish","type":"post","link":"https:\/\/www.notibras.com\/site\/nascidos-em-maio-e-junho-recebem-parcela-de-200-reais-do-pe-de-meia\/","title":{"rendered":"Nascidos em maio e junho recebem parcela de 200 reais do P\u00e9 de Meia"},"content":{"rendered":"<p>Os participantes do programa P\u00e9-de-Meia nascidos nos meses de maio e junho recebem nesta quarta-feira (25) o pagamento da quarta parcela do programa P\u00e9-de-Meia de 2025.<\/p>\n<p>O valor de R$ 200 corresponde ao incentivo-frequ\u00eancia e \u00e9 destinado aos estudantes da rede p\u00fablica que est\u00e3o matriculados no ensino m\u00e9dio regular ou na modalidade Educa\u00e7\u00e3o de Jovens e Adultos (EJA).<\/p>\n<p>Para ter direito ao benef\u00edcio, os alunos devem ter presen\u00e7a m\u00ednima de 80% nas aulas.<\/p>\n<p><strong>Pagamento escalonado<\/strong><br \/>\nOs pagamentos do incentivo-frequ\u00eancia ocorrer\u00e3o at\u00e9 30 de junho, conforme o m\u00eas de nascimento dos estudantes que estiverem matriculados em uma das tr\u00eas s\u00e9ries do ensino m\u00e9dio da rede p\u00fablica de ensino. Confira o calend\u00e1rio:<\/p>\n<p>&#8211; nascidos em janeiro e fevereiro receberam em 23 de junho;<\/p>\n<p>&#8211; nascidos em mar\u00e7o e abril recebem em 24 de junho;<\/p>\n<p>&#8211; nascidos em maio e junho recebem em 25 de junho;<\/p>\n<p>&#8211; nascidos em julho e agosto recebem em 26 de junho;<\/p>\n<p>&#8211; nascidos em setembro e outubro recebem em 27 de junho;<\/p>\n<p>&#8211; nascidos em novembro e dezembro recebem em 30 de junho.<\/p>\n<p>De acordo com a Caixa Econ\u00f4mica Federal \u2013 respons\u00e1vel pela gest\u00e3o dos recursos repassados pelo MEC \u2013 nesta etapa, ao todo, cerca de 3,2 milh\u00f5es de estudantes de escolas p\u00fablicas receber\u00e3o o benef\u00edcio.<\/p>\n<p><strong>Dep\u00f3sitos<\/strong><br \/>\nA quarta parcela da \u201cpoupan\u00e7a do ensino m\u00e9dio\u201d de 2025 est\u00e1 sendo depositada em uma conta poupan\u00e7a da Caixa, aberta automaticamente pelo banco em nome dos estudantes.<\/p>\n<p>O valor pode ser movimentado ou sacado imediatamente, se o estudante desejar. Basta acessar o aplicativo Caixa Tem, se\u202fo aluno tiver\u202f18 anos ou mais.<\/p>\n<p>No caso de estudante menor de idade,\u202fser\u00e1\u202fnecess\u00e1rio que o respons\u00e1vel legal autorize\u202fo aluno a\u202fmovimentar\u202fa\u202fconta. Esse consentimento poder\u00e1 ser\u202ffeito no pr\u00f3prio aplicativo ou em uma ag\u00eancia banc\u00e1ria da Caixa.<\/p>\n<p>O estudante poder\u00e1 consultar no aplicativo Jornada do Estudante, do MEC, o status de pagamentos (rejeitados ou aprovados) e as pr\u00f3prias informa\u00e7\u00f5es escolares e regras do programa.<\/p>\n<p>As informa\u00e7\u00f5es relativas ao pagamento do programa federal tamb\u00e9m podem ser consultadas no aplicativo Caixa Tem ou no aplicativo Benef\u00edcios Sociais.<\/p>\n","protected":false},"excerpt":{"rendered":"<p>Os participantes do programa P\u00e9-de-Meia nascidos nos meses de maio e junho recebem nesta quarta-feira (25) o pagamento da quarta parcela do programa P\u00e9-de-Meia de 2025. O valor de R$ 200 corresponde ao incentivo-frequ\u00eancia e \u00e9 destinado aos estudantes da rede p\u00fablica que est\u00e3o matriculados no ensino m\u00e9dio regular ou na modalidade Educa\u00e7\u00e3o de Jovens [&hellip;]<\/p>\n","protected":false},"author":2,"featured_media":356532,"comment_status":"closed","ping_status":"closed","sticky":false,"template":"","format":"standard","meta":{"_acf_changed":false,"footnotes":""},"categories":[165],"tags":[],"class_list":["post-356531","post","type-post","status-publish","format-standard","has-post-thumbnail","hentry","category-nordeste"],"acf":[],"_links":{"self":[{"href":"https:\/\/www.notibras.com\/site\/wp-json\/wp\/v2\/posts\/356531","targetHints":{"allow":["GET"]}}],"collection":[{"href":"https:\/\/www.notibras.com\/site\/wp-json\/wp\/v2\/posts"}],"about":[{"href":"https:\/\/www.notibras.com\/site\/wp-json\/wp\/v2\/types\/post"}],"author":[{"embeddable":true,"href":"https:\/\/www.notibras.com\/site\/wp-json\/wp\/v2\/users\/2"}],"replies":[{"embeddable":true,"href":"https:\/\/www.notibras.com\/site\/wp-json\/wp\/v2\/comments?post=356531"}],"version-history":[{"count":1,"href":"https:\/\/www.notibras.com\/site\/wp-json\/wp\/v2\/posts\/356531\/revisions"}],"predecessor-version":[{"id":356533,"href":"https:\/\/www.notibras.com\/site\/wp-json\/wp\/v2\/posts\/356531\/revisions\/356533"}],"wp:featuredmedia":[{"embeddable":true,"href":"https:\/\/www.notibras.com\/site\/wp-json\/wp\/v2\/media\/356532"}],"wp:attachment":[{"href":"https:\/\/www.notibras.com\/site\/wp-json\/wp\/v2\/media?parent=356531"}],"wp:term":[{"taxonomy":"category","embeddable":true,"href":"https:\/\/www.notibras.com\/site\/wp-json\/wp\/v2\/categories?post=356531"},{"taxonomy":"post_tag","embeddable":true,"href":"https:\/\/www.notibras.com\/site\/wp-json\/wp\/v2\/tags?post=356531"}],"curies":[{"name":"wp","href":"https:\/\/api.w.org\/{rel}","templated":true}]}}