{"id":356534,"date":"2025-06-25T01:58:41","date_gmt":"2025-06-25T04:58:41","guid":{"rendered":"https:\/\/www.notibras.com\/site\/?p=356534"},"modified":"2025-06-25T10:02:03","modified_gmt":"2025-06-25T13:02:03","slug":"estudos-revelam-realidade-que-nao-esta-nada-facil","status":"publish","type":"post","link":"https:\/\/www.notibras.com\/site\/estudos-revelam-realidade-que-nao-esta-nada-facil\/","title":{"rendered":"Estudos revelam realidade que n\u00e3o est\u00e1 nada f\u00e1cil"},"content":{"rendered":"<p>O vento que sopra no sert\u00e3o carrega mais do que poeira e saudade \u2014 carrega hist\u00f3rias de luta, resist\u00eancia e desafios que parecem n\u00e3o ter fim. Estudos recentes apontam o que o povo nordestino j\u00e1 sente na pele h\u00e1 muito tempo: a realidade n\u00e3o est\u00e1 f\u00e1cil. E, para muitos, nunca esteve.<\/p>\n<p>A seca ainda castiga como uma velha conhecida que insiste em voltar. A \u00e1gua, que em outras regi\u00f5es corre abundante, aqui \u00e9 motivo de espera, de reza e de sobreviv\u00eancia. A agricultura familiar, que sustenta tantas casas, enfrenta solo rachado e promessas pol\u00edticas esquecidas. Jovens sonham com o futuro, mas enfrentam escolas prec\u00e1rias, oportunidades escassas e a dif\u00edcil decis\u00e3o de ficar ou partir.<\/p>\n<p>Os dados revelam o que os olhos veem nas feiras, nos assentamentos, nas periferias das cidades: pobreza, fome, abandono. O acesso \u00e0 sa\u00fade ainda \u00e9 limitado, com postos distantes e mal equipados. A educa\u00e7\u00e3o, mesmo com tantos esfor\u00e7os de professores dedicados, sofre com a falta de estrutura.<\/p>\n<p>Mas, mesmo diante desse cen\u00e1rio urgente, o nordestino n\u00e3o desiste. Com f\u00e9, criatividade e uma for\u00e7a que emociona, segue em frente. Reinventa-se. Cria arte nas dificuldades, cultura na escassez, esperan\u00e7a em meio ao abandono.<\/p>\n<p>Esta cr\u00f4nica \u00e9 um chamado \u00e0 aten\u00e7\u00e3o, um grito manso, mas firme: \u00e9 hora de olhar para o Nordeste com a seriedade e o respeito que ele merece. Que os estudos n\u00e3o fiquem apenas nos pap\u00e9is e nos jornais, mas sirvam de base para pol\u00edticas reais, a\u00e7\u00f5es concretas, mudan\u00e7as urgentes.<\/p>\n","protected":false},"excerpt":{"rendered":"<p>O vento que sopra no sert\u00e3o carrega mais do que poeira e saudade \u2014 carrega hist\u00f3rias de luta, resist\u00eancia e desafios que parecem n\u00e3o ter fim. Estudos recentes apontam o que o povo nordestino j\u00e1 sente na pele h\u00e1 muito tempo: a realidade n\u00e3o est\u00e1 f\u00e1cil. E, para muitos, nunca esteve. A seca ainda castiga [&hellip;]<\/p>\n","protected":false},"author":2,"featured_media":356535,"comment_status":"closed","ping_status":"closed","sticky":false,"template":"","format":"standard","meta":{"_acf_changed":false,"footnotes":""},"categories":[165],"tags":[],"class_list":["post-356534","post","type-post","status-publish","format-standard","has-post-thumbnail","hentry","category-nordeste"],"acf":[],"_links":{"self":[{"href":"https:\/\/www.notibras.com\/site\/wp-json\/wp\/v2\/posts\/356534","targetHints":{"allow":["GET"]}}],"collection":[{"href":"https:\/\/www.notibras.com\/site\/wp-json\/wp\/v2\/posts"}],"about":[{"href":"https:\/\/www.notibras.com\/site\/wp-json\/wp\/v2\/types\/post"}],"author":[{"embeddable":true,"href":"https:\/\/www.notibras.com\/site\/wp-json\/wp\/v2\/users\/2"}],"replies":[{"embeddable":true,"href":"https:\/\/www.notibras.com\/site\/wp-json\/wp\/v2\/comments?post=356534"}],"version-history":[{"count":2,"href":"https:\/\/www.notibras.com\/site\/wp-json\/wp\/v2\/posts\/356534\/revisions"}],"predecessor-version":[{"id":356537,"href":"https:\/\/www.notibras.com\/site\/wp-json\/wp\/v2\/posts\/356534\/revisions\/356537"}],"wp:featuredmedia":[{"embeddable":true,"href":"https:\/\/www.notibras.com\/site\/wp-json\/wp\/v2\/media\/356535"}],"wp:attachment":[{"href":"https:\/\/www.notibras.com\/site\/wp-json\/wp\/v2\/media?parent=356534"}],"wp:term":[{"taxonomy":"category","embeddable":true,"href":"https:\/\/www.notibras.com\/site\/wp-json\/wp\/v2\/categories?post=356534"},{"taxonomy":"post_tag","embeddable":true,"href":"https:\/\/www.notibras.com\/site\/wp-json\/wp\/v2\/tags?post=356534"}],"curies":[{"name":"wp","href":"https:\/\/api.w.org\/{rel}","templated":true}]}}