{"id":356550,"date":"2025-06-25T11:51:56","date_gmt":"2025-06-25T14:51:56","guid":{"rendered":"https:\/\/www.notibras.com\/site\/?p=356550"},"modified":"2025-06-25T11:52:34","modified_gmt":"2025-06-25T14:52:34","slug":"tio-sam-precisa-acabar-com-sua-retorica-ensaiada","status":"publish","type":"post","link":"https:\/\/www.notibras.com\/site\/tio-sam-precisa-acabar-com-sua-retorica-ensaiada\/","title":{"rendered":"&#8216;Tio Sam&#8217; precisa acabar com sua ret\u00f3rica ensaiada"},"content":{"rendered":"<p>Ao longo da hist\u00f3ria recente, os Estados Unidos se comportam como se fossem os donos absolutos do mundo, um xerife global que ningu\u00e9m pediu nem autorizou. Essa arrog\u00e2ncia, alimentada por um sentimento exagerado de superioridade moral, militar e econ\u00f4mica, faz com que se intrometam em conflitos e assuntos que n\u00e3o lhes dizem respeito, ignorando completamente o direito das na\u00e7\u00f5es \u00e0 sua soberania. Sob a m\u00e1scara hip\u00f3crita da &#8220;defesa da democracia&#8221;, do &#8220;combate ao terrorismo&#8221; ou da &#8220;prote\u00e7\u00e3o dos direitos humanos&#8221;, na verdade, escondem interesses geopol\u00edticos, econ\u00f4micos e estrat\u00e9gicos que custam vidas inocentes e destroem pa\u00edses inteiros.<\/p>\n<p>A ret\u00f3rica norte-americana \u00e9 uma farsa bem ensaiada: falam em miss\u00f5es de paz e interven\u00e7\u00f5es humanit\u00e1rias, mas o que sempre deixam para tr\u00e1s s\u00e3o destrui\u00e7\u00f5es, caos, massacres e pilhagem econ\u00f4mica. Essa \u00e9 a verdadeira face do chamado &#8220;excepcionalismo americano&#8221;.<\/p>\n<p>A Am\u00e9rica Latina \u00e9 o palco onde esse imperialismo se manifesta com mais crueldade e impunidade. Desde o s\u00e9culo XX, os EUA derrubaram governos eleitos democraticamente, como o de Salvador Allende, no Chile, para garantir ditaduras que servissem aos seus interesses. No Brasil, apoiaram o golpe de 1964, mascarando sua interfer\u00eancia com o discurso vazio de &#8220;proteger a democracia&#8221;, enquanto na verdade protegiam seus pr\u00f3prios lucros e influ\u00eancia na regi\u00e3o. Documentos desclassificados deixam claro que os norte-americanos tinham total consci\u00eancia da viol\u00eancia e do retrocesso que estavam ajudando a instaurar.<\/p>\n<p>Essa postura n\u00e3o passa de um del\u00edrio de grandeza travestido de destino manifesto. Os EUA se colocam acima das leis internacionais, ignorando tratados e conven\u00e7\u00f5es sempre que lhes conv\u00e9m, como se o mundo fosse seu quintal particular.<\/p>\n<p>Enquanto isso, os problemas reais dos pr\u00f3prios Estados Unidos s\u00e3o ignorados. Desigualdade social brutal, viol\u00eancia armada desenfreada, racismo estrutural, um sistema de sa\u00fade falido e uma polariza\u00e7\u00e3o pol\u00edtica que amea\u00e7a o pr\u00f3prio tecido democr\u00e1tico do pa\u00eds, s\u00e3o quest\u00f5es que deveriam merecer aten\u00e7\u00e3o priorit\u00e1ria. Antes de sair por a\u00ed &#8220;salvando&#8221; o mundo, seria prudente cuidar da pr\u00f3pria p\u00e1tria.<\/p>\n<p>A experi\u00eancia mostra que onde os EUA entram, a situa\u00e7\u00e3o piora. No Afeganist\u00e3o, ap\u00f3s duas d\u00e9cadas e trilh\u00f5es de d\u00f3lares investidos, o Talib\u00e3 retomou o poder assim que os militares partiram. Na L\u00edbia, a destrui\u00e7\u00e3o promovida pela queda de Gaddafi, apoiada pelos americanos, transformou o pa\u00eds em um caos absoluto, palco do tr\u00e1fico humano e do terrorismo. Em todos os lugares, o padr\u00e3o \u00e9 o mesmo: interferem, saqueiam o que interessa e abandonam na\u00e7\u00f5es em ru\u00ednas.<\/p>\n<p>Esse intervencionismo n\u00e3o \u00e9 um erro isolado ou uma a\u00e7\u00e3o benevolente equivocada, \u00e9 um projeto consciente de domina\u00e7\u00e3o global, sustentado por uma ideologia arrogante que acredita estar acima das consequ\u00eancias e da justi\u00e7a. \u00c9 urgente acabar com essa ilus\u00e3o do &#8220;salvador do mundo&#8221; e encarar os Estados Unidos pelo que realmente s\u00e3o em muitos contextos: uma pot\u00eancia que s\u00f3 piora os conflitos que alega controlar.<\/p>\n<p>Os EUA precisam parar de se colocar como donos do planeta e come\u00e7ar a respeitar a soberania dos outros pa\u00edses. O mundo n\u00e3o quer mais um chefe autorit\u00e1rio, quer di\u00e1logo, respeito m\u00fatuo e o direito leg\u00edtimo \u00e0 autodetermina\u00e7\u00e3o de cada povo.<\/p>\n<p>&#8230;&#8230;&#8230;&#8230;&#8230;&#8230;&#8230;&#8230;&#8230;&#8230;&#8230;&#8230;&#8230;&#8230;&#8230;<\/p>\n<p><strong>Rafaela Lopes, colaboradora do Caf\u00e9 Liter\u00e1rio, tamb\u00e9m escreve textos para outras editorias de Notibras<\/strong><\/p>\n","protected":false},"excerpt":{"rendered":"<p>Ao longo da hist\u00f3ria recente, os Estados Unidos se comportam como se fossem os donos absolutos do mundo, um xerife global que ningu\u00e9m pediu nem autorizou. Essa arrog\u00e2ncia, alimentada por um sentimento exagerado de superioridade moral, militar e econ\u00f4mica, faz com que se intrometam em conflitos e assuntos que n\u00e3o lhes dizem respeito, ignorando completamente [&hellip;]<\/p>\n","protected":false},"author":2,"featured_media":350082,"comment_status":"closed","ping_status":"closed","sticky":false,"template":"","format":"standard","meta":{"_acf_changed":false,"footnotes":""},"categories":[159],"tags":[],"class_list":["post-356550","post","type-post","status-publish","format-standard","has-post-thumbnail","hentry","category-apocalipse"],"acf":[],"yoast_head":"<!-- This site is optimized with the Yoast SEO plugin v27.2 - https:\/\/yoast.com\/product\/yoast-seo-wordpress\/ -->\n<title>&#039;Tio Sam&#039; precisa acabar com sua ret\u00f3rica ensaiada - Notibras<\/title>\n<meta name=\"robots\" content=\"index, follow, max-snippet:-1, max-image-preview:large, max-video-preview:-1\" \/>\n<link rel=\"canonical\" href=\"https:\/\/www.notibras.com\/site\/tio-sam-precisa-acabar-com-sua-retorica-ensaiada\/\" \/>\n<meta property=\"og:locale\" content=\"pt_BR\" \/>\n<meta property=\"og:type\" content=\"article\" \/>\n<meta property=\"og:title\" content=\"&#039;Tio Sam&#039; precisa acabar com sua ret\u00f3rica ensaiada - Notibras\" \/>\n<meta property=\"og:description\" content=\"Ao longo da hist\u00f3ria recente, os Estados Unidos se comportam como se fossem os donos absolutos do mundo, um xerife global que ningu\u00e9m pediu nem autorizou. Essa arrog\u00e2ncia, alimentada por um sentimento exagerado de superioridade moral, militar e econ\u00f4mica, faz com que se intrometam em conflitos e assuntos que n\u00e3o lhes dizem respeito, ignorando completamente [&hellip;]\" \/>\n<meta property=\"og:url\" content=\"https:\/\/www.notibras.com\/site\/tio-sam-precisa-acabar-com-sua-retorica-ensaiada\/\" \/>\n<meta property=\"og:site_name\" content=\"Notibras\" \/>\n<meta property=\"article:publisher\" content=\"https:\/\/www.facebook.com\/notibras\/\" \/>\n<meta property=\"article:published_time\" content=\"2025-06-25T14:51:56+00:00\" \/>\n<meta property=\"article:modified_time\" content=\"2025-06-25T14:52:34+00:00\" \/>\n<meta property=\"og:image\" content=\"https:\/\/www.notibras.com\/site\/wp-content\/uploads\/2025\/03\/trump.paz_.apelo_.jpg\" \/>\n\t<meta property=\"og:image:width\" content=\"768\" \/>\n\t<meta property=\"og:image:height\" content=\"512\" \/>\n\t<meta property=\"og:image:type\" content=\"image\/jpeg\" \/>\n<meta name=\"author\" content=\"Reda\u00e7\u00e3o\" \/>\n<meta name=\"twitter:card\" content=\"summary_large_image\" \/>\n<meta name=\"twitter:creator\" content=\"@Notibras\" \/>\n<meta name=\"twitter:site\" content=\"@Notibras\" \/>\n<meta name=\"twitter:label1\" content=\"Escrito por\" \/>\n\t<meta name=\"twitter:data1\" content=\"Reda\u00e7\u00e3o\" \/>\n\t<meta name=\"twitter:label2\" content=\"Est. tempo de leitura\" \/>\n\t<meta name=\"twitter:data2\" content=\"4 minutos\" \/>\n<script type=\"application\/ld+json\" class=\"yoast-schema-graph\">{\"@context\":\"https:\/\/schema.org\",\"@graph\":[{\"@type\":\"Article\",\"@id\":\"https:\/\/www.notibras.com\/site\/tio-sam-precisa-acabar-com-sua-retorica-ensaiada\/#article\",\"isPartOf\":{\"@id\":\"https:\/\/www.notibras.com\/site\/tio-sam-precisa-acabar-com-sua-retorica-ensaiada\/\"},\"author\":{\"name\":\"Reda\u00e7\u00e3o\",\"@id\":\"https:\/\/www.notibras.com\/site\/#\/schema\/person\/36ab0979449956132d3e5b517ea76ac8\"},\"headline\":\"&#8216;Tio Sam&#8217; precisa acabar com sua ret\u00f3rica ensaiada\",\"datePublished\":\"2025-06-25T14:51:56+00:00\",\"dateModified\":\"2025-06-25T14:52:34+00:00\",\"mainEntityOfPage\":{\"@id\":\"https:\/\/www.notibras.com\/site\/tio-sam-precisa-acabar-com-sua-retorica-ensaiada\/\"},\"wordCount\":595,\"publisher\":{\"@id\":\"https:\/\/www.notibras.com\/site\/#organization\"},\"image\":{\"@id\":\"https:\/\/www.notibras.com\/site\/tio-sam-precisa-acabar-com-sua-retorica-ensaiada\/#primaryimage\"},\"thumbnailUrl\":\"https:\/\/www.notibras.com\/site\/wp-content\/uploads\/2025\/03\/trump.paz_.apelo_.jpg\",\"articleSection\":[\"Apocalipse\"],\"inLanguage\":\"pt-BR\"},{\"@type\":\"WebPage\",\"@id\":\"https:\/\/www.notibras.com\/site\/tio-sam-precisa-acabar-com-sua-retorica-ensaiada\/\",\"url\":\"https:\/\/www.notibras.com\/site\/tio-sam-precisa-acabar-com-sua-retorica-ensaiada\/\",\"name\":\"'Tio Sam' precisa acabar com sua ret\u00f3rica ensaiada - Notibras\",\"isPartOf\":{\"@id\":\"https:\/\/www.notibras.com\/site\/#website\"},\"primaryImageOfPage\":{\"@id\":\"https:\/\/www.notibras.com\/site\/tio-sam-precisa-acabar-com-sua-retorica-ensaiada\/#primaryimage\"},\"image\":{\"@id\":\"https:\/\/www.notibras.com\/site\/tio-sam-precisa-acabar-com-sua-retorica-ensaiada\/#primaryimage\"},\"thumbnailUrl\":\"https:\/\/www.notibras.com\/site\/wp-content\/uploads\/2025\/03\/trump.paz_.apelo_.jpg\",\"datePublished\":\"2025-06-25T14:51:56+00:00\",\"dateModified\":\"2025-06-25T14:52:34+00:00\",\"breadcrumb\":{\"@id\":\"https:\/\/www.notibras.com\/site\/tio-sam-precisa-acabar-com-sua-retorica-ensaiada\/#breadcrumb\"},\"inLanguage\":\"pt-BR\",\"potentialAction\":[{\"@type\":\"ReadAction\",\"target\":[\"https:\/\/www.notibras.com\/site\/tio-sam-precisa-acabar-com-sua-retorica-ensaiada\/\"]}]},{\"@type\":\"ImageObject\",\"inLanguage\":\"pt-BR\",\"@id\":\"https:\/\/www.notibras.com\/site\/tio-sam-precisa-acabar-com-sua-retorica-ensaiada\/#primaryimage\",\"url\":\"https:\/\/www.notibras.com\/site\/wp-content\/uploads\/2025\/03\/trump.paz_.apelo_.jpg\",\"contentUrl\":\"https:\/\/www.notibras.com\/site\/wp-content\/uploads\/2025\/03\/trump.paz_.apelo_.jpg\",\"width\":768,\"height\":512},{\"@type\":\"BreadcrumbList\",\"@id\":\"https:\/\/www.notibras.com\/site\/tio-sam-precisa-acabar-com-sua-retorica-ensaiada\/#breadcrumb\",\"itemListElement\":[{\"@type\":\"ListItem\",\"position\":1,\"name\":\"In\u00edcio\",\"item\":\"https:\/\/www.notibras.com\/site\/\"},{\"@type\":\"ListItem\",\"position\":2,\"name\":\"&#8216;Tio Sam&#8217; precisa acabar com sua ret\u00f3rica ensaiada\"}]},{\"@type\":\"WebSite\",\"@id\":\"https:\/\/www.notibras.com\/site\/#website\",\"url\":\"https:\/\/www.notibras.com\/site\/\",\"name\":\"Notibras\",\"description\":\"Not\u00edcias de Bras\u00edlia, do Brasil e do Mundo\",\"publisher\":{\"@id\":\"https:\/\/www.notibras.com\/site\/#organization\"},\"potentialAction\":[{\"@type\":\"SearchAction\",\"target\":{\"@type\":\"EntryPoint\",\"urlTemplate\":\"https:\/\/www.notibras.com\/site\/?s={search_term_string}\"},\"query-input\":{\"@type\":\"PropertyValueSpecification\",\"valueRequired\":true,\"valueName\":\"search_term_string\"}}],\"inLanguage\":\"pt-BR\"},{\"@type\":\"Organization\",\"@id\":\"https:\/\/www.notibras.com\/site\/#organization\",\"name\":\"Grupo Notibras de Comunica\u00e7\u00e3o\",\"url\":\"https:\/\/www.notibras.com\/site\/\",\"logo\":{\"@type\":\"ImageObject\",\"inLanguage\":\"pt-BR\",\"@id\":\"https:\/\/www.notibras.com\/site\/#\/schema\/logo\/image\/\",\"url\":\"https:\/\/www.notibras.com\/site\/wp-content\/uploads\/2023\/01\/notibras23.png\",\"contentUrl\":\"https:\/\/www.notibras.com\/site\/wp-content\/uploads\/2023\/01\/notibras23.png\",\"width\":350,\"height\":87,\"caption\":\"Grupo Notibras de Comunica\u00e7\u00e3o\"},\"image\":{\"@id\":\"https:\/\/www.notibras.com\/site\/#\/schema\/logo\/image\/\"},\"sameAs\":[\"https:\/\/www.facebook.com\/notibras\/\",\"https:\/\/x.com\/Notibras\",\"https:\/\/www.instagram.com\/notibras\/\"]},{\"@type\":\"Person\",\"@id\":\"https:\/\/www.notibras.com\/site\/#\/schema\/person\/36ab0979449956132d3e5b517ea76ac8\",\"name\":\"Reda\u00e7\u00e3o\",\"image\":{\"@type\":\"ImageObject\",\"inLanguage\":\"pt-BR\",\"@id\":\"https:\/\/secure.gravatar.com\/avatar\/e0a867bdedb85fd243eadf09663511f96fc81e0720a4a42581f334ad4303aa6b?s=96&d=mm&r=g\",\"url\":\"https:\/\/secure.gravatar.com\/avatar\/e0a867bdedb85fd243eadf09663511f96fc81e0720a4a42581f334ad4303aa6b?s=96&d=mm&r=g\",\"contentUrl\":\"https:\/\/secure.gravatar.com\/avatar\/e0a867bdedb85fd243eadf09663511f96fc81e0720a4a42581f334ad4303aa6b?s=96&d=mm&r=g\",\"caption\":\"Reda\u00e7\u00e3o\"}}]}<\/script>\n<!-- \/ Yoast SEO plugin. -->","yoast_head_json":{"title":"'Tio Sam' precisa acabar com sua ret\u00f3rica ensaiada - Notibras","robots":{"index":"index","follow":"follow","max-snippet":"max-snippet:-1","max-image-preview":"max-image-preview:large","max-video-preview":"max-video-preview:-1"},"canonical":"https:\/\/www.notibras.com\/site\/tio-sam-precisa-acabar-com-sua-retorica-ensaiada\/","og_locale":"pt_BR","og_type":"article","og_title":"'Tio Sam' precisa acabar com sua ret\u00f3rica ensaiada - Notibras","og_description":"Ao longo da hist\u00f3ria recente, os Estados Unidos se comportam como se fossem os donos absolutos do mundo, um xerife global que ningu\u00e9m pediu nem autorizou. Essa arrog\u00e2ncia, alimentada por um sentimento exagerado de superioridade moral, militar e econ\u00f4mica, faz com que se intrometam em conflitos e assuntos que n\u00e3o lhes dizem respeito, ignorando completamente [&hellip;]","og_url":"https:\/\/www.notibras.com\/site\/tio-sam-precisa-acabar-com-sua-retorica-ensaiada\/","og_site_name":"Notibras","article_publisher":"https:\/\/www.facebook.com\/notibras\/","article_published_time":"2025-06-25T14:51:56+00:00","article_modified_time":"2025-06-25T14:52:34+00:00","og_image":[{"width":768,"height":512,"url":"https:\/\/www.notibras.com\/site\/wp-content\/uploads\/2025\/03\/trump.paz_.apelo_.jpg","type":"image\/jpeg"}],"author":"Reda\u00e7\u00e3o","twitter_card":"summary_large_image","twitter_creator":"@Notibras","twitter_site":"@Notibras","twitter_misc":{"Escrito por":"Reda\u00e7\u00e3o","Est. tempo de leitura":"4 minutos"},"schema":{"@context":"https:\/\/schema.org","@graph":[{"@type":"Article","@id":"https:\/\/www.notibras.com\/site\/tio-sam-precisa-acabar-com-sua-retorica-ensaiada\/#article","isPartOf":{"@id":"https:\/\/www.notibras.com\/site\/tio-sam-precisa-acabar-com-sua-retorica-ensaiada\/"},"author":{"name":"Reda\u00e7\u00e3o","@id":"https:\/\/www.notibras.com\/site\/#\/schema\/person\/36ab0979449956132d3e5b517ea76ac8"},"headline":"&#8216;Tio Sam&#8217; precisa acabar com sua ret\u00f3rica ensaiada","datePublished":"2025-06-25T14:51:56+00:00","dateModified":"2025-06-25T14:52:34+00:00","mainEntityOfPage":{"@id":"https:\/\/www.notibras.com\/site\/tio-sam-precisa-acabar-com-sua-retorica-ensaiada\/"},"wordCount":595,"publisher":{"@id":"https:\/\/www.notibras.com\/site\/#organization"},"image":{"@id":"https:\/\/www.notibras.com\/site\/tio-sam-precisa-acabar-com-sua-retorica-ensaiada\/#primaryimage"},"thumbnailUrl":"https:\/\/www.notibras.com\/site\/wp-content\/uploads\/2025\/03\/trump.paz_.apelo_.jpg","articleSection":["Apocalipse"],"inLanguage":"pt-BR"},{"@type":"WebPage","@id":"https:\/\/www.notibras.com\/site\/tio-sam-precisa-acabar-com-sua-retorica-ensaiada\/","url":"https:\/\/www.notibras.com\/site\/tio-sam-precisa-acabar-com-sua-retorica-ensaiada\/","name":"'Tio Sam' precisa acabar com sua ret\u00f3rica ensaiada - Notibras","isPartOf":{"@id":"https:\/\/www.notibras.com\/site\/#website"},"primaryImageOfPage":{"@id":"https:\/\/www.notibras.com\/site\/tio-sam-precisa-acabar-com-sua-retorica-ensaiada\/#primaryimage"},"image":{"@id":"https:\/\/www.notibras.com\/site\/tio-sam-precisa-acabar-com-sua-retorica-ensaiada\/#primaryimage"},"thumbnailUrl":"https:\/\/www.notibras.com\/site\/wp-content\/uploads\/2025\/03\/trump.paz_.apelo_.jpg","datePublished":"2025-06-25T14:51:56+00:00","dateModified":"2025-06-25T14:52:34+00:00","breadcrumb":{"@id":"https:\/\/www.notibras.com\/site\/tio-sam-precisa-acabar-com-sua-retorica-ensaiada\/#breadcrumb"},"inLanguage":"pt-BR","potentialAction":[{"@type":"ReadAction","target":["https:\/\/www.notibras.com\/site\/tio-sam-precisa-acabar-com-sua-retorica-ensaiada\/"]}]},{"@type":"ImageObject","inLanguage":"pt-BR","@id":"https:\/\/www.notibras.com\/site\/tio-sam-precisa-acabar-com-sua-retorica-ensaiada\/#primaryimage","url":"https:\/\/www.notibras.com\/site\/wp-content\/uploads\/2025\/03\/trump.paz_.apelo_.jpg","contentUrl":"https:\/\/www.notibras.com\/site\/wp-content\/uploads\/2025\/03\/trump.paz_.apelo_.jpg","width":768,"height":512},{"@type":"BreadcrumbList","@id":"https:\/\/www.notibras.com\/site\/tio-sam-precisa-acabar-com-sua-retorica-ensaiada\/#breadcrumb","itemListElement":[{"@type":"ListItem","position":1,"name":"In\u00edcio","item":"https:\/\/www.notibras.com\/site\/"},{"@type":"ListItem","position":2,"name":"&#8216;Tio Sam&#8217; precisa acabar com sua ret\u00f3rica ensaiada"}]},{"@type":"WebSite","@id":"https:\/\/www.notibras.com\/site\/#website","url":"https:\/\/www.notibras.com\/site\/","name":"Notibras","description":"Not\u00edcias de Bras\u00edlia, do Brasil e do Mundo","publisher":{"@id":"https:\/\/www.notibras.com\/site\/#organization"},"potentialAction":[{"@type":"SearchAction","target":{"@type":"EntryPoint","urlTemplate":"https:\/\/www.notibras.com\/site\/?s={search_term_string}"},"query-input":{"@type":"PropertyValueSpecification","valueRequired":true,"valueName":"search_term_string"}}],"inLanguage":"pt-BR"},{"@type":"Organization","@id":"https:\/\/www.notibras.com\/site\/#organization","name":"Grupo Notibras de Comunica\u00e7\u00e3o","url":"https:\/\/www.notibras.com\/site\/","logo":{"@type":"ImageObject","inLanguage":"pt-BR","@id":"https:\/\/www.notibras.com\/site\/#\/schema\/logo\/image\/","url":"https:\/\/www.notibras.com\/site\/wp-content\/uploads\/2023\/01\/notibras23.png","contentUrl":"https:\/\/www.notibras.com\/site\/wp-content\/uploads\/2023\/01\/notibras23.png","width":350,"height":87,"caption":"Grupo Notibras de Comunica\u00e7\u00e3o"},"image":{"@id":"https:\/\/www.notibras.com\/site\/#\/schema\/logo\/image\/"},"sameAs":["https:\/\/www.facebook.com\/notibras\/","https:\/\/x.com\/Notibras","https:\/\/www.instagram.com\/notibras\/"]},{"@type":"Person","@id":"https:\/\/www.notibras.com\/site\/#\/schema\/person\/36ab0979449956132d3e5b517ea76ac8","name":"Reda\u00e7\u00e3o","image":{"@type":"ImageObject","inLanguage":"pt-BR","@id":"https:\/\/secure.gravatar.com\/avatar\/e0a867bdedb85fd243eadf09663511f96fc81e0720a4a42581f334ad4303aa6b?s=96&d=mm&r=g","url":"https:\/\/secure.gravatar.com\/avatar\/e0a867bdedb85fd243eadf09663511f96fc81e0720a4a42581f334ad4303aa6b?s=96&d=mm&r=g","contentUrl":"https:\/\/secure.gravatar.com\/avatar\/e0a867bdedb85fd243eadf09663511f96fc81e0720a4a42581f334ad4303aa6b?s=96&d=mm&r=g","caption":"Reda\u00e7\u00e3o"}}]}},"amp_enabled":true,"_links":{"self":[{"href":"https:\/\/www.notibras.com\/site\/wp-json\/wp\/v2\/posts\/356550","targetHints":{"allow":["GET"]}}],"collection":[{"href":"https:\/\/www.notibras.com\/site\/wp-json\/wp\/v2\/posts"}],"about":[{"href":"https:\/\/www.notibras.com\/site\/wp-json\/wp\/v2\/types\/post"}],"author":[{"embeddable":true,"href":"https:\/\/www.notibras.com\/site\/wp-json\/wp\/v2\/users\/2"}],"replies":[{"embeddable":true,"href":"https:\/\/www.notibras.com\/site\/wp-json\/wp\/v2\/comments?post=356550"}],"version-history":[{"count":2,"href":"https:\/\/www.notibras.com\/site\/wp-json\/wp\/v2\/posts\/356550\/revisions"}],"predecessor-version":[{"id":356552,"href":"https:\/\/www.notibras.com\/site\/wp-json\/wp\/v2\/posts\/356550\/revisions\/356552"}],"wp:featuredmedia":[{"embeddable":true,"href":"https:\/\/www.notibras.com\/site\/wp-json\/wp\/v2\/media\/350082"}],"wp:attachment":[{"href":"https:\/\/www.notibras.com\/site\/wp-json\/wp\/v2\/media?parent=356550"}],"wp:term":[{"taxonomy":"category","embeddable":true,"href":"https:\/\/www.notibras.com\/site\/wp-json\/wp\/v2\/categories?post=356550"},{"taxonomy":"post_tag","embeddable":true,"href":"https:\/\/www.notibras.com\/site\/wp-json\/wp\/v2\/tags?post=356550"}],"curies":[{"name":"wp","href":"https:\/\/api.w.org\/{rel}","templated":true}]}}