{"id":356558,"date":"2025-06-26T01:09:43","date_gmt":"2025-06-26T04:09:43","guid":{"rendered":"https:\/\/www.notibras.com\/site\/?p=356558"},"modified":"2025-06-26T01:09:43","modified_gmt":"2025-06-26T04:09:43","slug":"brics-querem-oriente-medio-sem-armas-nucleares","status":"publish","type":"post","link":"https:\/\/www.notibras.com\/site\/brics-querem-oriente-medio-sem-armas-nucleares\/","title":{"rendered":"Brics querem Oriente M\u00e9dio sem armas nucleares"},"content":{"rendered":"<p>Os pa\u00edses do BRICS (Brasil, R\u00fassia, China e \u00c1frica do Sul, e mais de quatro dezenas de pa\u00edses membros, est\u00e3o cobrando a cria\u00e7\u00e3o de uma zona livre de armas nucleares e outras armas de destrui\u00e7\u00e3o em massa no Oriente M\u00e9dio, afirmou um comunicado conjunto publicado pelo Minist\u00e9rio das Rela\u00e7\u00f5es Exteriores do Brasil. Uma das metas \u00e9 que Israel remova seu arsenal nuclear, estimado em 90 ogivas.<\/p>\n<p>&#8220;Guiados pelos princ\u00edpios consagrados na Carta das Na\u00e7\u00f5es Unidas, os BRICS permanecem comprometidos em promover a paz e a seguran\u00e7a internacionais e em fomentar a diplomacia e o di\u00e1logo pac\u00edfico como o \u00fanico caminho sustent\u00e1vel para a estabilidade de longo prazo na regi\u00e3o. Nesse sentido, tamb\u00e9m reafirmamos a necessidade de estabelecer uma zona livre de armas nucleares e outras armas de destrui\u00e7\u00e3o em massa no Oriente M\u00e9dio, em conformidade com as resolu\u00e7\u00f5es internacionais pertinentes&#8221;, acentua o texto.<\/p>\n<p>&#8220;Diante do aumento das tens\u00f5es com consequ\u00eancias imprevis\u00edveis para a paz e a seguran\u00e7a internacionais, bem como para a economia mundial, destacamos a necessidade urgente de romper o ciclo de viol\u00eancia e restaurar a paz. Apelamos a todas as partes para que se engajem, por meio dos canais de di\u00e1logo e diplomacia existentes, com vistas a apaziguar a situa\u00e7\u00e3o e resolver suas diverg\u00eancias por meios pac\u00edficos&#8221;, afirmou a declara\u00e7\u00e3o conjunta.<\/p>\n<p>Os pa\u00edses do BRICS enfatizaram que vidas civis, infraestrutura civil, bem como instala\u00e7\u00f5es nucleares pac\u00edficas, devem ser protegidas, em conformidade com o direito internacional humanit\u00e1rio.<\/p>\n<p>&#8220;Expressamos profunda preocupa\u00e7\u00e3o com quaisquer ataques contra instala\u00e7\u00f5es nucleares pac\u00edficas realizados em viola\u00e7\u00e3o ao direito internacional e \u00e0s resolu\u00e7\u00f5es relevantes da Ag\u00eancia Internacional de Energia At\u00f4mica. As salvaguardas, a seguran\u00e7a e a prote\u00e7\u00e3o nucleares devem ser sempre mantidas, inclusive em conflitos armados, para proteger as pessoas e o meio ambiente de danos. Nesse contexto, reiteramos nosso apoio a iniciativas diplom\u00e1ticas voltadas para o enfrentamento dos desafios regionais&#8221;, conclui anota.<\/p>\n","protected":false},"excerpt":{"rendered":"<p>Os pa\u00edses do BRICS (Brasil, R\u00fassia, China e \u00c1frica do Sul, e mais de quatro dezenas de pa\u00edses membros, est\u00e3o cobrando a cria\u00e7\u00e3o de uma zona livre de armas nucleares e outras armas de destrui\u00e7\u00e3o em massa no Oriente M\u00e9dio, afirmou um comunicado conjunto publicado pelo Minist\u00e9rio das Rela\u00e7\u00f5es Exteriores do Brasil. Uma das metas [&hellip;]<\/p>\n","protected":false},"author":2,"featured_media":356559,"comment_status":"closed","ping_status":"closed","sticky":false,"template":"","format":"standard","meta":{"_acf_changed":false,"footnotes":""},"categories":[159],"tags":[],"class_list":["post-356558","post","type-post","status-publish","format-standard","has-post-thumbnail","hentry","category-apocalipse"],"acf":[],"yoast_head":"<!-- This site is optimized with the Yoast SEO plugin v27.2 - https:\/\/yoast.com\/product\/yoast-seo-wordpress\/ -->\n<title>Brics querem Oriente M\u00e9dio sem armas nucleares - Notibras<\/title>\n<meta name=\"robots\" content=\"index, follow, max-snippet:-1, max-image-preview:large, max-video-preview:-1\" \/>\n<link rel=\"canonical\" href=\"https:\/\/www.notibras.com\/site\/brics-querem-oriente-medio-sem-armas-nucleares\/\" \/>\n<meta property=\"og:locale\" content=\"pt_BR\" \/>\n<meta property=\"og:type\" content=\"article\" \/>\n<meta property=\"og:title\" content=\"Brics querem Oriente M\u00e9dio sem armas nucleares - Notibras\" \/>\n<meta property=\"og:description\" content=\"Os pa\u00edses do BRICS (Brasil, R\u00fassia, China e \u00c1frica do Sul, e mais de quatro dezenas de pa\u00edses membros, est\u00e3o cobrando a cria\u00e7\u00e3o de uma zona livre de armas nucleares e outras armas de destrui\u00e7\u00e3o em massa no Oriente M\u00e9dio, afirmou um comunicado conjunto publicado pelo Minist\u00e9rio das Rela\u00e7\u00f5es Exteriores do Brasil. Uma das metas [&hellip;]\" \/>\n<meta property=\"og:url\" content=\"https:\/\/www.notibras.com\/site\/brics-querem-oriente-medio-sem-armas-nucleares\/\" \/>\n<meta property=\"og:site_name\" content=\"Notibras\" \/>\n<meta property=\"article:publisher\" content=\"https:\/\/www.facebook.com\/notibras\/\" \/>\n<meta property=\"article:published_time\" content=\"2025-06-26T04:09:43+00:00\" \/>\n<meta property=\"og:image\" content=\"https:\/\/www.notibras.com\/site\/wp-content\/uploads\/2025\/06\/1122108043_0_0_3072_1728_1920x0_80_0_0_b323994109432667dd67122f4f98f092.jpg.webp\" \/>\n\t<meta property=\"og:image:width\" content=\"1920\" \/>\n\t<meta property=\"og:image:height\" content=\"1080\" \/>\n\t<meta property=\"og:image:type\" content=\"image\/webp\" \/>\n<meta name=\"author\" content=\"Reda\u00e7\u00e3o\" \/>\n<meta name=\"twitter:card\" content=\"summary_large_image\" \/>\n<meta name=\"twitter:creator\" content=\"@Notibras\" \/>\n<meta name=\"twitter:site\" content=\"@Notibras\" \/>\n<meta name=\"twitter:label1\" content=\"Escrito por\" \/>\n\t<meta name=\"twitter:data1\" content=\"Reda\u00e7\u00e3o\" \/>\n\t<meta name=\"twitter:label2\" content=\"Est. tempo de leitura\" \/>\n\t<meta name=\"twitter:data2\" content=\"2 minutos\" \/>\n<script type=\"application\/ld+json\" class=\"yoast-schema-graph\">{\"@context\":\"https:\/\/schema.org\",\"@graph\":[{\"@type\":\"Article\",\"@id\":\"https:\/\/www.notibras.com\/site\/brics-querem-oriente-medio-sem-armas-nucleares\/#article\",\"isPartOf\":{\"@id\":\"https:\/\/www.notibras.com\/site\/brics-querem-oriente-medio-sem-armas-nucleares\/\"},\"author\":{\"name\":\"Reda\u00e7\u00e3o\",\"@id\":\"https:\/\/www.notibras.com\/site\/#\/schema\/person\/36ab0979449956132d3e5b517ea76ac8\"},\"headline\":\"Brics querem Oriente M\u00e9dio sem armas nucleares\",\"datePublished\":\"2025-06-26T04:09:43+00:00\",\"mainEntityOfPage\":{\"@id\":\"https:\/\/www.notibras.com\/site\/brics-querem-oriente-medio-sem-armas-nucleares\/\"},\"wordCount\":357,\"publisher\":{\"@id\":\"https:\/\/www.notibras.com\/site\/#organization\"},\"image\":{\"@id\":\"https:\/\/www.notibras.com\/site\/brics-querem-oriente-medio-sem-armas-nucleares\/#primaryimage\"},\"thumbnailUrl\":\"https:\/\/www.notibras.com\/site\/wp-content\/uploads\/2025\/06\/1122108043_0_0_3072_1728_1920x0_80_0_0_b323994109432667dd67122f4f98f092.jpg.webp\",\"articleSection\":[\"Apocalipse\"],\"inLanguage\":\"pt-BR\"},{\"@type\":\"WebPage\",\"@id\":\"https:\/\/www.notibras.com\/site\/brics-querem-oriente-medio-sem-armas-nucleares\/\",\"url\":\"https:\/\/www.notibras.com\/site\/brics-querem-oriente-medio-sem-armas-nucleares\/\",\"name\":\"Brics querem Oriente M\u00e9dio sem armas nucleares - Notibras\",\"isPartOf\":{\"@id\":\"https:\/\/www.notibras.com\/site\/#website\"},\"primaryImageOfPage\":{\"@id\":\"https:\/\/www.notibras.com\/site\/brics-querem-oriente-medio-sem-armas-nucleares\/#primaryimage\"},\"image\":{\"@id\":\"https:\/\/www.notibras.com\/site\/brics-querem-oriente-medio-sem-armas-nucleares\/#primaryimage\"},\"thumbnailUrl\":\"https:\/\/www.notibras.com\/site\/wp-content\/uploads\/2025\/06\/1122108043_0_0_3072_1728_1920x0_80_0_0_b323994109432667dd67122f4f98f092.jpg.webp\",\"datePublished\":\"2025-06-26T04:09:43+00:00\",\"breadcrumb\":{\"@id\":\"https:\/\/www.notibras.com\/site\/brics-querem-oriente-medio-sem-armas-nucleares\/#breadcrumb\"},\"inLanguage\":\"pt-BR\",\"potentialAction\":[{\"@type\":\"ReadAction\",\"target\":[\"https:\/\/www.notibras.com\/site\/brics-querem-oriente-medio-sem-armas-nucleares\/\"]}]},{\"@type\":\"ImageObject\",\"inLanguage\":\"pt-BR\",\"@id\":\"https:\/\/www.notibras.com\/site\/brics-querem-oriente-medio-sem-armas-nucleares\/#primaryimage\",\"url\":\"https:\/\/www.notibras.com\/site\/wp-content\/uploads\/2025\/06\/1122108043_0_0_3072_1728_1920x0_80_0_0_b323994109432667dd67122f4f98f092.jpg.webp\",\"contentUrl\":\"https:\/\/www.notibras.com\/site\/wp-content\/uploads\/2025\/06\/1122108043_0_0_3072_1728_1920x0_80_0_0_b323994109432667dd67122f4f98f092.jpg.webp\",\"width\":1920,\"height\":1080},{\"@type\":\"BreadcrumbList\",\"@id\":\"https:\/\/www.notibras.com\/site\/brics-querem-oriente-medio-sem-armas-nucleares\/#breadcrumb\",\"itemListElement\":[{\"@type\":\"ListItem\",\"position\":1,\"name\":\"In\u00edcio\",\"item\":\"https:\/\/www.notibras.com\/site\/\"},{\"@type\":\"ListItem\",\"position\":2,\"name\":\"Brics querem Oriente M\u00e9dio sem armas nucleares\"}]},{\"@type\":\"WebSite\",\"@id\":\"https:\/\/www.notibras.com\/site\/#website\",\"url\":\"https:\/\/www.notibras.com\/site\/\",\"name\":\"Notibras\",\"description\":\"Not\u00edcias de Bras\u00edlia, do Brasil e do Mundo\",\"publisher\":{\"@id\":\"https:\/\/www.notibras.com\/site\/#organization\"},\"potentialAction\":[{\"@type\":\"SearchAction\",\"target\":{\"@type\":\"EntryPoint\",\"urlTemplate\":\"https:\/\/www.notibras.com\/site\/?s={search_term_string}\"},\"query-input\":{\"@type\":\"PropertyValueSpecification\",\"valueRequired\":true,\"valueName\":\"search_term_string\"}}],\"inLanguage\":\"pt-BR\"},{\"@type\":\"Organization\",\"@id\":\"https:\/\/www.notibras.com\/site\/#organization\",\"name\":\"Grupo Notibras de Comunica\u00e7\u00e3o\",\"url\":\"https:\/\/www.notibras.com\/site\/\",\"logo\":{\"@type\":\"ImageObject\",\"inLanguage\":\"pt-BR\",\"@id\":\"https:\/\/www.notibras.com\/site\/#\/schema\/logo\/image\/\",\"url\":\"https:\/\/www.notibras.com\/site\/wp-content\/uploads\/2023\/01\/notibras23.png\",\"contentUrl\":\"https:\/\/www.notibras.com\/site\/wp-content\/uploads\/2023\/01\/notibras23.png\",\"width\":350,\"height\":87,\"caption\":\"Grupo Notibras de Comunica\u00e7\u00e3o\"},\"image\":{\"@id\":\"https:\/\/www.notibras.com\/site\/#\/schema\/logo\/image\/\"},\"sameAs\":[\"https:\/\/www.facebook.com\/notibras\/\",\"https:\/\/x.com\/Notibras\",\"https:\/\/www.instagram.com\/notibras\/\"]},{\"@type\":\"Person\",\"@id\":\"https:\/\/www.notibras.com\/site\/#\/schema\/person\/36ab0979449956132d3e5b517ea76ac8\",\"name\":\"Reda\u00e7\u00e3o\",\"image\":{\"@type\":\"ImageObject\",\"inLanguage\":\"pt-BR\",\"@id\":\"https:\/\/secure.gravatar.com\/avatar\/e0a867bdedb85fd243eadf09663511f96fc81e0720a4a42581f334ad4303aa6b?s=96&d=mm&r=g\",\"url\":\"https:\/\/secure.gravatar.com\/avatar\/e0a867bdedb85fd243eadf09663511f96fc81e0720a4a42581f334ad4303aa6b?s=96&d=mm&r=g\",\"contentUrl\":\"https:\/\/secure.gravatar.com\/avatar\/e0a867bdedb85fd243eadf09663511f96fc81e0720a4a42581f334ad4303aa6b?s=96&d=mm&r=g\",\"caption\":\"Reda\u00e7\u00e3o\"}}]}<\/script>\n<!-- \/ Yoast SEO plugin. -->","yoast_head_json":{"title":"Brics querem Oriente M\u00e9dio sem armas nucleares - Notibras","robots":{"index":"index","follow":"follow","max-snippet":"max-snippet:-1","max-image-preview":"max-image-preview:large","max-video-preview":"max-video-preview:-1"},"canonical":"https:\/\/www.notibras.com\/site\/brics-querem-oriente-medio-sem-armas-nucleares\/","og_locale":"pt_BR","og_type":"article","og_title":"Brics querem Oriente M\u00e9dio sem armas nucleares - Notibras","og_description":"Os pa\u00edses do BRICS (Brasil, R\u00fassia, China e \u00c1frica do Sul, e mais de quatro dezenas de pa\u00edses membros, est\u00e3o cobrando a cria\u00e7\u00e3o de uma zona livre de armas nucleares e outras armas de destrui\u00e7\u00e3o em massa no Oriente M\u00e9dio, afirmou um comunicado conjunto publicado pelo Minist\u00e9rio das Rela\u00e7\u00f5es Exteriores do Brasil. Uma das metas [&hellip;]","og_url":"https:\/\/www.notibras.com\/site\/brics-querem-oriente-medio-sem-armas-nucleares\/","og_site_name":"Notibras","article_publisher":"https:\/\/www.facebook.com\/notibras\/","article_published_time":"2025-06-26T04:09:43+00:00","og_image":[{"width":1920,"height":1080,"url":"https:\/\/www.notibras.com\/site\/wp-content\/uploads\/2025\/06\/1122108043_0_0_3072_1728_1920x0_80_0_0_b323994109432667dd67122f4f98f092.jpg.webp","type":"image\/webp"}],"author":"Reda\u00e7\u00e3o","twitter_card":"summary_large_image","twitter_creator":"@Notibras","twitter_site":"@Notibras","twitter_misc":{"Escrito por":"Reda\u00e7\u00e3o","Est. tempo de leitura":"2 minutos"},"schema":{"@context":"https:\/\/schema.org","@graph":[{"@type":"Article","@id":"https:\/\/www.notibras.com\/site\/brics-querem-oriente-medio-sem-armas-nucleares\/#article","isPartOf":{"@id":"https:\/\/www.notibras.com\/site\/brics-querem-oriente-medio-sem-armas-nucleares\/"},"author":{"name":"Reda\u00e7\u00e3o","@id":"https:\/\/www.notibras.com\/site\/#\/schema\/person\/36ab0979449956132d3e5b517ea76ac8"},"headline":"Brics querem Oriente M\u00e9dio sem armas nucleares","datePublished":"2025-06-26T04:09:43+00:00","mainEntityOfPage":{"@id":"https:\/\/www.notibras.com\/site\/brics-querem-oriente-medio-sem-armas-nucleares\/"},"wordCount":357,"publisher":{"@id":"https:\/\/www.notibras.com\/site\/#organization"},"image":{"@id":"https:\/\/www.notibras.com\/site\/brics-querem-oriente-medio-sem-armas-nucleares\/#primaryimage"},"thumbnailUrl":"https:\/\/www.notibras.com\/site\/wp-content\/uploads\/2025\/06\/1122108043_0_0_3072_1728_1920x0_80_0_0_b323994109432667dd67122f4f98f092.jpg.webp","articleSection":["Apocalipse"],"inLanguage":"pt-BR"},{"@type":"WebPage","@id":"https:\/\/www.notibras.com\/site\/brics-querem-oriente-medio-sem-armas-nucleares\/","url":"https:\/\/www.notibras.com\/site\/brics-querem-oriente-medio-sem-armas-nucleares\/","name":"Brics querem Oriente M\u00e9dio sem armas nucleares - Notibras","isPartOf":{"@id":"https:\/\/www.notibras.com\/site\/#website"},"primaryImageOfPage":{"@id":"https:\/\/www.notibras.com\/site\/brics-querem-oriente-medio-sem-armas-nucleares\/#primaryimage"},"image":{"@id":"https:\/\/www.notibras.com\/site\/brics-querem-oriente-medio-sem-armas-nucleares\/#primaryimage"},"thumbnailUrl":"https:\/\/www.notibras.com\/site\/wp-content\/uploads\/2025\/06\/1122108043_0_0_3072_1728_1920x0_80_0_0_b323994109432667dd67122f4f98f092.jpg.webp","datePublished":"2025-06-26T04:09:43+00:00","breadcrumb":{"@id":"https:\/\/www.notibras.com\/site\/brics-querem-oriente-medio-sem-armas-nucleares\/#breadcrumb"},"inLanguage":"pt-BR","potentialAction":[{"@type":"ReadAction","target":["https:\/\/www.notibras.com\/site\/brics-querem-oriente-medio-sem-armas-nucleares\/"]}]},{"@type":"ImageObject","inLanguage":"pt-BR","@id":"https:\/\/www.notibras.com\/site\/brics-querem-oriente-medio-sem-armas-nucleares\/#primaryimage","url":"https:\/\/www.notibras.com\/site\/wp-content\/uploads\/2025\/06\/1122108043_0_0_3072_1728_1920x0_80_0_0_b323994109432667dd67122f4f98f092.jpg.webp","contentUrl":"https:\/\/www.notibras.com\/site\/wp-content\/uploads\/2025\/06\/1122108043_0_0_3072_1728_1920x0_80_0_0_b323994109432667dd67122f4f98f092.jpg.webp","width":1920,"height":1080},{"@type":"BreadcrumbList","@id":"https:\/\/www.notibras.com\/site\/brics-querem-oriente-medio-sem-armas-nucleares\/#breadcrumb","itemListElement":[{"@type":"ListItem","position":1,"name":"In\u00edcio","item":"https:\/\/www.notibras.com\/site\/"},{"@type":"ListItem","position":2,"name":"Brics querem Oriente M\u00e9dio sem armas nucleares"}]},{"@type":"WebSite","@id":"https:\/\/www.notibras.com\/site\/#website","url":"https:\/\/www.notibras.com\/site\/","name":"Notibras","description":"Not\u00edcias de Bras\u00edlia, do Brasil e do Mundo","publisher":{"@id":"https:\/\/www.notibras.com\/site\/#organization"},"potentialAction":[{"@type":"SearchAction","target":{"@type":"EntryPoint","urlTemplate":"https:\/\/www.notibras.com\/site\/?s={search_term_string}"},"query-input":{"@type":"PropertyValueSpecification","valueRequired":true,"valueName":"search_term_string"}}],"inLanguage":"pt-BR"},{"@type":"Organization","@id":"https:\/\/www.notibras.com\/site\/#organization","name":"Grupo Notibras de Comunica\u00e7\u00e3o","url":"https:\/\/www.notibras.com\/site\/","logo":{"@type":"ImageObject","inLanguage":"pt-BR","@id":"https:\/\/www.notibras.com\/site\/#\/schema\/logo\/image\/","url":"https:\/\/www.notibras.com\/site\/wp-content\/uploads\/2023\/01\/notibras23.png","contentUrl":"https:\/\/www.notibras.com\/site\/wp-content\/uploads\/2023\/01\/notibras23.png","width":350,"height":87,"caption":"Grupo Notibras de Comunica\u00e7\u00e3o"},"image":{"@id":"https:\/\/www.notibras.com\/site\/#\/schema\/logo\/image\/"},"sameAs":["https:\/\/www.facebook.com\/notibras\/","https:\/\/x.com\/Notibras","https:\/\/www.instagram.com\/notibras\/"]},{"@type":"Person","@id":"https:\/\/www.notibras.com\/site\/#\/schema\/person\/36ab0979449956132d3e5b517ea76ac8","name":"Reda\u00e7\u00e3o","image":{"@type":"ImageObject","inLanguage":"pt-BR","@id":"https:\/\/secure.gravatar.com\/avatar\/e0a867bdedb85fd243eadf09663511f96fc81e0720a4a42581f334ad4303aa6b?s=96&d=mm&r=g","url":"https:\/\/secure.gravatar.com\/avatar\/e0a867bdedb85fd243eadf09663511f96fc81e0720a4a42581f334ad4303aa6b?s=96&d=mm&r=g","contentUrl":"https:\/\/secure.gravatar.com\/avatar\/e0a867bdedb85fd243eadf09663511f96fc81e0720a4a42581f334ad4303aa6b?s=96&d=mm&r=g","caption":"Reda\u00e7\u00e3o"}}]}},"amp_enabled":true,"_links":{"self":[{"href":"https:\/\/www.notibras.com\/site\/wp-json\/wp\/v2\/posts\/356558","targetHints":{"allow":["GET"]}}],"collection":[{"href":"https:\/\/www.notibras.com\/site\/wp-json\/wp\/v2\/posts"}],"about":[{"href":"https:\/\/www.notibras.com\/site\/wp-json\/wp\/v2\/types\/post"}],"author":[{"embeddable":true,"href":"https:\/\/www.notibras.com\/site\/wp-json\/wp\/v2\/users\/2"}],"replies":[{"embeddable":true,"href":"https:\/\/www.notibras.com\/site\/wp-json\/wp\/v2\/comments?post=356558"}],"version-history":[{"count":1,"href":"https:\/\/www.notibras.com\/site\/wp-json\/wp\/v2\/posts\/356558\/revisions"}],"predecessor-version":[{"id":356560,"href":"https:\/\/www.notibras.com\/site\/wp-json\/wp\/v2\/posts\/356558\/revisions\/356560"}],"wp:featuredmedia":[{"embeddable":true,"href":"https:\/\/www.notibras.com\/site\/wp-json\/wp\/v2\/media\/356559"}],"wp:attachment":[{"href":"https:\/\/www.notibras.com\/site\/wp-json\/wp\/v2\/media?parent=356558"}],"wp:term":[{"taxonomy":"category","embeddable":true,"href":"https:\/\/www.notibras.com\/site\/wp-json\/wp\/v2\/categories?post=356558"},{"taxonomy":"post_tag","embeddable":true,"href":"https:\/\/www.notibras.com\/site\/wp-json\/wp\/v2\/tags?post=356558"}],"curies":[{"name":"wp","href":"https:\/\/api.w.org\/{rel}","templated":true}]}}