{"id":356606,"date":"2025-06-26T09:45:43","date_gmt":"2025-06-26T12:45:43","guid":{"rendered":"https:\/\/www.notibras.com\/site\/?p=356606"},"modified":"2025-06-26T09:45:43","modified_gmt":"2025-06-26T12:45:43","slug":"o-intrincado-caso-da-lanterna-desaparecida","status":"publish","type":"post","link":"https:\/\/www.notibras.com\/site\/o-intrincado-caso-da-lanterna-desaparecida\/","title":{"rendered":"O intrincado caso da lanterna desaparecida"},"content":{"rendered":"<p>Mais um plant\u00e3o na delegacia onde o agente Santana \u00e9 lotado. Queixumeiro que \u00e9, j\u00e1 entrou no recinto soltando improp\u00e9rios ao vento, como se algu\u00e9m fosse dar bola para o que sa\u00eda da sua boca. Mesmo assim, reclamava, reclamava, reclamava e, caso tivesse oportunidade, reclamava novamente.<\/p>\n<p>Para sua surpresa e desgosto, Santana percebeu um policial estranho na \u00e1rea. Tratava-se do Deyvystony, que acabara de tomar posse na pol\u00edcia com todos os \u00edpsilons poss\u00edveis e, a partir de ent\u00e3o, comporia a equipe de plant\u00e3o comandada pelo experiente agente Ricky Ricardo, que j\u00e1 contava com o sagaz agente Don Pedrito, o escriv\u00e3o Bernardino, o delegado Rupereta e, \u00e9 \u00f3bvio, o rei da pregui\u00e7a, o intrag\u00e1vel Santana.<\/p>\n<p>Sem papas na l\u00edngua, o desagrad\u00e1vel agente n\u00e3o perdoou quando soube o nome do novo colega.<\/p>\n<p>\u2014 Hum! Deyvystony?<\/p>\n<p>\u2014 Sim.<\/p>\n<p>\u2014 DEY-VYS-TO-NY?<\/p>\n<p>\u2014 Sim, isso mesmo.<\/p>\n<p>\u2014 Foi seu pai ou sua m\u00e3e que roubou todos os \u00edpsilons do dicion\u00e1rio?<\/p>\n<p>Para n\u00e3o entrar em atrito logo no primeiro dia de trabalho, Deyvystony levou a provoca\u00e7\u00e3o numa boa. Abriu aquele sorriso de an\u00fancio de pasta de dente, o que deixou o Santana contrariado. Antes tivesse dado uma resposta atravessada, j\u00e1 que o velho policial n\u00e3o suportava gente bem-humorada e, pior, de bem com a vida.<\/p>\n<p>O plant\u00e3o naquele dia foi corrido. Algumas dilig\u00eancias foram feitas a fim de combater a criminalidade na regi\u00e3o. Nisso, Deyvystony acabou perdendo a sua lanterna. Ele tinha quase certeza de que a havia deixado cair na viatura. E l\u00e1 foi ele tentar encontr\u00e1-la, quando se deparou com o Santana anotando a quilometragem rodada.<\/p>\n<p>\u2014 Santana, voc\u00ea viu uma lanterna?<\/p>\n<p>\u2014 Lanterna?<\/p>\n<p>\u2014 Sim. Acho que deixei cair aqui no banco de tr\u00e1s.<\/p>\n<p>\u2014 N\u00e3o vi.<\/p>\n<p>Sem lograr \u00eaxito em sua busca, o novato comunicou o fato ao Ricky Ricardo, que transmitiu ao delegado Rupereta e aos outros membros da equipe.<\/p>\n<p>\u2014 Ricky, coloque isso no grupo do WhatsApp.<\/p>\n<p>\u2014 Pode deixar, doutor!<\/p>\n<p>&#8220;Caso algu\u00e9m encontre uma lanterna da marca Invictus, cor preta, com fun\u00e7\u00f5es luz alta, luz baixa e estrobo, favor entreg\u00e1-la ao agente Deyvystony.&#8221;<\/p>\n<p>Mensagem postada, Ricky Ricardo, j\u00e1 fechando o seu turno, come\u00e7ou a se despedir dos colegas. Mas eis que, para sua surpresa, algo fez com que ele olhasse para o bolso de tr\u00e1s da cal\u00e7a do Santana, que j\u00e1 estava de sa\u00edda na porta da delegacia. Um pisca-pisca incessante.<\/p>\n<p>\u2014 Alto l\u00e1, Santana!<\/p>\n<p>\u2014 O que foi, Ricky?<\/p>\n<p>\u2014 Acho que a lanterna do Deyvystony entrou sem querer no bolso da sua cal\u00e7a.<\/p>\n<p>&#8230;&#8230;&#8230;&#8230;&#8230;<\/p>\n<p><strong>Eduardo Mart\u00ednez \u00e9 autor do livro 57 Contos e Cr\u00f4nicas por um Autor Muito Velho\u2019<\/strong><\/p>\n<p>Compre aqui\u00a0<span class=\"x19la9d6 x1fc57z9 x6ikm8r x10wlt62 x19co3pv x1g5zs5t xfibh0p xiy17q3 x1xsqp64 x1lkfr7t xexx8yu x4uap5 x18d9i69 xkhd6sd\"><span class=\"xrtxmta x1bhl96m\"><img decoding=\"async\" class=\"emoji\" role=\"img\" draggable=\"false\" src=\"https:\/\/s.w.org\/images\/core\/emoji\/15.0.3\/svg\/1f447-1f3ff.svg\" alt=\"&#x1f447;&#x1f3ff;\" \/><\/span><\/span><\/p>\n<p><a href=\"https:\/\/www.joanineditora.com.br\/57-contos-e-cronicas-por-um-autor-muito-velho\">https:\/\/www.joanineditora.com.br\/57-contos-e-cronicas-por-um-autor-muito-velho<\/a><\/p>\n","protected":false},"excerpt":{"rendered":"<p>Mais um plant\u00e3o na delegacia onde o agente Santana \u00e9 lotado. Queixumeiro que \u00e9, j\u00e1 entrou no recinto soltando improp\u00e9rios ao vento, como se algu\u00e9m fosse dar bola para o que sa\u00eda da sua boca. Mesmo assim, reclamava, reclamava, reclamava e, caso tivesse oportunidade, reclamava novamente. Para sua surpresa e desgosto, Santana percebeu um policial [&hellip;]<\/p>\n","protected":false},"author":2,"featured_media":356607,"comment_status":"closed","ping_status":"closed","sticky":false,"template":"","format":"standard","meta":{"_acf_changed":false,"footnotes":""},"categories":[161],"tags":[],"class_list":["post-356606","post","type-post","status-publish","format-standard","has-post-thumbnail","hentry","category-quadradinho-em-foco"],"acf":[],"_links":{"self":[{"href":"https:\/\/www.notibras.com\/site\/wp-json\/wp\/v2\/posts\/356606","targetHints":{"allow":["GET"]}}],"collection":[{"href":"https:\/\/www.notibras.com\/site\/wp-json\/wp\/v2\/posts"}],"about":[{"href":"https:\/\/www.notibras.com\/site\/wp-json\/wp\/v2\/types\/post"}],"author":[{"embeddable":true,"href":"https:\/\/www.notibras.com\/site\/wp-json\/wp\/v2\/users\/2"}],"replies":[{"embeddable":true,"href":"https:\/\/www.notibras.com\/site\/wp-json\/wp\/v2\/comments?post=356606"}],"version-history":[{"count":1,"href":"https:\/\/www.notibras.com\/site\/wp-json\/wp\/v2\/posts\/356606\/revisions"}],"predecessor-version":[{"id":356608,"href":"https:\/\/www.notibras.com\/site\/wp-json\/wp\/v2\/posts\/356606\/revisions\/356608"}],"wp:featuredmedia":[{"embeddable":true,"href":"https:\/\/www.notibras.com\/site\/wp-json\/wp\/v2\/media\/356607"}],"wp:attachment":[{"href":"https:\/\/www.notibras.com\/site\/wp-json\/wp\/v2\/media?parent=356606"}],"wp:term":[{"taxonomy":"category","embeddable":true,"href":"https:\/\/www.notibras.com\/site\/wp-json\/wp\/v2\/categories?post=356606"},{"taxonomy":"post_tag","embeddable":true,"href":"https:\/\/www.notibras.com\/site\/wp-json\/wp\/v2\/tags?post=356606"}],"curies":[{"name":"wp","href":"https:\/\/api.w.org\/{rel}","templated":true}]}}