{"id":356609,"date":"2025-06-26T10:29:29","date_gmt":"2025-06-26T13:29:29","guid":{"rendered":"https:\/\/www.notibras.com\/site\/?p=356609"},"modified":"2025-06-26T10:30:54","modified_gmt":"2025-06-26T13:30:54","slug":"camilo-santana-muda-quadro-de-alfabetizacao-das-criancas-nordestinas","status":"publish","type":"post","link":"https:\/\/www.notibras.com\/site\/camilo-santana-muda-quadro-de-alfabetizacao-das-criancas-nordestinas\/","title":{"rendered":"Camilo Santana muda quadro de alfabetiza\u00e7\u00e3o das crian\u00e7as nordestinas"},"content":{"rendered":"<p>Dados recentes divulgados pelo Instituto Nacional de Estudos e Pesquisas Educacionais An\u00edsio Teixeira (Inep) revelam um avan\u00e7o significativo nos \u00edndices de alfabetiza\u00e7\u00e3o de crian\u00e7as no Nordeste brasileiro. O crescimento coincide com a gest\u00e3o de Camilo Santana (PT), ex-governador do Cear\u00e1, \u00e0 frente do Minist\u00e9rio da Educa\u00e7\u00e3o desde janeiro de 2023.<\/p>\n<p>Segundo o levantamento, a taxa de alfabetiza\u00e7\u00e3o entre crian\u00e7as de 6 a 7 anos aumentou 12% na regi\u00e3o entre 2023 e 2025, com destaque para estados como o Cear\u00e1, Piau\u00ed e Pernambuco, que registraram os maiores saltos percentuais. O resultado \u00e9 atribu\u00eddo, em grande parte, \u00e0 implementa\u00e7\u00e3o do programa Compromisso Nacional Crian\u00e7a Alfabetizada, carro-chefe da gest\u00e3o Santana.<\/p>\n<p>&#8220;Quando assumi o MEC, deixei claro que a prioridade seria garantir que toda crian\u00e7a brasileira aprendesse a ler e a escrever na idade certa. No Nordeste, esse desafio era ainda maior. Mas tamb\u00e9m encontramos uma rede de educadores comprometidos e pol\u00edticas estaduais j\u00e1 bem estruturadas, que conseguimos ampliar em escala nacional&#8221;, disse Camilo Santana em coletiva \u00e0 imprensa nesta quarta-feira (26).<\/p>\n<p>O Compromisso Nacional Crian\u00e7a Alfabetizada prev\u00ea apoio t\u00e9cnico e financeiro a estados e munic\u00edpios, forma\u00e7\u00e3o de professores alfabetizadores, avalia\u00e7\u00f5es peri\u00f3dicas de flu\u00eancia em leitura e a\u00e7\u00f5es articuladas com as redes estaduais de ensino. A iniciativa se baseia em experi\u00eancias bem-sucedidas como o PAIC (Programa Alfabetiza\u00e7\u00e3o na Idade Certa), desenvolvido no Cear\u00e1 e reconhecido internacionalmente.<\/p>\n<p><strong>Nordeste sai da lanterna<\/strong><br \/>\nHistoricamente, o Nordeste apresentava os menores \u00edndices de alfabetiza\u00e7\u00e3o do pa\u00eds. Em 2019, antes da pandemia, menos de 50% das crian\u00e7as nordestinas eram plenamente alfabetizadas aos 7 anos. Com a crise sanit\u00e1ria da Covid-19, o \u00edndice despencou para n\u00edveis cr\u00edticos, chegando a apenas 36% em alguns estados.<\/p>\n<p>&#8220;Foi um cen\u00e1rio devastador. Tivemos que recuperar o tempo perdido, combater a evas\u00e3o escolar e reverter anos de neglig\u00eancia com a alfabetiza\u00e7\u00e3o infantil&#8221;, explica Helena Costa, professora da Universidade Federal do Maranh\u00e3o (UFMA) e consultora do MEC.<\/p>\n<p>Agora, os n\u00fameros mostram uma revers\u00e3o promissora. Em 2025, estima-se que mais de 68% das crian\u00e7as nordestinas estejam plenamente alfabetizadas at\u00e9 os 7 anos, n\u00famero que ultrapassa a m\u00e9dia nacional (64%) e se aproxima das metas do Plano Nacional de Educa\u00e7\u00e3o (PNE).<\/p>\n<p>Para especialistas, o segredo do sucesso est\u00e1 na continuidade de pol\u00edticas p\u00fablicas bem estruturadas e no protagonismo dos entes federados. \u201cO Nordeste tem mostrado que, com vontade pol\u00edtica, apoio t\u00e9cnico e investimento real na base, \u00e9 poss\u00edvel mudar realidades hist\u00f3ricas de exclus\u00e3o educacional\u201d, afirma Cl\u00e1udia Santar\u00e9m, coordenadora da ONG Todos pela Educa\u00e7\u00e3o.<\/p>\n<p>A experi\u00eancia tamb\u00e9m reacendeu o debate sobre federalismo cooperativo. O MEC, sob Camilo Santana, tem buscado construir pactos regionais com metas compartilhadas, em vez de impor modelos prontos de cima para baixo.<\/p>\n<p>&#8220;A alfabetiza\u00e7\u00e3o \u00e9 a porta de entrada para o futuro. Investir na crian\u00e7a nordestina \u00e9 investir no Brasil que queremos&#8221;, conclui Santana.<\/p>\n","protected":false},"excerpt":{"rendered":"<p>Dados recentes divulgados pelo Instituto Nacional de Estudos e Pesquisas Educacionais An\u00edsio Teixeira (Inep) revelam um avan\u00e7o significativo nos \u00edndices de alfabetiza\u00e7\u00e3o de crian\u00e7as no Nordeste brasileiro. O crescimento coincide com a gest\u00e3o de Camilo Santana (PT), ex-governador do Cear\u00e1, \u00e0 frente do Minist\u00e9rio da Educa\u00e7\u00e3o desde janeiro de 2023. Segundo o levantamento, a taxa [&hellip;]<\/p>\n","protected":false},"author":2,"featured_media":356610,"comment_status":"closed","ping_status":"closed","sticky":false,"template":"","format":"standard","meta":{"_acf_changed":false,"footnotes":""},"categories":[165],"tags":[],"class_list":["post-356609","post","type-post","status-publish","format-standard","has-post-thumbnail","hentry","category-nordeste"],"acf":[],"_links":{"self":[{"href":"https:\/\/www.notibras.com\/site\/wp-json\/wp\/v2\/posts\/356609","targetHints":{"allow":["GET"]}}],"collection":[{"href":"https:\/\/www.notibras.com\/site\/wp-json\/wp\/v2\/posts"}],"about":[{"href":"https:\/\/www.notibras.com\/site\/wp-json\/wp\/v2\/types\/post"}],"author":[{"embeddable":true,"href":"https:\/\/www.notibras.com\/site\/wp-json\/wp\/v2\/users\/2"}],"replies":[{"embeddable":true,"href":"https:\/\/www.notibras.com\/site\/wp-json\/wp\/v2\/comments?post=356609"}],"version-history":[{"count":2,"href":"https:\/\/www.notibras.com\/site\/wp-json\/wp\/v2\/posts\/356609\/revisions"}],"predecessor-version":[{"id":356612,"href":"https:\/\/www.notibras.com\/site\/wp-json\/wp\/v2\/posts\/356609\/revisions\/356612"}],"wp:featuredmedia":[{"embeddable":true,"href":"https:\/\/www.notibras.com\/site\/wp-json\/wp\/v2\/media\/356610"}],"wp:attachment":[{"href":"https:\/\/www.notibras.com\/site\/wp-json\/wp\/v2\/media?parent=356609"}],"wp:term":[{"taxonomy":"category","embeddable":true,"href":"https:\/\/www.notibras.com\/site\/wp-json\/wp\/v2\/categories?post=356609"},{"taxonomy":"post_tag","embeddable":true,"href":"https:\/\/www.notibras.com\/site\/wp-json\/wp\/v2\/tags?post=356609"}],"curies":[{"name":"wp","href":"https:\/\/api.w.org\/{rel}","templated":true}]}}