{"id":356624,"date":"2025-06-26T16:07:19","date_gmt":"2025-06-26T19:07:19","guid":{"rendered":"https:\/\/www.notibras.com\/site\/?p=356624"},"modified":"2025-06-26T16:09:48","modified_gmt":"2025-06-26T19:09:48","slug":"trump-usou-dados-da-ia-para-mandar-atacar-as-usinas-nucleares-do-ira","status":"publish","type":"post","link":"https:\/\/www.notibras.com\/site\/trump-usou-dados-da-ia-para-mandar-atacar-as-usinas-nucleares-do-ira\/","title":{"rendered":"Trump usou dados da IA para mandar atacar as usinas nucleares do Ir\u00e3"},"content":{"rendered":"<p>O pretexto usado por Israel e Estados Unidos (EUA) para atacar o Ir\u00e3 \u2013 de que o pa\u00eds persa teria ur\u00e2nio enriquecido para fazer uma bomba at\u00f4mica \u2013 foi constru\u00eddo por meio de Intelig\u00eancia Artificial (IA).<\/p>\n<p>\u201c\u00c9 a primeira guerra que podemos dizer que foi iniciada pela IA\u201d alertou o major-general portugu\u00eas Agostinho Costa, especialista em assuntos de seguran\u00e7a e geopol\u00edtica e ex-vice-presidente da Associa\u00e7\u00e3o EuroDefese-Portugal.<\/p>\n<p>\u201cEssa IA vem dizer que est\u00e3o reunidas as condi\u00e7\u00f5es para que o Ir\u00e3 possa construir uma arma nuclear. O relat\u00f3rio da AIEA de 31 de maio [de 2025] est\u00e1 nesta linha, n\u00e3o est\u00e1 reportando evid\u00eancias, mas dedu\u00e7\u00f5es e tend\u00eancias que foram tomadas como factuais pelo Conselho de Governadores [da AIEA] e serviu de pretexto para o ataque de Israel\u201d, concluiu Costa, em entrevista exclusiva \u00e0 Ag\u00eancia Brasil.<\/p>\n<p>O programa Mosaic, contratado pela Ag\u00eancia Internacional de Energia At\u00f4mica (AIEA) das Na\u00e7\u00f5es Unidas, recolhe uma base massiva de dados e faz previs\u00f5es futuras. Ele \u00e9 usado em muitas \u00e1reas da seguran\u00e7a, incluindo por pol\u00edcias em todo o mundo, tendo sido desenvolvido para a guerra de contraterrorismo no Afeganist\u00e3o, em 2001.<\/p>\n<p>Segundo o general, o Conselho da ag\u00eancia at\u00f4mica \u00e9 controlado principalmente pelos pa\u00edses ocidentais, especialmente Alemanha, Fran\u00e7a e o Reino Unido, al\u00e9m dos EUA, que subscreveram o relat\u00f3rio baseado em IA.<\/p>\n<p>\u201cIsso, obviamente, \u00e9 um abuso do uso de um programa de intelig\u00eancia artificial&#8221;, disse o general Costa fazer um alerta: &#8220;Esses s\u00e3o os riscos do novo mundo, os riscos da IA.\u201d<\/p>\n<p><strong>Relat\u00f3rio<\/strong><br \/>\nNo dia 6 de junho, o Conselho de Governadores da AIEA aprovou relat\u00f3rio da ag\u00eancia afirmando, pela primeira vez em 20 anos, que o Ir\u00e3 n\u00e3o estava respeitando as obriga\u00e7\u00f5es em rela\u00e7\u00e3o \u00e0 inspe\u00e7\u00e3o nuclear. Seis dia depois, Israel atacou Teer\u00e3.<\/p>\n<p>O Ir\u00e3 acusa a AIEA de \u201cagir politicamente\u201d e, ap\u00f3s a tr\u00e9gua no conflito que durou 12 dias, o parlamento do pa\u00eds aprovou a suspens\u00e3o da coopera\u00e7\u00e3o com a ag\u00eancia at\u00f4mica das Na\u00e7\u00f5es Unidas.<\/p>\n<p>A ag\u00eancia, apesar de afirmar que n\u00e3o tem provas de que o Ir\u00e3 estivesse construindo armas nucleares, vinha alertando para os riscos de que o pa\u00eds pudesse estar desenvolvendo esse tipo de armamento.<\/p>\n<p>Para o general portugu\u00eas, a acusa\u00e7\u00e3o de que o Ir\u00e3 estaria prestes a construir uma bomba at\u00f4mica foi o pretexto usado por EUA e Israel para os ataques.<\/p>\n<p><strong>Palantir e Vence<\/strong><br \/>\nEm 2015, a ag\u00eancia de energia at\u00f4mica da ONU fez um contrato de \u20ac 41 milh\u00f5es, para adquirir o programa de IA Mosaic. Esse programa foi desenvolvido pela empresa dos EUA Palantir, do empres\u00e1rio Peter Thiel, militante de movimentos de apoio ao presidente Donald Trump.<\/p>\n<p>Thiel \u00e9 um dos principais magnatas do Vale do Sil\u00edcio e financiador da bem sucedida campanha do atual vice-presidente dos EUA, JD Vance, ao Senado, em 2022, segundo a revista Forbes. O jornal The Washington Post aponta Thiel como \u201cmentor\u201d de Vance.<\/p>\n<p>Segundo a AIEA, o software foi contrato devido ao aumento de demandas de monitoramento de programas nucleares pelo mundo, sem que houvesse um aumento de receita para a organiza\u00e7\u00e3o ligada \u00e0s Na\u00e7\u00f5es Unidas.<\/p>\n<p>\u201cEmpregando 150 profissionais internos, o projeto desenvolveu mais de 20 aplicativos de software exclusivos para tornar as salvaguardas mais eficazes, eficientes e seguras\u201d, explicou a AIEA, em seu portal.<\/p>\n<p>Questionada pela Ag\u00eancia Brasil sobre o uso do programa IA Mosaic na an\u00e1lise do programa nuclear iraniano, a AIEA n\u00e3o se manifestou at\u00e9 a publica\u00e7\u00e3o desta reportagem.<\/p>\n<p><strong>Pac\u00edfico?<\/strong><br \/>\nO major-general Agostinho Costa est\u00e1 entre os analistas que afirmam que n\u00e3o h\u00e1 indicativos concretos que possam afirmar que o Ir\u00e3 estivesse construindo armas at\u00f4micas. \u201cO programa nuclear que \u00e9 um programa civil, pac\u00edfico\u201d, avaliou.<\/p>\n<p>Costa lembrou que uma das principais preocupa\u00e7\u00f5es da ag\u00eancia passou a ser o fato de o Ir\u00e3 ter enriquecido cerca de 400 quilos de ur\u00e2nio a 60%, apesar de ser necess\u00e1rio um enriquecimento a 90% para fins de armas at\u00f4micas.<\/p>\n<p>\u201cA partir de 2021, Israel introduziu v\u00edrus que provocaram o colapso das centr\u00edfugas na central Natanz, do Ir\u00e3. Em retalia\u00e7\u00e3o, o pa\u00eds persa subiu o n\u00edvel de enriquecimento para 60%, o que n\u00e3o \u00e9 suficiente para armas nucleares\u201d.<\/p>\n<p><strong>Entenda<\/strong><br \/>\nO Ir\u00e3 nega que busca desenvolver armas nucleares e sustenta que seu programa \u00e9 pac\u00edfico. O pa\u00eds estava na sexta rodada de negocia\u00e7\u00f5es com os EUA, realizadas em Om\u00e3, sobre seu programa nuclear quando foi atacado por Israel.<\/p>\n<p>O relat\u00f3rio da AIEA publicado em 31 de maio de 2025 trouxe s\u00e9rias preocupa\u00e7\u00f5es em rela\u00e7\u00e3o ao programa iraniano.<\/p>\n<p>\u201cEmbora as atividades de enriquecimento salvaguardadas n\u00e3o sejam proibidas por si s\u00f3, o fato de o Ir\u00e3 ser o \u00fanico Estado sem armas nucleares no mundo que est\u00e1 produzindo e acumulando ur\u00e2nio enriquecido a 60% continua sendo uma quest\u00e3o de s\u00e9ria preocupa\u00e7\u00e3o\u201d, disse<\/p>\n<p>Em mar\u00e7o deste ano, a Diretora de Intelig\u00eancia Nacional dos EUA, Tulsi Gabbard, afirmou \u00e0 Comiss\u00e3o de Intelig\u00eancia do Senado estadunidense que o Ir\u00e3 n\u00e3o estava construindo armas at\u00f4micas. A posi\u00e7\u00e3o de Tulsi foi questionada pelo pr\u00f3prio presidente dos EUA.<\/p>\n<p>Enquanto EUA e as demais pot\u00eancias ocidentais defendem o ataque de Israel contra o Ir\u00e3, o Estado judeu \u00e9 o \u00fanico do Oriente M\u00e9dio que n\u00e3o assinou o Tratado de N\u00e3o Prolifera\u00e7\u00e3o de Armas Nucleares (TNP) e, apesar de n\u00e3o confirmar, n\u00e3o nega que tenha armas nucleares.<\/p>\n","protected":false},"excerpt":{"rendered":"<p>O pretexto usado por Israel e Estados Unidos (EUA) para atacar o Ir\u00e3 \u2013 de que o pa\u00eds persa teria ur\u00e2nio enriquecido para fazer uma bomba at\u00f4mica \u2013 foi constru\u00eddo por meio de Intelig\u00eancia Artificial (IA). \u201c\u00c9 a primeira guerra que podemos dizer que foi iniciada pela IA\u201d alertou o major-general portugu\u00eas Agostinho Costa, especialista [&hellip;]<\/p>\n","protected":false},"author":2,"featured_media":356625,"comment_status":"closed","ping_status":"closed","sticky":false,"template":"","format":"standard","meta":{"_acf_changed":false,"footnotes":""},"categories":[159],"tags":[95],"class_list":["post-356624","post","type-post","status-publish","format-standard","has-post-thumbnail","hentry","category-apocalipse","tag-capa"],"acf":[],"yoast_head":"<!-- This site is optimized with the Yoast SEO plugin v27.2 - https:\/\/yoast.com\/product\/yoast-seo-wordpress\/ -->\n<title>Trump usou dados da IA para mandar atacar as usinas nucleares do Ir\u00e3 - Notibras<\/title>\n<meta name=\"robots\" content=\"index, follow, max-snippet:-1, max-image-preview:large, max-video-preview:-1\" \/>\n<link rel=\"canonical\" href=\"https:\/\/www.notibras.com\/site\/trump-usou-dados-da-ia-para-mandar-atacar-as-usinas-nucleares-do-ira\/\" \/>\n<meta property=\"og:locale\" content=\"pt_BR\" \/>\n<meta property=\"og:type\" content=\"article\" \/>\n<meta property=\"og:title\" content=\"Trump usou dados da IA para mandar atacar as usinas nucleares do Ir\u00e3 - Notibras\" \/>\n<meta property=\"og:description\" content=\"O pretexto usado por Israel e Estados Unidos (EUA) para atacar o Ir\u00e3 \u2013 de que o pa\u00eds persa teria ur\u00e2nio enriquecido para fazer uma bomba at\u00f4mica \u2013 foi constru\u00eddo por meio de Intelig\u00eancia Artificial (IA). \u201c\u00c9 a primeira guerra que podemos dizer que foi iniciada pela IA\u201d alertou o major-general portugu\u00eas Agostinho Costa, especialista [&hellip;]\" \/>\n<meta property=\"og:url\" content=\"https:\/\/www.notibras.com\/site\/trump-usou-dados-da-ia-para-mandar-atacar-as-usinas-nucleares-do-ira\/\" \/>\n<meta property=\"og:site_name\" content=\"Notibras\" \/>\n<meta property=\"article:publisher\" content=\"https:\/\/www.facebook.com\/notibras\/\" \/>\n<meta property=\"article:published_time\" content=\"2025-06-26T19:07:19+00:00\" \/>\n<meta property=\"article:modified_time\" content=\"2025-06-26T19:09:48+00:00\" \/>\n<meta property=\"og:image\" content=\"https:\/\/www.notibras.com\/site\/wp-content\/uploads\/2025\/06\/d7dbf387-f4f7-47db-9e83-e2d02a49ddc5.webp\" \/>\n\t<meta property=\"og:image:width\" content=\"1170\" \/>\n\t<meta property=\"og:image:height\" content=\"700\" \/>\n\t<meta property=\"og:image:type\" content=\"image\/webp\" \/>\n<meta name=\"author\" content=\"Reda\u00e7\u00e3o\" \/>\n<meta name=\"twitter:card\" content=\"summary_large_image\" \/>\n<meta name=\"twitter:creator\" content=\"@Notibras\" \/>\n<meta name=\"twitter:site\" content=\"@Notibras\" \/>\n<meta name=\"twitter:label1\" content=\"Escrito por\" \/>\n\t<meta name=\"twitter:data1\" content=\"Reda\u00e7\u00e3o\" \/>\n\t<meta name=\"twitter:label2\" content=\"Est. tempo de leitura\" \/>\n\t<meta name=\"twitter:data2\" content=\"6 minutos\" \/>\n<script type=\"application\/ld+json\" class=\"yoast-schema-graph\">{\"@context\":\"https:\/\/schema.org\",\"@graph\":[{\"@type\":\"Article\",\"@id\":\"https:\/\/www.notibras.com\/site\/trump-usou-dados-da-ia-para-mandar-atacar-as-usinas-nucleares-do-ira\/#article\",\"isPartOf\":{\"@id\":\"https:\/\/www.notibras.com\/site\/trump-usou-dados-da-ia-para-mandar-atacar-as-usinas-nucleares-do-ira\/\"},\"author\":{\"name\":\"Reda\u00e7\u00e3o\",\"@id\":\"https:\/\/www.notibras.com\/site\/#\/schema\/person\/36ab0979449956132d3e5b517ea76ac8\"},\"headline\":\"Trump usou dados da IA para mandar atacar as usinas nucleares do Ir\u00e3\",\"datePublished\":\"2025-06-26T19:07:19+00:00\",\"dateModified\":\"2025-06-26T19:09:48+00:00\",\"mainEntityOfPage\":{\"@id\":\"https:\/\/www.notibras.com\/site\/trump-usou-dados-da-ia-para-mandar-atacar-as-usinas-nucleares-do-ira\/\"},\"wordCount\":949,\"publisher\":{\"@id\":\"https:\/\/www.notibras.com\/site\/#organization\"},\"image\":{\"@id\":\"https:\/\/www.notibras.com\/site\/trump-usou-dados-da-ia-para-mandar-atacar-as-usinas-nucleares-do-ira\/#primaryimage\"},\"thumbnailUrl\":\"https:\/\/www.notibras.com\/site\/wp-content\/uploads\/2025\/06\/d7dbf387-f4f7-47db-9e83-e2d02a49ddc5.webp\",\"keywords\":[\"capa\"],\"articleSection\":[\"Apocalipse\"],\"inLanguage\":\"pt-BR\"},{\"@type\":\"WebPage\",\"@id\":\"https:\/\/www.notibras.com\/site\/trump-usou-dados-da-ia-para-mandar-atacar-as-usinas-nucleares-do-ira\/\",\"url\":\"https:\/\/www.notibras.com\/site\/trump-usou-dados-da-ia-para-mandar-atacar-as-usinas-nucleares-do-ira\/\",\"name\":\"Trump usou dados da IA para mandar atacar as usinas nucleares do Ir\u00e3 - Notibras\",\"isPartOf\":{\"@id\":\"https:\/\/www.notibras.com\/site\/#website\"},\"primaryImageOfPage\":{\"@id\":\"https:\/\/www.notibras.com\/site\/trump-usou-dados-da-ia-para-mandar-atacar-as-usinas-nucleares-do-ira\/#primaryimage\"},\"image\":{\"@id\":\"https:\/\/www.notibras.com\/site\/trump-usou-dados-da-ia-para-mandar-atacar-as-usinas-nucleares-do-ira\/#primaryimage\"},\"thumbnailUrl\":\"https:\/\/www.notibras.com\/site\/wp-content\/uploads\/2025\/06\/d7dbf387-f4f7-47db-9e83-e2d02a49ddc5.webp\",\"datePublished\":\"2025-06-26T19:07:19+00:00\",\"dateModified\":\"2025-06-26T19:09:48+00:00\",\"breadcrumb\":{\"@id\":\"https:\/\/www.notibras.com\/site\/trump-usou-dados-da-ia-para-mandar-atacar-as-usinas-nucleares-do-ira\/#breadcrumb\"},\"inLanguage\":\"pt-BR\",\"potentialAction\":[{\"@type\":\"ReadAction\",\"target\":[\"https:\/\/www.notibras.com\/site\/trump-usou-dados-da-ia-para-mandar-atacar-as-usinas-nucleares-do-ira\/\"]}]},{\"@type\":\"ImageObject\",\"inLanguage\":\"pt-BR\",\"@id\":\"https:\/\/www.notibras.com\/site\/trump-usou-dados-da-ia-para-mandar-atacar-as-usinas-nucleares-do-ira\/#primaryimage\",\"url\":\"https:\/\/www.notibras.com\/site\/wp-content\/uploads\/2025\/06\/d7dbf387-f4f7-47db-9e83-e2d02a49ddc5.webp\",\"contentUrl\":\"https:\/\/www.notibras.com\/site\/wp-content\/uploads\/2025\/06\/d7dbf387-f4f7-47db-9e83-e2d02a49ddc5.webp\",\"width\":1170,\"height\":700},{\"@type\":\"BreadcrumbList\",\"@id\":\"https:\/\/www.notibras.com\/site\/trump-usou-dados-da-ia-para-mandar-atacar-as-usinas-nucleares-do-ira\/#breadcrumb\",\"itemListElement\":[{\"@type\":\"ListItem\",\"position\":1,\"name\":\"In\u00edcio\",\"item\":\"https:\/\/www.notibras.com\/site\/\"},{\"@type\":\"ListItem\",\"position\":2,\"name\":\"Trump usou dados da IA para mandar atacar as usinas nucleares do Ir\u00e3\"}]},{\"@type\":\"WebSite\",\"@id\":\"https:\/\/www.notibras.com\/site\/#website\",\"url\":\"https:\/\/www.notibras.com\/site\/\",\"name\":\"Notibras\",\"description\":\"Not\u00edcias de Bras\u00edlia, do Brasil e do Mundo\",\"publisher\":{\"@id\":\"https:\/\/www.notibras.com\/site\/#organization\"},\"potentialAction\":[{\"@type\":\"SearchAction\",\"target\":{\"@type\":\"EntryPoint\",\"urlTemplate\":\"https:\/\/www.notibras.com\/site\/?s={search_term_string}\"},\"query-input\":{\"@type\":\"PropertyValueSpecification\",\"valueRequired\":true,\"valueName\":\"search_term_string\"}}],\"inLanguage\":\"pt-BR\"},{\"@type\":\"Organization\",\"@id\":\"https:\/\/www.notibras.com\/site\/#organization\",\"name\":\"Grupo Notibras de Comunica\u00e7\u00e3o\",\"url\":\"https:\/\/www.notibras.com\/site\/\",\"logo\":{\"@type\":\"ImageObject\",\"inLanguage\":\"pt-BR\",\"@id\":\"https:\/\/www.notibras.com\/site\/#\/schema\/logo\/image\/\",\"url\":\"https:\/\/www.notibras.com\/site\/wp-content\/uploads\/2023\/01\/notibras23.png\",\"contentUrl\":\"https:\/\/www.notibras.com\/site\/wp-content\/uploads\/2023\/01\/notibras23.png\",\"width\":350,\"height\":87,\"caption\":\"Grupo Notibras de Comunica\u00e7\u00e3o\"},\"image\":{\"@id\":\"https:\/\/www.notibras.com\/site\/#\/schema\/logo\/image\/\"},\"sameAs\":[\"https:\/\/www.facebook.com\/notibras\/\",\"https:\/\/x.com\/Notibras\",\"https:\/\/www.instagram.com\/notibras\/\"]},{\"@type\":\"Person\",\"@id\":\"https:\/\/www.notibras.com\/site\/#\/schema\/person\/36ab0979449956132d3e5b517ea76ac8\",\"name\":\"Reda\u00e7\u00e3o\",\"image\":{\"@type\":\"ImageObject\",\"inLanguage\":\"pt-BR\",\"@id\":\"https:\/\/secure.gravatar.com\/avatar\/e0a867bdedb85fd243eadf09663511f96fc81e0720a4a42581f334ad4303aa6b?s=96&d=mm&r=g\",\"url\":\"https:\/\/secure.gravatar.com\/avatar\/e0a867bdedb85fd243eadf09663511f96fc81e0720a4a42581f334ad4303aa6b?s=96&d=mm&r=g\",\"contentUrl\":\"https:\/\/secure.gravatar.com\/avatar\/e0a867bdedb85fd243eadf09663511f96fc81e0720a4a42581f334ad4303aa6b?s=96&d=mm&r=g\",\"caption\":\"Reda\u00e7\u00e3o\"}}]}<\/script>\n<!-- \/ Yoast SEO plugin. -->","yoast_head_json":{"title":"Trump usou dados da IA para mandar atacar as usinas nucleares do Ir\u00e3 - Notibras","robots":{"index":"index","follow":"follow","max-snippet":"max-snippet:-1","max-image-preview":"max-image-preview:large","max-video-preview":"max-video-preview:-1"},"canonical":"https:\/\/www.notibras.com\/site\/trump-usou-dados-da-ia-para-mandar-atacar-as-usinas-nucleares-do-ira\/","og_locale":"pt_BR","og_type":"article","og_title":"Trump usou dados da IA para mandar atacar as usinas nucleares do Ir\u00e3 - Notibras","og_description":"O pretexto usado por Israel e Estados Unidos (EUA) para atacar o Ir\u00e3 \u2013 de que o pa\u00eds persa teria ur\u00e2nio enriquecido para fazer uma bomba at\u00f4mica \u2013 foi constru\u00eddo por meio de Intelig\u00eancia Artificial (IA). \u201c\u00c9 a primeira guerra que podemos dizer que foi iniciada pela IA\u201d alertou o major-general portugu\u00eas Agostinho Costa, especialista [&hellip;]","og_url":"https:\/\/www.notibras.com\/site\/trump-usou-dados-da-ia-para-mandar-atacar-as-usinas-nucleares-do-ira\/","og_site_name":"Notibras","article_publisher":"https:\/\/www.facebook.com\/notibras\/","article_published_time":"2025-06-26T19:07:19+00:00","article_modified_time":"2025-06-26T19:09:48+00:00","og_image":[{"width":1170,"height":700,"url":"https:\/\/www.notibras.com\/site\/wp-content\/uploads\/2025\/06\/d7dbf387-f4f7-47db-9e83-e2d02a49ddc5.webp","type":"image\/webp"}],"author":"Reda\u00e7\u00e3o","twitter_card":"summary_large_image","twitter_creator":"@Notibras","twitter_site":"@Notibras","twitter_misc":{"Escrito por":"Reda\u00e7\u00e3o","Est. tempo de leitura":"6 minutos"},"schema":{"@context":"https:\/\/schema.org","@graph":[{"@type":"Article","@id":"https:\/\/www.notibras.com\/site\/trump-usou-dados-da-ia-para-mandar-atacar-as-usinas-nucleares-do-ira\/#article","isPartOf":{"@id":"https:\/\/www.notibras.com\/site\/trump-usou-dados-da-ia-para-mandar-atacar-as-usinas-nucleares-do-ira\/"},"author":{"name":"Reda\u00e7\u00e3o","@id":"https:\/\/www.notibras.com\/site\/#\/schema\/person\/36ab0979449956132d3e5b517ea76ac8"},"headline":"Trump usou dados da IA para mandar atacar as usinas nucleares do Ir\u00e3","datePublished":"2025-06-26T19:07:19+00:00","dateModified":"2025-06-26T19:09:48+00:00","mainEntityOfPage":{"@id":"https:\/\/www.notibras.com\/site\/trump-usou-dados-da-ia-para-mandar-atacar-as-usinas-nucleares-do-ira\/"},"wordCount":949,"publisher":{"@id":"https:\/\/www.notibras.com\/site\/#organization"},"image":{"@id":"https:\/\/www.notibras.com\/site\/trump-usou-dados-da-ia-para-mandar-atacar-as-usinas-nucleares-do-ira\/#primaryimage"},"thumbnailUrl":"https:\/\/www.notibras.com\/site\/wp-content\/uploads\/2025\/06\/d7dbf387-f4f7-47db-9e83-e2d02a49ddc5.webp","keywords":["capa"],"articleSection":["Apocalipse"],"inLanguage":"pt-BR"},{"@type":"WebPage","@id":"https:\/\/www.notibras.com\/site\/trump-usou-dados-da-ia-para-mandar-atacar-as-usinas-nucleares-do-ira\/","url":"https:\/\/www.notibras.com\/site\/trump-usou-dados-da-ia-para-mandar-atacar-as-usinas-nucleares-do-ira\/","name":"Trump usou dados da IA para mandar atacar as usinas nucleares do Ir\u00e3 - Notibras","isPartOf":{"@id":"https:\/\/www.notibras.com\/site\/#website"},"primaryImageOfPage":{"@id":"https:\/\/www.notibras.com\/site\/trump-usou-dados-da-ia-para-mandar-atacar-as-usinas-nucleares-do-ira\/#primaryimage"},"image":{"@id":"https:\/\/www.notibras.com\/site\/trump-usou-dados-da-ia-para-mandar-atacar-as-usinas-nucleares-do-ira\/#primaryimage"},"thumbnailUrl":"https:\/\/www.notibras.com\/site\/wp-content\/uploads\/2025\/06\/d7dbf387-f4f7-47db-9e83-e2d02a49ddc5.webp","datePublished":"2025-06-26T19:07:19+00:00","dateModified":"2025-06-26T19:09:48+00:00","breadcrumb":{"@id":"https:\/\/www.notibras.com\/site\/trump-usou-dados-da-ia-para-mandar-atacar-as-usinas-nucleares-do-ira\/#breadcrumb"},"inLanguage":"pt-BR","potentialAction":[{"@type":"ReadAction","target":["https:\/\/www.notibras.com\/site\/trump-usou-dados-da-ia-para-mandar-atacar-as-usinas-nucleares-do-ira\/"]}]},{"@type":"ImageObject","inLanguage":"pt-BR","@id":"https:\/\/www.notibras.com\/site\/trump-usou-dados-da-ia-para-mandar-atacar-as-usinas-nucleares-do-ira\/#primaryimage","url":"https:\/\/www.notibras.com\/site\/wp-content\/uploads\/2025\/06\/d7dbf387-f4f7-47db-9e83-e2d02a49ddc5.webp","contentUrl":"https:\/\/www.notibras.com\/site\/wp-content\/uploads\/2025\/06\/d7dbf387-f4f7-47db-9e83-e2d02a49ddc5.webp","width":1170,"height":700},{"@type":"BreadcrumbList","@id":"https:\/\/www.notibras.com\/site\/trump-usou-dados-da-ia-para-mandar-atacar-as-usinas-nucleares-do-ira\/#breadcrumb","itemListElement":[{"@type":"ListItem","position":1,"name":"In\u00edcio","item":"https:\/\/www.notibras.com\/site\/"},{"@type":"ListItem","position":2,"name":"Trump usou dados da IA para mandar atacar as usinas nucleares do Ir\u00e3"}]},{"@type":"WebSite","@id":"https:\/\/www.notibras.com\/site\/#website","url":"https:\/\/www.notibras.com\/site\/","name":"Notibras","description":"Not\u00edcias de Bras\u00edlia, do Brasil e do Mundo","publisher":{"@id":"https:\/\/www.notibras.com\/site\/#organization"},"potentialAction":[{"@type":"SearchAction","target":{"@type":"EntryPoint","urlTemplate":"https:\/\/www.notibras.com\/site\/?s={search_term_string}"},"query-input":{"@type":"PropertyValueSpecification","valueRequired":true,"valueName":"search_term_string"}}],"inLanguage":"pt-BR"},{"@type":"Organization","@id":"https:\/\/www.notibras.com\/site\/#organization","name":"Grupo Notibras de Comunica\u00e7\u00e3o","url":"https:\/\/www.notibras.com\/site\/","logo":{"@type":"ImageObject","inLanguage":"pt-BR","@id":"https:\/\/www.notibras.com\/site\/#\/schema\/logo\/image\/","url":"https:\/\/www.notibras.com\/site\/wp-content\/uploads\/2023\/01\/notibras23.png","contentUrl":"https:\/\/www.notibras.com\/site\/wp-content\/uploads\/2023\/01\/notibras23.png","width":350,"height":87,"caption":"Grupo Notibras de Comunica\u00e7\u00e3o"},"image":{"@id":"https:\/\/www.notibras.com\/site\/#\/schema\/logo\/image\/"},"sameAs":["https:\/\/www.facebook.com\/notibras\/","https:\/\/x.com\/Notibras","https:\/\/www.instagram.com\/notibras\/"]},{"@type":"Person","@id":"https:\/\/www.notibras.com\/site\/#\/schema\/person\/36ab0979449956132d3e5b517ea76ac8","name":"Reda\u00e7\u00e3o","image":{"@type":"ImageObject","inLanguage":"pt-BR","@id":"https:\/\/secure.gravatar.com\/avatar\/e0a867bdedb85fd243eadf09663511f96fc81e0720a4a42581f334ad4303aa6b?s=96&d=mm&r=g","url":"https:\/\/secure.gravatar.com\/avatar\/e0a867bdedb85fd243eadf09663511f96fc81e0720a4a42581f334ad4303aa6b?s=96&d=mm&r=g","contentUrl":"https:\/\/secure.gravatar.com\/avatar\/e0a867bdedb85fd243eadf09663511f96fc81e0720a4a42581f334ad4303aa6b?s=96&d=mm&r=g","caption":"Reda\u00e7\u00e3o"}}]}},"amp_enabled":true,"_links":{"self":[{"href":"https:\/\/www.notibras.com\/site\/wp-json\/wp\/v2\/posts\/356624","targetHints":{"allow":["GET"]}}],"collection":[{"href":"https:\/\/www.notibras.com\/site\/wp-json\/wp\/v2\/posts"}],"about":[{"href":"https:\/\/www.notibras.com\/site\/wp-json\/wp\/v2\/types\/post"}],"author":[{"embeddable":true,"href":"https:\/\/www.notibras.com\/site\/wp-json\/wp\/v2\/users\/2"}],"replies":[{"embeddable":true,"href":"https:\/\/www.notibras.com\/site\/wp-json\/wp\/v2\/comments?post=356624"}],"version-history":[{"count":3,"href":"https:\/\/www.notibras.com\/site\/wp-json\/wp\/v2\/posts\/356624\/revisions"}],"predecessor-version":[{"id":356628,"href":"https:\/\/www.notibras.com\/site\/wp-json\/wp\/v2\/posts\/356624\/revisions\/356628"}],"wp:featuredmedia":[{"embeddable":true,"href":"https:\/\/www.notibras.com\/site\/wp-json\/wp\/v2\/media\/356625"}],"wp:attachment":[{"href":"https:\/\/www.notibras.com\/site\/wp-json\/wp\/v2\/media?parent=356624"}],"wp:term":[{"taxonomy":"category","embeddable":true,"href":"https:\/\/www.notibras.com\/site\/wp-json\/wp\/v2\/categories?post=356624"},{"taxonomy":"post_tag","embeddable":true,"href":"https:\/\/www.notibras.com\/site\/wp-json\/wp\/v2\/tags?post=356624"}],"curies":[{"name":"wp","href":"https:\/\/api.w.org\/{rel}","templated":true}]}}