{"id":356651,"date":"2025-06-27T02:23:29","date_gmt":"2025-06-27T05:23:29","guid":{"rendered":"https:\/\/www.notibras.com\/site\/?p=356651"},"modified":"2025-06-26T19:25:40","modified_gmt":"2025-06-26T22:25:40","slug":"europa-se-rende-a-trump-e-desenha-triste-futuro-para-a-humanidade","status":"publish","type":"post","link":"https:\/\/www.notibras.com\/site\/europa-se-rende-a-trump-e-desenha-triste-futuro-para-a-humanidade\/","title":{"rendered":"Europa se rende a Trump e desenha triste futuro para a humanidade"},"content":{"rendered":"<p>Embora os l\u00edderes mundiais sempre sigam afirmando que a diplomacia \u00e9 que deve presidir as diferen\u00e7as entre as na\u00e7\u00f5es, o que se assiste atualmente \u00e9 a preval\u00eancia da for\u00e7a bruta como elemento dissuasor nas rela\u00e7\u00f5es bilaterais e at\u00e9 multilaterais. Est\u00e3o a\u00ed para confirmar isso a guerra entre R\u00fassia e Ucr\u00e2nia e o breve conflito entre Israel\/EUA e o Ir\u00e3.<\/p>\n<p>Neste tabuleiro, infelizmente parece que a l\u00f3gica da trucul\u00eancia e da for\u00e7a bruta de Trump est\u00e1 saindo vitoriosa. \u00d3bvio que o poder b\u00e9lico norte americano \u00e9 fator decisivo para isto, mas o preocupante \u00e9 que o discurso de guerra est\u00e1 se sobrepondo a qualquer discurso de paz, e Trump ignora solenemente organismos multilaterais que apelam para o bom senso e para a diplomacia, como a ONU.<\/p>\n<p>E agora, para coroar a l\u00f3gica da trucul\u00eancia de Trump, a Uni\u00e3o Europeia se rende a seu desejo e ir\u00e1 aumentar sensivelmente os gastos com defesa, apontado um caminho que nos remete a um tempo que pens\u00e1vamos superado, o da guerra fria, em que o chamado ocidente se armou at\u00e9 os dentes para fazer frente \u00e0 expans\u00e3o da antiga Uni\u00e3o Sovi\u00e9tica.<\/p>\n<p>O pol\u00edtico de direita Mark Rutte, ex primeiro ministro dos Pa\u00edses Baixos (Holanda) e atual Secret\u00e1rio Geral da OTAN, belicista de primeira ordem, apoiador e visivelmente feliz com as a\u00e7\u00f5es de Trump anunciou (antes mesmo da realiza\u00e7\u00e3o de reuni\u00e3o de c\u00fapula da entidade nos dias 24 e 25 de junho, cuja pauta foi exatamente a proposta de eleva\u00e7\u00e3o dos gastos com defesa), que os pa\u00edses da Uni\u00e3o Europeia v\u00e3o elevar seus gastos at\u00e9 o limite de 5% do PIB como deseja Trump, \u201cpara considerar a Europa amiga\u201d.<\/p>\n<p>Atualmente o conjunto do bloco gasta em torno de 2% do PIB na m\u00e9dia em defesa. Elevar para 5% \u00e9 mais do que dobrar os gastos dos pa\u00edses para prepar\u00e1-los para a guerra, quando o mundo precisa urgentemente de investimento em a\u00e7\u00f5es de salva\u00e7\u00e3o do planeta com medidas de repara\u00e7\u00e3o e conten\u00e7\u00e3o da destrui\u00e7\u00e3o clim\u00e1tica j\u00e1 feita, se \u00e9 que se deseja a continuidade da esp\u00e9cie, o que parece ser d\u00favida, visto a nova corrida armamentista imposta por Trump.<\/p>\n<p>Os pa\u00edses do bloco t\u00eam no geral elevadas d\u00edvidas p\u00fablicas em rela\u00e7\u00e3o ao PIB, sendo que alguns pa\u00edses como Fran\u00e7a e It\u00e1lia t\u00eam d\u00edvidas superiores ao PIB. Por determina\u00e7\u00e3o do Banco Central Europeu, os pa\u00edses do bloco v\u00eam tomando medidas duras de redu\u00e7\u00e3o de gastos que, via de regra, incidem sobre pol\u00edticas sociais, desmantelando pouco a pouco o que j\u00e1 foi o grande orgulho da Europa, o seu estado de bem-estar social.<\/p>\n<p>Agora, com o tac\u00e3o do BCE neoliberal a cobrar e punir pa\u00edses que n\u00e3o se adequem \u00e0 redu\u00e7\u00e3o de gastos, \u00e9 de se imaginar o que ocorrer\u00e1 com esta vultosa eleva\u00e7\u00e3o de recursos para a defesa: cortes acabar\u00e3o acontecendo e, como de costume dentro do receitu\u00e1rio neoliberal, isto significar\u00e1 diminui\u00e7\u00e3o de gastos sociais e diminui\u00e7\u00e3o de gastos com a m\u00e1quina p\u00fablica, prejudicando duplamente a sociedade que ver\u00e1 pol\u00edticas consolidadas retrocederam e ver\u00e3o um estado mais ineficiente no atendimento de suas demandas.<\/p>\n<p>Infelizmente o senhor da guerra est\u00e1 vencendo. Triste futuro se vislumbra para o mundo.<\/p>\n<p>&#8230;&#8230;&#8230;&#8230;&#8230;&#8230;&#8230;&#8230;&#8230;.<\/p>\n<p><strong>Ant\u00f4nio Eust\u00e1quio \u00e9 correspondente de Notibras na Europa<\/strong><\/p>\n<p>&nbsp;<\/p>\n","protected":false},"excerpt":{"rendered":"<p>Embora os l\u00edderes mundiais sempre sigam afirmando que a diplomacia \u00e9 que deve presidir as diferen\u00e7as entre as na\u00e7\u00f5es, o que se assiste atualmente \u00e9 a preval\u00eancia da for\u00e7a bruta como elemento dissuasor nas rela\u00e7\u00f5es bilaterais e at\u00e9 multilaterais. Est\u00e3o a\u00ed para confirmar isso a guerra entre R\u00fassia e Ucr\u00e2nia e o breve conflito entre [&hellip;]<\/p>\n","protected":false},"author":2,"featured_media":356652,"comment_status":"closed","ping_status":"closed","sticky":false,"template":"","format":"standard","meta":{"_acf_changed":false,"footnotes":""},"categories":[159],"tags":[95],"class_list":["post-356651","post","type-post","status-publish","format-standard","has-post-thumbnail","hentry","category-apocalipse","tag-capa"],"acf":[],"yoast_head":"<!-- This site is optimized with the Yoast SEO plugin v27.2 - https:\/\/yoast.com\/product\/yoast-seo-wordpress\/ -->\n<title>Europa se rende a Trump e desenha triste futuro para a humanidade - Notibras<\/title>\n<meta name=\"robots\" content=\"index, follow, max-snippet:-1, max-image-preview:large, max-video-preview:-1\" \/>\n<link rel=\"canonical\" href=\"https:\/\/www.notibras.com\/site\/europa-se-rende-a-trump-e-desenha-triste-futuro-para-a-humanidade\/\" \/>\n<meta property=\"og:locale\" content=\"pt_BR\" \/>\n<meta property=\"og:type\" content=\"article\" \/>\n<meta property=\"og:title\" content=\"Europa se rende a Trump e desenha triste futuro para a humanidade - Notibras\" \/>\n<meta property=\"og:description\" content=\"Embora os l\u00edderes mundiais sempre sigam afirmando que a diplomacia \u00e9 que deve presidir as diferen\u00e7as entre as na\u00e7\u00f5es, o que se assiste atualmente \u00e9 a preval\u00eancia da for\u00e7a bruta como elemento dissuasor nas rela\u00e7\u00f5es bilaterais e at\u00e9 multilaterais. Est\u00e3o a\u00ed para confirmar isso a guerra entre R\u00fassia e Ucr\u00e2nia e o breve conflito entre [&hellip;]\" \/>\n<meta property=\"og:url\" content=\"https:\/\/www.notibras.com\/site\/europa-se-rende-a-trump-e-desenha-triste-futuro-para-a-humanidade\/\" \/>\n<meta property=\"og:site_name\" content=\"Notibras\" \/>\n<meta property=\"article:publisher\" content=\"https:\/\/www.facebook.com\/notibras\/\" \/>\n<meta property=\"article:published_time\" content=\"2025-06-27T05:23:29+00:00\" \/>\n<meta property=\"og:image\" content=\"https:\/\/www.notibras.com\/site\/wp-content\/uploads\/2025\/06\/1122344979_0_320_3072_2048_1920x0_80_0_0_7db74c795b2fd0ae10a4c9285a3f664e.jpg.webp\" \/>\n\t<meta property=\"og:image:width\" content=\"1920\" \/>\n\t<meta property=\"og:image:height\" content=\"1080\" \/>\n\t<meta property=\"og:image:type\" content=\"image\/webp\" \/>\n<meta name=\"author\" content=\"Reda\u00e7\u00e3o\" \/>\n<meta name=\"twitter:card\" content=\"summary_large_image\" \/>\n<meta name=\"twitter:creator\" content=\"@Notibras\" \/>\n<meta name=\"twitter:site\" content=\"@Notibras\" \/>\n<meta name=\"twitter:label1\" content=\"Escrito por\" \/>\n\t<meta name=\"twitter:data1\" content=\"Reda\u00e7\u00e3o\" \/>\n\t<meta name=\"twitter:label2\" content=\"Est. tempo de leitura\" \/>\n\t<meta name=\"twitter:data2\" content=\"4 minutos\" \/>\n<script type=\"application\/ld+json\" class=\"yoast-schema-graph\">{\"@context\":\"https:\/\/schema.org\",\"@graph\":[{\"@type\":\"Article\",\"@id\":\"https:\/\/www.notibras.com\/site\/europa-se-rende-a-trump-e-desenha-triste-futuro-para-a-humanidade\/#article\",\"isPartOf\":{\"@id\":\"https:\/\/www.notibras.com\/site\/europa-se-rende-a-trump-e-desenha-triste-futuro-para-a-humanidade\/\"},\"author\":{\"name\":\"Reda\u00e7\u00e3o\",\"@id\":\"https:\/\/www.notibras.com\/site\/#\/schema\/person\/36ab0979449956132d3e5b517ea76ac8\"},\"headline\":\"Europa se rende a Trump e desenha triste futuro para a humanidade\",\"datePublished\":\"2025-06-27T05:23:29+00:00\",\"mainEntityOfPage\":{\"@id\":\"https:\/\/www.notibras.com\/site\/europa-se-rende-a-trump-e-desenha-triste-futuro-para-a-humanidade\/\"},\"wordCount\":598,\"publisher\":{\"@id\":\"https:\/\/www.notibras.com\/site\/#organization\"},\"image\":{\"@id\":\"https:\/\/www.notibras.com\/site\/europa-se-rende-a-trump-e-desenha-triste-futuro-para-a-humanidade\/#primaryimage\"},\"thumbnailUrl\":\"https:\/\/www.notibras.com\/site\/wp-content\/uploads\/2025\/06\/1122344979_0_320_3072_2048_1920x0_80_0_0_7db74c795b2fd0ae10a4c9285a3f664e.jpg.webp\",\"keywords\":[\"capa\"],\"articleSection\":[\"Apocalipse\"],\"inLanguage\":\"pt-BR\"},{\"@type\":\"WebPage\",\"@id\":\"https:\/\/www.notibras.com\/site\/europa-se-rende-a-trump-e-desenha-triste-futuro-para-a-humanidade\/\",\"url\":\"https:\/\/www.notibras.com\/site\/europa-se-rende-a-trump-e-desenha-triste-futuro-para-a-humanidade\/\",\"name\":\"Europa se rende a Trump e desenha triste futuro para a humanidade - Notibras\",\"isPartOf\":{\"@id\":\"https:\/\/www.notibras.com\/site\/#website\"},\"primaryImageOfPage\":{\"@id\":\"https:\/\/www.notibras.com\/site\/europa-se-rende-a-trump-e-desenha-triste-futuro-para-a-humanidade\/#primaryimage\"},\"image\":{\"@id\":\"https:\/\/www.notibras.com\/site\/europa-se-rende-a-trump-e-desenha-triste-futuro-para-a-humanidade\/#primaryimage\"},\"thumbnailUrl\":\"https:\/\/www.notibras.com\/site\/wp-content\/uploads\/2025\/06\/1122344979_0_320_3072_2048_1920x0_80_0_0_7db74c795b2fd0ae10a4c9285a3f664e.jpg.webp\",\"datePublished\":\"2025-06-27T05:23:29+00:00\",\"breadcrumb\":{\"@id\":\"https:\/\/www.notibras.com\/site\/europa-se-rende-a-trump-e-desenha-triste-futuro-para-a-humanidade\/#breadcrumb\"},\"inLanguage\":\"pt-BR\",\"potentialAction\":[{\"@type\":\"ReadAction\",\"target\":[\"https:\/\/www.notibras.com\/site\/europa-se-rende-a-trump-e-desenha-triste-futuro-para-a-humanidade\/\"]}]},{\"@type\":\"ImageObject\",\"inLanguage\":\"pt-BR\",\"@id\":\"https:\/\/www.notibras.com\/site\/europa-se-rende-a-trump-e-desenha-triste-futuro-para-a-humanidade\/#primaryimage\",\"url\":\"https:\/\/www.notibras.com\/site\/wp-content\/uploads\/2025\/06\/1122344979_0_320_3072_2048_1920x0_80_0_0_7db74c795b2fd0ae10a4c9285a3f664e.jpg.webp\",\"contentUrl\":\"https:\/\/www.notibras.com\/site\/wp-content\/uploads\/2025\/06\/1122344979_0_320_3072_2048_1920x0_80_0_0_7db74c795b2fd0ae10a4c9285a3f664e.jpg.webp\",\"width\":1920,\"height\":1080},{\"@type\":\"BreadcrumbList\",\"@id\":\"https:\/\/www.notibras.com\/site\/europa-se-rende-a-trump-e-desenha-triste-futuro-para-a-humanidade\/#breadcrumb\",\"itemListElement\":[{\"@type\":\"ListItem\",\"position\":1,\"name\":\"In\u00edcio\",\"item\":\"https:\/\/www.notibras.com\/site\/\"},{\"@type\":\"ListItem\",\"position\":2,\"name\":\"Europa se rende a Trump e desenha triste futuro para a humanidade\"}]},{\"@type\":\"WebSite\",\"@id\":\"https:\/\/www.notibras.com\/site\/#website\",\"url\":\"https:\/\/www.notibras.com\/site\/\",\"name\":\"Notibras\",\"description\":\"Not\u00edcias de Bras\u00edlia, do Brasil e do Mundo\",\"publisher\":{\"@id\":\"https:\/\/www.notibras.com\/site\/#organization\"},\"potentialAction\":[{\"@type\":\"SearchAction\",\"target\":{\"@type\":\"EntryPoint\",\"urlTemplate\":\"https:\/\/www.notibras.com\/site\/?s={search_term_string}\"},\"query-input\":{\"@type\":\"PropertyValueSpecification\",\"valueRequired\":true,\"valueName\":\"search_term_string\"}}],\"inLanguage\":\"pt-BR\"},{\"@type\":\"Organization\",\"@id\":\"https:\/\/www.notibras.com\/site\/#organization\",\"name\":\"Grupo Notibras de Comunica\u00e7\u00e3o\",\"url\":\"https:\/\/www.notibras.com\/site\/\",\"logo\":{\"@type\":\"ImageObject\",\"inLanguage\":\"pt-BR\",\"@id\":\"https:\/\/www.notibras.com\/site\/#\/schema\/logo\/image\/\",\"url\":\"https:\/\/www.notibras.com\/site\/wp-content\/uploads\/2023\/01\/notibras23.png\",\"contentUrl\":\"https:\/\/www.notibras.com\/site\/wp-content\/uploads\/2023\/01\/notibras23.png\",\"width\":350,\"height\":87,\"caption\":\"Grupo Notibras de Comunica\u00e7\u00e3o\"},\"image\":{\"@id\":\"https:\/\/www.notibras.com\/site\/#\/schema\/logo\/image\/\"},\"sameAs\":[\"https:\/\/www.facebook.com\/notibras\/\",\"https:\/\/x.com\/Notibras\",\"https:\/\/www.instagram.com\/notibras\/\"]},{\"@type\":\"Person\",\"@id\":\"https:\/\/www.notibras.com\/site\/#\/schema\/person\/36ab0979449956132d3e5b517ea76ac8\",\"name\":\"Reda\u00e7\u00e3o\",\"image\":{\"@type\":\"ImageObject\",\"inLanguage\":\"pt-BR\",\"@id\":\"https:\/\/secure.gravatar.com\/avatar\/e0a867bdedb85fd243eadf09663511f96fc81e0720a4a42581f334ad4303aa6b?s=96&d=mm&r=g\",\"url\":\"https:\/\/secure.gravatar.com\/avatar\/e0a867bdedb85fd243eadf09663511f96fc81e0720a4a42581f334ad4303aa6b?s=96&d=mm&r=g\",\"contentUrl\":\"https:\/\/secure.gravatar.com\/avatar\/e0a867bdedb85fd243eadf09663511f96fc81e0720a4a42581f334ad4303aa6b?s=96&d=mm&r=g\",\"caption\":\"Reda\u00e7\u00e3o\"}}]}<\/script>\n<!-- \/ Yoast SEO plugin. -->","yoast_head_json":{"title":"Europa se rende a Trump e desenha triste futuro para a humanidade - Notibras","robots":{"index":"index","follow":"follow","max-snippet":"max-snippet:-1","max-image-preview":"max-image-preview:large","max-video-preview":"max-video-preview:-1"},"canonical":"https:\/\/www.notibras.com\/site\/europa-se-rende-a-trump-e-desenha-triste-futuro-para-a-humanidade\/","og_locale":"pt_BR","og_type":"article","og_title":"Europa se rende a Trump e desenha triste futuro para a humanidade - Notibras","og_description":"Embora os l\u00edderes mundiais sempre sigam afirmando que a diplomacia \u00e9 que deve presidir as diferen\u00e7as entre as na\u00e7\u00f5es, o que se assiste atualmente \u00e9 a preval\u00eancia da for\u00e7a bruta como elemento dissuasor nas rela\u00e7\u00f5es bilaterais e at\u00e9 multilaterais. Est\u00e3o a\u00ed para confirmar isso a guerra entre R\u00fassia e Ucr\u00e2nia e o breve conflito entre [&hellip;]","og_url":"https:\/\/www.notibras.com\/site\/europa-se-rende-a-trump-e-desenha-triste-futuro-para-a-humanidade\/","og_site_name":"Notibras","article_publisher":"https:\/\/www.facebook.com\/notibras\/","article_published_time":"2025-06-27T05:23:29+00:00","og_image":[{"width":1920,"height":1080,"url":"https:\/\/www.notibras.com\/site\/wp-content\/uploads\/2025\/06\/1122344979_0_320_3072_2048_1920x0_80_0_0_7db74c795b2fd0ae10a4c9285a3f664e.jpg.webp","type":"image\/webp"}],"author":"Reda\u00e7\u00e3o","twitter_card":"summary_large_image","twitter_creator":"@Notibras","twitter_site":"@Notibras","twitter_misc":{"Escrito por":"Reda\u00e7\u00e3o","Est. tempo de leitura":"4 minutos"},"schema":{"@context":"https:\/\/schema.org","@graph":[{"@type":"Article","@id":"https:\/\/www.notibras.com\/site\/europa-se-rende-a-trump-e-desenha-triste-futuro-para-a-humanidade\/#article","isPartOf":{"@id":"https:\/\/www.notibras.com\/site\/europa-se-rende-a-trump-e-desenha-triste-futuro-para-a-humanidade\/"},"author":{"name":"Reda\u00e7\u00e3o","@id":"https:\/\/www.notibras.com\/site\/#\/schema\/person\/36ab0979449956132d3e5b517ea76ac8"},"headline":"Europa se rende a Trump e desenha triste futuro para a humanidade","datePublished":"2025-06-27T05:23:29+00:00","mainEntityOfPage":{"@id":"https:\/\/www.notibras.com\/site\/europa-se-rende-a-trump-e-desenha-triste-futuro-para-a-humanidade\/"},"wordCount":598,"publisher":{"@id":"https:\/\/www.notibras.com\/site\/#organization"},"image":{"@id":"https:\/\/www.notibras.com\/site\/europa-se-rende-a-trump-e-desenha-triste-futuro-para-a-humanidade\/#primaryimage"},"thumbnailUrl":"https:\/\/www.notibras.com\/site\/wp-content\/uploads\/2025\/06\/1122344979_0_320_3072_2048_1920x0_80_0_0_7db74c795b2fd0ae10a4c9285a3f664e.jpg.webp","keywords":["capa"],"articleSection":["Apocalipse"],"inLanguage":"pt-BR"},{"@type":"WebPage","@id":"https:\/\/www.notibras.com\/site\/europa-se-rende-a-trump-e-desenha-triste-futuro-para-a-humanidade\/","url":"https:\/\/www.notibras.com\/site\/europa-se-rende-a-trump-e-desenha-triste-futuro-para-a-humanidade\/","name":"Europa se rende a Trump e desenha triste futuro para a humanidade - Notibras","isPartOf":{"@id":"https:\/\/www.notibras.com\/site\/#website"},"primaryImageOfPage":{"@id":"https:\/\/www.notibras.com\/site\/europa-se-rende-a-trump-e-desenha-triste-futuro-para-a-humanidade\/#primaryimage"},"image":{"@id":"https:\/\/www.notibras.com\/site\/europa-se-rende-a-trump-e-desenha-triste-futuro-para-a-humanidade\/#primaryimage"},"thumbnailUrl":"https:\/\/www.notibras.com\/site\/wp-content\/uploads\/2025\/06\/1122344979_0_320_3072_2048_1920x0_80_0_0_7db74c795b2fd0ae10a4c9285a3f664e.jpg.webp","datePublished":"2025-06-27T05:23:29+00:00","breadcrumb":{"@id":"https:\/\/www.notibras.com\/site\/europa-se-rende-a-trump-e-desenha-triste-futuro-para-a-humanidade\/#breadcrumb"},"inLanguage":"pt-BR","potentialAction":[{"@type":"ReadAction","target":["https:\/\/www.notibras.com\/site\/europa-se-rende-a-trump-e-desenha-triste-futuro-para-a-humanidade\/"]}]},{"@type":"ImageObject","inLanguage":"pt-BR","@id":"https:\/\/www.notibras.com\/site\/europa-se-rende-a-trump-e-desenha-triste-futuro-para-a-humanidade\/#primaryimage","url":"https:\/\/www.notibras.com\/site\/wp-content\/uploads\/2025\/06\/1122344979_0_320_3072_2048_1920x0_80_0_0_7db74c795b2fd0ae10a4c9285a3f664e.jpg.webp","contentUrl":"https:\/\/www.notibras.com\/site\/wp-content\/uploads\/2025\/06\/1122344979_0_320_3072_2048_1920x0_80_0_0_7db74c795b2fd0ae10a4c9285a3f664e.jpg.webp","width":1920,"height":1080},{"@type":"BreadcrumbList","@id":"https:\/\/www.notibras.com\/site\/europa-se-rende-a-trump-e-desenha-triste-futuro-para-a-humanidade\/#breadcrumb","itemListElement":[{"@type":"ListItem","position":1,"name":"In\u00edcio","item":"https:\/\/www.notibras.com\/site\/"},{"@type":"ListItem","position":2,"name":"Europa se rende a Trump e desenha triste futuro para a humanidade"}]},{"@type":"WebSite","@id":"https:\/\/www.notibras.com\/site\/#website","url":"https:\/\/www.notibras.com\/site\/","name":"Notibras","description":"Not\u00edcias de Bras\u00edlia, do Brasil e do Mundo","publisher":{"@id":"https:\/\/www.notibras.com\/site\/#organization"},"potentialAction":[{"@type":"SearchAction","target":{"@type":"EntryPoint","urlTemplate":"https:\/\/www.notibras.com\/site\/?s={search_term_string}"},"query-input":{"@type":"PropertyValueSpecification","valueRequired":true,"valueName":"search_term_string"}}],"inLanguage":"pt-BR"},{"@type":"Organization","@id":"https:\/\/www.notibras.com\/site\/#organization","name":"Grupo Notibras de Comunica\u00e7\u00e3o","url":"https:\/\/www.notibras.com\/site\/","logo":{"@type":"ImageObject","inLanguage":"pt-BR","@id":"https:\/\/www.notibras.com\/site\/#\/schema\/logo\/image\/","url":"https:\/\/www.notibras.com\/site\/wp-content\/uploads\/2023\/01\/notibras23.png","contentUrl":"https:\/\/www.notibras.com\/site\/wp-content\/uploads\/2023\/01\/notibras23.png","width":350,"height":87,"caption":"Grupo Notibras de Comunica\u00e7\u00e3o"},"image":{"@id":"https:\/\/www.notibras.com\/site\/#\/schema\/logo\/image\/"},"sameAs":["https:\/\/www.facebook.com\/notibras\/","https:\/\/x.com\/Notibras","https:\/\/www.instagram.com\/notibras\/"]},{"@type":"Person","@id":"https:\/\/www.notibras.com\/site\/#\/schema\/person\/36ab0979449956132d3e5b517ea76ac8","name":"Reda\u00e7\u00e3o","image":{"@type":"ImageObject","inLanguage":"pt-BR","@id":"https:\/\/secure.gravatar.com\/avatar\/e0a867bdedb85fd243eadf09663511f96fc81e0720a4a42581f334ad4303aa6b?s=96&d=mm&r=g","url":"https:\/\/secure.gravatar.com\/avatar\/e0a867bdedb85fd243eadf09663511f96fc81e0720a4a42581f334ad4303aa6b?s=96&d=mm&r=g","contentUrl":"https:\/\/secure.gravatar.com\/avatar\/e0a867bdedb85fd243eadf09663511f96fc81e0720a4a42581f334ad4303aa6b?s=96&d=mm&r=g","caption":"Reda\u00e7\u00e3o"}}]}},"amp_enabled":true,"_links":{"self":[{"href":"https:\/\/www.notibras.com\/site\/wp-json\/wp\/v2\/posts\/356651","targetHints":{"allow":["GET"]}}],"collection":[{"href":"https:\/\/www.notibras.com\/site\/wp-json\/wp\/v2\/posts"}],"about":[{"href":"https:\/\/www.notibras.com\/site\/wp-json\/wp\/v2\/types\/post"}],"author":[{"embeddable":true,"href":"https:\/\/www.notibras.com\/site\/wp-json\/wp\/v2\/users\/2"}],"replies":[{"embeddable":true,"href":"https:\/\/www.notibras.com\/site\/wp-json\/wp\/v2\/comments?post=356651"}],"version-history":[{"count":2,"href":"https:\/\/www.notibras.com\/site\/wp-json\/wp\/v2\/posts\/356651\/revisions"}],"predecessor-version":[{"id":356654,"href":"https:\/\/www.notibras.com\/site\/wp-json\/wp\/v2\/posts\/356651\/revisions\/356654"}],"wp:featuredmedia":[{"embeddable":true,"href":"https:\/\/www.notibras.com\/site\/wp-json\/wp\/v2\/media\/356652"}],"wp:attachment":[{"href":"https:\/\/www.notibras.com\/site\/wp-json\/wp\/v2\/media?parent=356651"}],"wp:term":[{"taxonomy":"category","embeddable":true,"href":"https:\/\/www.notibras.com\/site\/wp-json\/wp\/v2\/categories?post=356651"},{"taxonomy":"post_tag","embeddable":true,"href":"https:\/\/www.notibras.com\/site\/wp-json\/wp\/v2\/tags?post=356651"}],"curies":[{"name":"wp","href":"https:\/\/api.w.org\/{rel}","templated":true}]}}