{"id":356655,"date":"2025-06-27T01:37:21","date_gmt":"2025-06-27T04:37:21","guid":{"rendered":"https:\/\/www.notibras.com\/site\/?p=356655"},"modified":"2025-06-27T07:31:51","modified_gmt":"2025-06-27T10:31:51","slug":"os-peculiares-sentidos-de-minha-avo-e-os-quitutes-que-faziam-fila-em-sua-porta","status":"publish","type":"post","link":"https:\/\/www.notibras.com\/site\/os-peculiares-sentidos-de-minha-avo-e-os-quitutes-que-faziam-fila-em-sua-porta\/","title":{"rendered":"Os peculiares sentidos de minha av\u00f3 e os quitutes que faziam fila em sua porta"},"content":{"rendered":"<p>Vov\u00f3 tinha l\u00e1 seu modo peculiar de dizer as coisas, como se soubesse que sentimentos n\u00e3o v\u00eam em caixinhas e, caso viessem, ainda assim se misturariam atrav\u00e9s das frestas. Talvez por isso, era cozinheira afamada na vizinhan\u00e7a da Asa Norte, que, vez ou outra, batia \u00e0 sua porta para visita de \u00faltima hora justamente por volta das quatro horas da tarde, quando, invariavelmente, sa\u00edam do forno quitutes de aromas que inebriavam a todos.<\/p>\n<p>Mimi, a vira-lata malhada que vivia por ali, era a primeira a chegar. Ficava sentada diante do port\u00e3o da casa da minha av\u00f3, ciente de que, n\u00e3o tardaria, receberia seu quinh\u00e3o.<\/p>\n<p>\u2014 Mimi, sua danadinha! T\u00e1 aqui o seu p\u00e3o de queijo. Mas cuidado, que acabou de sair do forno agora. N\u00e3o v\u00e1 queimar a l\u00edngua!<\/p>\n<p>Quem passava n\u00e3o deixava de observar a cena. Um ou outro, mesmo que desconhecido, se atrevia a puxar assunto. Quem sabe, assim, aquela senhora de olhos esverdeados e semblante acolhedor acabaria por lhe ofertar aquela del\u00edcia? E n\u00e3o \u00e9 que, invariavelmente, cada um alcan\u00e7ava seu intento? Minha av\u00f3 sempre enchia a cesta de vime com quantidade suficiente para esses imprevistos t\u00e3o corriqueiros.<\/p>\n<p>Lembro-me de um domingo como se fosse hoje. Estava com minha av\u00f3 na cozinha, enquanto ela preparava mais um dos seus imperd\u00edveis bolos de chocolate. Ali\u00e1s, toda vez que eu a ajudava, mesmo que apenas mexendo a massa com a colher de pau ou, ent\u00e3o, pegando os ingredientes nos arm\u00e1rios, a matriarca da fam\u00edlia fazia quest\u00e3o de dizer para todos que aquela iguaria havia sido feita por n\u00f3s duas.<\/p>\n<p>\u2014 Se n\u00e3o fosse a Aninha, certamente o bolo teria solado. Ainda bem que a minha neta estava aqui para me ajudar.<\/p>\n<p>Seria vov\u00f3 uma grande mentirosa? Prefiro dizer que era uma artista, que sabia como ningu\u00e9m aproveitar cada instante da vida. Sem contar que, invariavelmente, descobria exatamente a hora em que suas receitas maravilhosas ficavam prontas.<\/p>\n<p>\u2014 Aninha, escuta esse cheirinho!<\/p>\n<p>&#8230;&#8230;&#8230;&#8230;&#8230;<\/p>\n<p><strong>Eduardo Mart\u00ednez \u00e9 autor do livro 57 Contos e Cr\u00f4nicas por um Autor Muito Velho\u2019<\/strong><\/p>\n<p>Compre aqui\u00a0<span class=\"x19la9d6 x1fc57z9 x6ikm8r x10wlt62 x19co3pv x1g5zs5t xfibh0p xiy17q3 x1xsqp64 x1lkfr7t xexx8yu x4uap5 x18d9i69 xkhd6sd\"><span class=\"xrtxmta x1bhl96m\"><img decoding=\"async\" class=\"emoji\" role=\"img\" draggable=\"false\" src=\"https:\/\/s.w.org\/images\/core\/emoji\/15.0.3\/svg\/1f447-1f3ff.svg\" alt=\"&#x1f447;&#x1f3ff;\" \/><\/span><\/span><\/p>\n<p><a href=\"https:\/\/www.joanineditora.com.br\/57-contos-e-cronicas-por-um-autor-muito-velho\">https:\/\/www.joanineditora.com.br\/57-contos-e-cronicas-por-um-autor-muito-velho<\/a><\/p>\n","protected":false},"excerpt":{"rendered":"<p>Vov\u00f3 tinha l\u00e1 seu modo peculiar de dizer as coisas, como se soubesse que sentimentos n\u00e3o v\u00eam em caixinhas e, caso viessem, ainda assim se misturariam atrav\u00e9s das frestas. Talvez por isso, era cozinheira afamada na vizinhan\u00e7a da Asa Norte, que, vez ou outra, batia \u00e0 sua porta para visita de \u00faltima hora justamente por [&hellip;]<\/p>\n","protected":false},"author":2,"featured_media":356656,"comment_status":"closed","ping_status":"closed","sticky":false,"template":"","format":"standard","meta":{"_acf_changed":false,"footnotes":""},"categories":[161],"tags":[],"class_list":["post-356655","post","type-post","status-publish","format-standard","has-post-thumbnail","hentry","category-quadradinho-em-foco"],"acf":[],"_links":{"self":[{"href":"https:\/\/www.notibras.com\/site\/wp-json\/wp\/v2\/posts\/356655","targetHints":{"allow":["GET"]}}],"collection":[{"href":"https:\/\/www.notibras.com\/site\/wp-json\/wp\/v2\/posts"}],"about":[{"href":"https:\/\/www.notibras.com\/site\/wp-json\/wp\/v2\/types\/post"}],"author":[{"embeddable":true,"href":"https:\/\/www.notibras.com\/site\/wp-json\/wp\/v2\/users\/2"}],"replies":[{"embeddable":true,"href":"https:\/\/www.notibras.com\/site\/wp-json\/wp\/v2\/comments?post=356655"}],"version-history":[{"count":4,"href":"https:\/\/www.notibras.com\/site\/wp-json\/wp\/v2\/posts\/356655\/revisions"}],"predecessor-version":[{"id":356684,"href":"https:\/\/www.notibras.com\/site\/wp-json\/wp\/v2\/posts\/356655\/revisions\/356684"}],"wp:featuredmedia":[{"embeddable":true,"href":"https:\/\/www.notibras.com\/site\/wp-json\/wp\/v2\/media\/356656"}],"wp:attachment":[{"href":"https:\/\/www.notibras.com\/site\/wp-json\/wp\/v2\/media?parent=356655"}],"wp:term":[{"taxonomy":"category","embeddable":true,"href":"https:\/\/www.notibras.com\/site\/wp-json\/wp\/v2\/categories?post=356655"},{"taxonomy":"post_tag","embeddable":true,"href":"https:\/\/www.notibras.com\/site\/wp-json\/wp\/v2\/tags?post=356655"}],"curies":[{"name":"wp","href":"https:\/\/api.w.org\/{rel}","templated":true}]}}