{"id":356741,"date":"2025-06-28T00:44:42","date_gmt":"2025-06-28T03:44:42","guid":{"rendered":"https:\/\/www.notibras.com\/site\/?p=356741"},"modified":"2025-06-28T00:46:00","modified_gmt":"2025-06-28T03:46:00","slug":"gaza-apela-ao-mundo-para-israel-acabar-genocidio","status":"publish","type":"post","link":"https:\/\/www.notibras.com\/site\/gaza-apela-ao-mundo-para-israel-acabar-genocidio\/","title":{"rendered":"Gaza apela ao mundo para Israel acabar genoc\u00eddio"},"content":{"rendered":"<p>O Minist\u00e9rio das Rela\u00e7\u00f5es Exteriores da Palestina renovou seu apelo ao mundo para que pare a agress\u00e3o israelense contra a Faixa de Gaza, onde mais de 56 mil mortes foram relatadas desde o in\u00edcio da guerra em outubro de 2023.<\/p>\n<p>O Minist\u00e9rio das Rela\u00e7\u00f5es Exteriores e Expatriados pediu mecanismos internacionais eficazes para p\u00f4r fim \u00e0 campanha de guerra lan\u00e7ada pelo primeiro-ministro Benjamin Netanyahu.<\/p>\n<p>Ele tamb\u00e9m acusou o pa\u00eds vizinho de usar a fome, a sede e a priva\u00e7\u00e3o de medicamentos e tratamentos de sa\u00fade como armas de guerra.<\/p>\n<p>O texto critica a cont\u00ednua escalada de crimes pelas for\u00e7as de ocupa\u00e7\u00e3o, que inclui a destrui\u00e7\u00e3o de casas e instala\u00e7\u00f5es que permanecem de p\u00e9, al\u00e9m da onda de assassinatos di\u00e1rios.<\/p>\n<p>Israel for\u00e7ou a popula\u00e7\u00e3o a fugir para uma \u00e1rea que representa n\u00e3o mais que 18% do territ\u00f3rio do enclave costeiro, agravando o sofrimento di\u00e1rio, enfatizou.<\/p>\n<p>O Itamaraty questionou mais uma vez \u201ca incapacidade da comunidade internacional de deter a guerra de exterm\u00ednio contra nosso povo\u201d.<\/p>\n<p>A r\u00e1pida implementa\u00e7\u00e3o do direito internacional \u00e9 o verdadeiro caminho para acabar com o sofrimento do povo de Gaza, declarou o Minist\u00e9rio, pedindo tamb\u00e9m o estabelecimento de um estado palestino independente e soberano.<\/p>\n<p>Nesse sentido, o minist\u00e9rio estimou que somente dessa forma o Oriente M\u00e9dio alcan\u00e7ar\u00e1 paz e estabilidade.<\/p>\n","protected":false},"excerpt":{"rendered":"<p>O Minist\u00e9rio das Rela\u00e7\u00f5es Exteriores da Palestina renovou seu apelo ao mundo para que pare a agress\u00e3o israelense contra a Faixa de Gaza, onde mais de 56 mil mortes foram relatadas desde o in\u00edcio da guerra em outubro de 2023. O Minist\u00e9rio das Rela\u00e7\u00f5es Exteriores e Expatriados pediu mecanismos internacionais eficazes para p\u00f4r fim \u00e0 [&hellip;]<\/p>\n","protected":false},"author":2,"featured_media":356742,"comment_status":"closed","ping_status":"closed","sticky":false,"template":"","format":"standard","meta":{"_acf_changed":false,"footnotes":""},"categories":[159],"tags":[],"class_list":["post-356741","post","type-post","status-publish","format-standard","has-post-thumbnail","hentry","category-apocalipse"],"acf":[],"yoast_head":"<!-- This site is optimized with the Yoast SEO plugin v27.2 - https:\/\/yoast.com\/product\/yoast-seo-wordpress\/ -->\n<title>Gaza apela ao mundo para Israel acabar genoc\u00eddio - Notibras<\/title>\n<meta name=\"robots\" content=\"index, follow, max-snippet:-1, max-image-preview:large, max-video-preview:-1\" \/>\n<link rel=\"canonical\" href=\"https:\/\/www.notibras.com\/site\/gaza-apela-ao-mundo-para-israel-acabar-genocidio\/\" \/>\n<meta property=\"og:locale\" content=\"pt_BR\" \/>\n<meta property=\"og:type\" content=\"article\" \/>\n<meta property=\"og:title\" content=\"Gaza apela ao mundo para Israel acabar genoc\u00eddio - Notibras\" \/>\n<meta property=\"og:description\" content=\"O Minist\u00e9rio das Rela\u00e7\u00f5es Exteriores da Palestina renovou seu apelo ao mundo para que pare a agress\u00e3o israelense contra a Faixa de Gaza, onde mais de 56 mil mortes foram relatadas desde o in\u00edcio da guerra em outubro de 2023. O Minist\u00e9rio das Rela\u00e7\u00f5es Exteriores e Expatriados pediu mecanismos internacionais eficazes para p\u00f4r fim \u00e0 [&hellip;]\" \/>\n<meta property=\"og:url\" content=\"https:\/\/www.notibras.com\/site\/gaza-apela-ao-mundo-para-israel-acabar-genocidio\/\" \/>\n<meta property=\"og:site_name\" content=\"Notibras\" \/>\n<meta property=\"article:publisher\" content=\"https:\/\/www.facebook.com\/notibras\/\" \/>\n<meta property=\"article:published_time\" content=\"2025-06-28T03:44:42+00:00\" \/>\n<meta property=\"article:modified_time\" content=\"2025-06-28T03:46:00+00:00\" \/>\n<meta property=\"og:image\" content=\"https:\/\/www.notibras.com\/site\/wp-content\/uploads\/2025\/06\/Gaza-Hambruna-Bebe-1.jpg\" \/>\n\t<meta property=\"og:image:width\" content=\"1024\" \/>\n\t<meta property=\"og:image:height\" content=\"769\" \/>\n\t<meta property=\"og:image:type\" content=\"image\/jpeg\" \/>\n<meta name=\"author\" content=\"Reda\u00e7\u00e3o\" \/>\n<meta name=\"twitter:card\" content=\"summary_large_image\" \/>\n<meta name=\"twitter:creator\" content=\"@Notibras\" \/>\n<meta name=\"twitter:site\" content=\"@Notibras\" \/>\n<meta name=\"twitter:label1\" content=\"Escrito por\" \/>\n\t<meta name=\"twitter:data1\" content=\"Reda\u00e7\u00e3o\" \/>\n\t<meta name=\"twitter:label2\" content=\"Est. tempo de leitura\" \/>\n\t<meta name=\"twitter:data2\" content=\"2 minutos\" \/>\n<script type=\"application\/ld+json\" class=\"yoast-schema-graph\">{\"@context\":\"https:\/\/schema.org\",\"@graph\":[{\"@type\":\"Article\",\"@id\":\"https:\/\/www.notibras.com\/site\/gaza-apela-ao-mundo-para-israel-acabar-genocidio\/#article\",\"isPartOf\":{\"@id\":\"https:\/\/www.notibras.com\/site\/gaza-apela-ao-mundo-para-israel-acabar-genocidio\/\"},\"author\":{\"name\":\"Reda\u00e7\u00e3o\",\"@id\":\"https:\/\/www.notibras.com\/site\/#\/schema\/person\/36ab0979449956132d3e5b517ea76ac8\"},\"headline\":\"Gaza apela ao mundo para Israel acabar genoc\u00eddio\",\"datePublished\":\"2025-06-28T03:44:42+00:00\",\"dateModified\":\"2025-06-28T03:46:00+00:00\",\"mainEntityOfPage\":{\"@id\":\"https:\/\/www.notibras.com\/site\/gaza-apela-ao-mundo-para-israel-acabar-genocidio\/\"},\"wordCount\":248,\"publisher\":{\"@id\":\"https:\/\/www.notibras.com\/site\/#organization\"},\"image\":{\"@id\":\"https:\/\/www.notibras.com\/site\/gaza-apela-ao-mundo-para-israel-acabar-genocidio\/#primaryimage\"},\"thumbnailUrl\":\"https:\/\/www.notibras.com\/site\/wp-content\/uploads\/2025\/06\/Gaza-Hambruna-Bebe-1.jpg\",\"articleSection\":[\"Apocalipse\"],\"inLanguage\":\"pt-BR\"},{\"@type\":\"WebPage\",\"@id\":\"https:\/\/www.notibras.com\/site\/gaza-apela-ao-mundo-para-israel-acabar-genocidio\/\",\"url\":\"https:\/\/www.notibras.com\/site\/gaza-apela-ao-mundo-para-israel-acabar-genocidio\/\",\"name\":\"Gaza apela ao mundo para Israel acabar genoc\u00eddio - Notibras\",\"isPartOf\":{\"@id\":\"https:\/\/www.notibras.com\/site\/#website\"},\"primaryImageOfPage\":{\"@id\":\"https:\/\/www.notibras.com\/site\/gaza-apela-ao-mundo-para-israel-acabar-genocidio\/#primaryimage\"},\"image\":{\"@id\":\"https:\/\/www.notibras.com\/site\/gaza-apela-ao-mundo-para-israel-acabar-genocidio\/#primaryimage\"},\"thumbnailUrl\":\"https:\/\/www.notibras.com\/site\/wp-content\/uploads\/2025\/06\/Gaza-Hambruna-Bebe-1.jpg\",\"datePublished\":\"2025-06-28T03:44:42+00:00\",\"dateModified\":\"2025-06-28T03:46:00+00:00\",\"breadcrumb\":{\"@id\":\"https:\/\/www.notibras.com\/site\/gaza-apela-ao-mundo-para-israel-acabar-genocidio\/#breadcrumb\"},\"inLanguage\":\"pt-BR\",\"potentialAction\":[{\"@type\":\"ReadAction\",\"target\":[\"https:\/\/www.notibras.com\/site\/gaza-apela-ao-mundo-para-israel-acabar-genocidio\/\"]}]},{\"@type\":\"ImageObject\",\"inLanguage\":\"pt-BR\",\"@id\":\"https:\/\/www.notibras.com\/site\/gaza-apela-ao-mundo-para-israel-acabar-genocidio\/#primaryimage\",\"url\":\"https:\/\/www.notibras.com\/site\/wp-content\/uploads\/2025\/06\/Gaza-Hambruna-Bebe-1.jpg\",\"contentUrl\":\"https:\/\/www.notibras.com\/site\/wp-content\/uploads\/2025\/06\/Gaza-Hambruna-Bebe-1.jpg\",\"width\":1024,\"height\":769},{\"@type\":\"BreadcrumbList\",\"@id\":\"https:\/\/www.notibras.com\/site\/gaza-apela-ao-mundo-para-israel-acabar-genocidio\/#breadcrumb\",\"itemListElement\":[{\"@type\":\"ListItem\",\"position\":1,\"name\":\"In\u00edcio\",\"item\":\"https:\/\/www.notibras.com\/site\/\"},{\"@type\":\"ListItem\",\"position\":2,\"name\":\"Gaza apela ao mundo para Israel acabar genoc\u00eddio\"}]},{\"@type\":\"WebSite\",\"@id\":\"https:\/\/www.notibras.com\/site\/#website\",\"url\":\"https:\/\/www.notibras.com\/site\/\",\"name\":\"Notibras\",\"description\":\"Not\u00edcias de Bras\u00edlia, do Brasil e do Mundo\",\"publisher\":{\"@id\":\"https:\/\/www.notibras.com\/site\/#organization\"},\"potentialAction\":[{\"@type\":\"SearchAction\",\"target\":{\"@type\":\"EntryPoint\",\"urlTemplate\":\"https:\/\/www.notibras.com\/site\/?s={search_term_string}\"},\"query-input\":{\"@type\":\"PropertyValueSpecification\",\"valueRequired\":true,\"valueName\":\"search_term_string\"}}],\"inLanguage\":\"pt-BR\"},{\"@type\":\"Organization\",\"@id\":\"https:\/\/www.notibras.com\/site\/#organization\",\"name\":\"Grupo Notibras de Comunica\u00e7\u00e3o\",\"url\":\"https:\/\/www.notibras.com\/site\/\",\"logo\":{\"@type\":\"ImageObject\",\"inLanguage\":\"pt-BR\",\"@id\":\"https:\/\/www.notibras.com\/site\/#\/schema\/logo\/image\/\",\"url\":\"https:\/\/www.notibras.com\/site\/wp-content\/uploads\/2023\/01\/notibras23.png\",\"contentUrl\":\"https:\/\/www.notibras.com\/site\/wp-content\/uploads\/2023\/01\/notibras23.png\",\"width\":350,\"height\":87,\"caption\":\"Grupo Notibras de Comunica\u00e7\u00e3o\"},\"image\":{\"@id\":\"https:\/\/www.notibras.com\/site\/#\/schema\/logo\/image\/\"},\"sameAs\":[\"https:\/\/www.facebook.com\/notibras\/\",\"https:\/\/x.com\/Notibras\",\"https:\/\/www.instagram.com\/notibras\/\"]},{\"@type\":\"Person\",\"@id\":\"https:\/\/www.notibras.com\/site\/#\/schema\/person\/36ab0979449956132d3e5b517ea76ac8\",\"name\":\"Reda\u00e7\u00e3o\",\"image\":{\"@type\":\"ImageObject\",\"inLanguage\":\"pt-BR\",\"@id\":\"https:\/\/secure.gravatar.com\/avatar\/e0a867bdedb85fd243eadf09663511f96fc81e0720a4a42581f334ad4303aa6b?s=96&d=mm&r=g\",\"url\":\"https:\/\/secure.gravatar.com\/avatar\/e0a867bdedb85fd243eadf09663511f96fc81e0720a4a42581f334ad4303aa6b?s=96&d=mm&r=g\",\"contentUrl\":\"https:\/\/secure.gravatar.com\/avatar\/e0a867bdedb85fd243eadf09663511f96fc81e0720a4a42581f334ad4303aa6b?s=96&d=mm&r=g\",\"caption\":\"Reda\u00e7\u00e3o\"}}]}<\/script>\n<!-- \/ Yoast SEO plugin. -->","yoast_head_json":{"title":"Gaza apela ao mundo para Israel acabar genoc\u00eddio - Notibras","robots":{"index":"index","follow":"follow","max-snippet":"max-snippet:-1","max-image-preview":"max-image-preview:large","max-video-preview":"max-video-preview:-1"},"canonical":"https:\/\/www.notibras.com\/site\/gaza-apela-ao-mundo-para-israel-acabar-genocidio\/","og_locale":"pt_BR","og_type":"article","og_title":"Gaza apela ao mundo para Israel acabar genoc\u00eddio - Notibras","og_description":"O Minist\u00e9rio das Rela\u00e7\u00f5es Exteriores da Palestina renovou seu apelo ao mundo para que pare a agress\u00e3o israelense contra a Faixa de Gaza, onde mais de 56 mil mortes foram relatadas desde o in\u00edcio da guerra em outubro de 2023. O Minist\u00e9rio das Rela\u00e7\u00f5es Exteriores e Expatriados pediu mecanismos internacionais eficazes para p\u00f4r fim \u00e0 [&hellip;]","og_url":"https:\/\/www.notibras.com\/site\/gaza-apela-ao-mundo-para-israel-acabar-genocidio\/","og_site_name":"Notibras","article_publisher":"https:\/\/www.facebook.com\/notibras\/","article_published_time":"2025-06-28T03:44:42+00:00","article_modified_time":"2025-06-28T03:46:00+00:00","og_image":[{"width":1024,"height":769,"url":"https:\/\/www.notibras.com\/site\/wp-content\/uploads\/2025\/06\/Gaza-Hambruna-Bebe-1.jpg","type":"image\/jpeg"}],"author":"Reda\u00e7\u00e3o","twitter_card":"summary_large_image","twitter_creator":"@Notibras","twitter_site":"@Notibras","twitter_misc":{"Escrito por":"Reda\u00e7\u00e3o","Est. tempo de leitura":"2 minutos"},"schema":{"@context":"https:\/\/schema.org","@graph":[{"@type":"Article","@id":"https:\/\/www.notibras.com\/site\/gaza-apela-ao-mundo-para-israel-acabar-genocidio\/#article","isPartOf":{"@id":"https:\/\/www.notibras.com\/site\/gaza-apela-ao-mundo-para-israel-acabar-genocidio\/"},"author":{"name":"Reda\u00e7\u00e3o","@id":"https:\/\/www.notibras.com\/site\/#\/schema\/person\/36ab0979449956132d3e5b517ea76ac8"},"headline":"Gaza apela ao mundo para Israel acabar genoc\u00eddio","datePublished":"2025-06-28T03:44:42+00:00","dateModified":"2025-06-28T03:46:00+00:00","mainEntityOfPage":{"@id":"https:\/\/www.notibras.com\/site\/gaza-apela-ao-mundo-para-israel-acabar-genocidio\/"},"wordCount":248,"publisher":{"@id":"https:\/\/www.notibras.com\/site\/#organization"},"image":{"@id":"https:\/\/www.notibras.com\/site\/gaza-apela-ao-mundo-para-israel-acabar-genocidio\/#primaryimage"},"thumbnailUrl":"https:\/\/www.notibras.com\/site\/wp-content\/uploads\/2025\/06\/Gaza-Hambruna-Bebe-1.jpg","articleSection":["Apocalipse"],"inLanguage":"pt-BR"},{"@type":"WebPage","@id":"https:\/\/www.notibras.com\/site\/gaza-apela-ao-mundo-para-israel-acabar-genocidio\/","url":"https:\/\/www.notibras.com\/site\/gaza-apela-ao-mundo-para-israel-acabar-genocidio\/","name":"Gaza apela ao mundo para Israel acabar genoc\u00eddio - Notibras","isPartOf":{"@id":"https:\/\/www.notibras.com\/site\/#website"},"primaryImageOfPage":{"@id":"https:\/\/www.notibras.com\/site\/gaza-apela-ao-mundo-para-israel-acabar-genocidio\/#primaryimage"},"image":{"@id":"https:\/\/www.notibras.com\/site\/gaza-apela-ao-mundo-para-israel-acabar-genocidio\/#primaryimage"},"thumbnailUrl":"https:\/\/www.notibras.com\/site\/wp-content\/uploads\/2025\/06\/Gaza-Hambruna-Bebe-1.jpg","datePublished":"2025-06-28T03:44:42+00:00","dateModified":"2025-06-28T03:46:00+00:00","breadcrumb":{"@id":"https:\/\/www.notibras.com\/site\/gaza-apela-ao-mundo-para-israel-acabar-genocidio\/#breadcrumb"},"inLanguage":"pt-BR","potentialAction":[{"@type":"ReadAction","target":["https:\/\/www.notibras.com\/site\/gaza-apela-ao-mundo-para-israel-acabar-genocidio\/"]}]},{"@type":"ImageObject","inLanguage":"pt-BR","@id":"https:\/\/www.notibras.com\/site\/gaza-apela-ao-mundo-para-israel-acabar-genocidio\/#primaryimage","url":"https:\/\/www.notibras.com\/site\/wp-content\/uploads\/2025\/06\/Gaza-Hambruna-Bebe-1.jpg","contentUrl":"https:\/\/www.notibras.com\/site\/wp-content\/uploads\/2025\/06\/Gaza-Hambruna-Bebe-1.jpg","width":1024,"height":769},{"@type":"BreadcrumbList","@id":"https:\/\/www.notibras.com\/site\/gaza-apela-ao-mundo-para-israel-acabar-genocidio\/#breadcrumb","itemListElement":[{"@type":"ListItem","position":1,"name":"In\u00edcio","item":"https:\/\/www.notibras.com\/site\/"},{"@type":"ListItem","position":2,"name":"Gaza apela ao mundo para Israel acabar genoc\u00eddio"}]},{"@type":"WebSite","@id":"https:\/\/www.notibras.com\/site\/#website","url":"https:\/\/www.notibras.com\/site\/","name":"Notibras","description":"Not\u00edcias de Bras\u00edlia, do Brasil e do Mundo","publisher":{"@id":"https:\/\/www.notibras.com\/site\/#organization"},"potentialAction":[{"@type":"SearchAction","target":{"@type":"EntryPoint","urlTemplate":"https:\/\/www.notibras.com\/site\/?s={search_term_string}"},"query-input":{"@type":"PropertyValueSpecification","valueRequired":true,"valueName":"search_term_string"}}],"inLanguage":"pt-BR"},{"@type":"Organization","@id":"https:\/\/www.notibras.com\/site\/#organization","name":"Grupo Notibras de Comunica\u00e7\u00e3o","url":"https:\/\/www.notibras.com\/site\/","logo":{"@type":"ImageObject","inLanguage":"pt-BR","@id":"https:\/\/www.notibras.com\/site\/#\/schema\/logo\/image\/","url":"https:\/\/www.notibras.com\/site\/wp-content\/uploads\/2023\/01\/notibras23.png","contentUrl":"https:\/\/www.notibras.com\/site\/wp-content\/uploads\/2023\/01\/notibras23.png","width":350,"height":87,"caption":"Grupo Notibras de Comunica\u00e7\u00e3o"},"image":{"@id":"https:\/\/www.notibras.com\/site\/#\/schema\/logo\/image\/"},"sameAs":["https:\/\/www.facebook.com\/notibras\/","https:\/\/x.com\/Notibras","https:\/\/www.instagram.com\/notibras\/"]},{"@type":"Person","@id":"https:\/\/www.notibras.com\/site\/#\/schema\/person\/36ab0979449956132d3e5b517ea76ac8","name":"Reda\u00e7\u00e3o","image":{"@type":"ImageObject","inLanguage":"pt-BR","@id":"https:\/\/secure.gravatar.com\/avatar\/e0a867bdedb85fd243eadf09663511f96fc81e0720a4a42581f334ad4303aa6b?s=96&d=mm&r=g","url":"https:\/\/secure.gravatar.com\/avatar\/e0a867bdedb85fd243eadf09663511f96fc81e0720a4a42581f334ad4303aa6b?s=96&d=mm&r=g","contentUrl":"https:\/\/secure.gravatar.com\/avatar\/e0a867bdedb85fd243eadf09663511f96fc81e0720a4a42581f334ad4303aa6b?s=96&d=mm&r=g","caption":"Reda\u00e7\u00e3o"}}]}},"amp_enabled":true,"_links":{"self":[{"href":"https:\/\/www.notibras.com\/site\/wp-json\/wp\/v2\/posts\/356741","targetHints":{"allow":["GET"]}}],"collection":[{"href":"https:\/\/www.notibras.com\/site\/wp-json\/wp\/v2\/posts"}],"about":[{"href":"https:\/\/www.notibras.com\/site\/wp-json\/wp\/v2\/types\/post"}],"author":[{"embeddable":true,"href":"https:\/\/www.notibras.com\/site\/wp-json\/wp\/v2\/users\/2"}],"replies":[{"embeddable":true,"href":"https:\/\/www.notibras.com\/site\/wp-json\/wp\/v2\/comments?post=356741"}],"version-history":[{"count":2,"href":"https:\/\/www.notibras.com\/site\/wp-json\/wp\/v2\/posts\/356741\/revisions"}],"predecessor-version":[{"id":356744,"href":"https:\/\/www.notibras.com\/site\/wp-json\/wp\/v2\/posts\/356741\/revisions\/356744"}],"wp:featuredmedia":[{"embeddable":true,"href":"https:\/\/www.notibras.com\/site\/wp-json\/wp\/v2\/media\/356742"}],"wp:attachment":[{"href":"https:\/\/www.notibras.com\/site\/wp-json\/wp\/v2\/media?parent=356741"}],"wp:term":[{"taxonomy":"category","embeddable":true,"href":"https:\/\/www.notibras.com\/site\/wp-json\/wp\/v2\/categories?post=356741"},{"taxonomy":"post_tag","embeddable":true,"href":"https:\/\/www.notibras.com\/site\/wp-json\/wp\/v2\/tags?post=356741"}],"curies":[{"name":"wp","href":"https:\/\/api.w.org\/{rel}","templated":true}]}}