{"id":356748,"date":"2025-06-28T00:03:08","date_gmt":"2025-06-28T03:03:08","guid":{"rendered":"https:\/\/www.notibras.com\/site\/?p=356748"},"modified":"2025-06-28T01:09:40","modified_gmt":"2025-06-28T04:09:40","slug":"putin-adverte-otan-que-quem-se-arma-planeja-guerra","status":"publish","type":"post","link":"https:\/\/www.notibras.com\/site\/putin-adverte-otan-que-quem-se-arma-planeja-guerra\/","title":{"rendered":"Putin adverte Otan que quem se arma, planeja guerra"},"content":{"rendered":"<p>As ideias militaristas do Ocidente s\u00e3o baseadas na falsa premissa de agress\u00e3o russa, disse o presidente Vladimir Putin, comentando nesta sexta-feira sobre os esfor\u00e7os de refor\u00e7o militar da OTAN. Quem se arma, enfatizou, quer guerra.<\/p>\n<p>&#8220;Contra o pano de fundo dessa ret\u00f3rica sobre a suposta agress\u00e3o da R\u00fassia, eles est\u00e3o come\u00e7ando a falar sobre a necessidade de se armarem. Bem, deixem que se armem, vamos analisar a estrutura desses custos, a estrutura dessas armas&#8230; Consideramos a refer\u00eancia \u00e0 &#8216;agressividade&#8217; da R\u00fassia completamente infundada. N\u00e3o somos n\u00f3s que somos agressivos, mas este chamado Ocidente coletivo \u00e9 naturalmente agressivo&#8221;, disse Putin a rep\u00f3rteres.<\/p>\n<p>Quanto \u00e0s For\u00e7as Armadas, frisou,&#8221; somos constantemente informados de que temos algum tipo de problema, que a R\u00fassia sofrer\u00e1 em breve uma derrota estrat\u00e9gica&#8230; E, ao mesmo tempo, est\u00e3o transmitindo que vamos atacar os pa\u00edses da OTAN. Onde est\u00e1 a l\u00f3gica? Se tudo est\u00e1 desmoronando, por que vamos atacar a OTAN? Bem, eles est\u00e3o falando bobagens e definitivamente n\u00e3o acreditam nisso, mas est\u00e3o tentando convencer seu povo a fim de arrancar mais dinheiro deles para que concordem em arcar com o pesado fardo dessas despesas&#8221;, afirmou Putin.<\/p>\n<p>O presidente acrescentou que o Ocidente apoiou o golpe na Ucr\u00e2nia e ent\u00e3o come\u00e7ou a falar sobre a suposta agress\u00e3o da R\u00fassia, observando que eles pr\u00f3prios s\u00e3o tolos.<\/p>\n<p>&#8220;Veremos se haver\u00e1 algum dano para n\u00f3s, com base nas realidades que se desenvolver\u00e3o, mas n\u00e3o acho que isso ter\u00e1 um impacto significativo sobre n\u00f3s&#8221;, frisou o presidente russo, comentando o mais recente pacote de restri\u00e7\u00f5es anti-R\u00fassia de Bruxelas. &#8220;Os pa\u00edses que imp\u00f5em san\u00e7\u00f5es contra a R\u00fassia est\u00e3o piorando a situa\u00e7\u00e3o para si mesmos a cada novo ataque&#8221;, acrescentou Putin.<\/p>\n<p>Comentando sobre as tentativas dos pa\u00edses ocidentais de &#8220;enterrar&#8221; a economia da R\u00fassia, Putin disse que eles &#8220;morrer\u00e3o&#8221; antes de &#8220;enterrar&#8221; a R\u00fassia.<\/p>\n","protected":false},"excerpt":{"rendered":"<p>As ideias militaristas do Ocidente s\u00e3o baseadas na falsa premissa de agress\u00e3o russa, disse o presidente Vladimir Putin, comentando nesta sexta-feira sobre os esfor\u00e7os de refor\u00e7o militar da OTAN. Quem se arma, enfatizou, quer guerra. &#8220;Contra o pano de fundo dessa ret\u00f3rica sobre a suposta agress\u00e3o da R\u00fassia, eles est\u00e3o come\u00e7ando a falar sobre a [&hellip;]<\/p>\n","protected":false},"author":2,"featured_media":356749,"comment_status":"closed","ping_status":"closed","sticky":false,"template":"","format":"standard","meta":{"_acf_changed":false,"footnotes":""},"categories":[159],"tags":[],"class_list":["post-356748","post","type-post","status-publish","format-standard","has-post-thumbnail","hentry","category-apocalipse"],"acf":[],"yoast_head":"<!-- This site is optimized with the Yoast SEO plugin v27.2 - https:\/\/yoast.com\/product\/yoast-seo-wordpress\/ -->\n<title>Putin adverte Otan que quem se arma, planeja guerra - Notibras<\/title>\n<meta name=\"robots\" content=\"index, follow, max-snippet:-1, max-image-preview:large, max-video-preview:-1\" \/>\n<link rel=\"canonical\" href=\"https:\/\/www.notibras.com\/site\/putin-adverte-otan-que-quem-se-arma-planeja-guerra\/\" \/>\n<meta property=\"og:locale\" content=\"pt_BR\" \/>\n<meta property=\"og:type\" content=\"article\" \/>\n<meta property=\"og:title\" content=\"Putin adverte Otan que quem se arma, planeja guerra - Notibras\" \/>\n<meta property=\"og:description\" content=\"As ideias militaristas do Ocidente s\u00e3o baseadas na falsa premissa de agress\u00e3o russa, disse o presidente Vladimir Putin, comentando nesta sexta-feira sobre os esfor\u00e7os de refor\u00e7o militar da OTAN. Quem se arma, enfatizou, quer guerra. &#8220;Contra o pano de fundo dessa ret\u00f3rica sobre a suposta agress\u00e3o da R\u00fassia, eles est\u00e3o come\u00e7ando a falar sobre a [&hellip;]\" \/>\n<meta property=\"og:url\" content=\"https:\/\/www.notibras.com\/site\/putin-adverte-otan-que-quem-se-arma-planeja-guerra\/\" \/>\n<meta property=\"og:site_name\" content=\"Notibras\" \/>\n<meta property=\"article:publisher\" content=\"https:\/\/www.facebook.com\/notibras\/\" \/>\n<meta property=\"article:published_time\" content=\"2025-06-28T03:03:08+00:00\" \/>\n<meta property=\"article:modified_time\" content=\"2025-06-28T04:09:40+00:00\" \/>\n<meta property=\"og:image\" content=\"https:\/\/www.notibras.com\/site\/wp-content\/uploads\/2025\/06\/1122345339_0_65_2944_1721_1920x0_80_0_0_69a8fdb804255c983706f6c338248897.jpg.webp\" \/>\n\t<meta property=\"og:image:width\" content=\"1920\" \/>\n\t<meta property=\"og:image:height\" content=\"1080\" \/>\n\t<meta property=\"og:image:type\" content=\"image\/webp\" \/>\n<meta name=\"author\" content=\"Reda\u00e7\u00e3o\" \/>\n<meta name=\"twitter:card\" content=\"summary_large_image\" \/>\n<meta name=\"twitter:creator\" content=\"@Notibras\" \/>\n<meta name=\"twitter:site\" content=\"@Notibras\" \/>\n<meta name=\"twitter:label1\" content=\"Escrito por\" \/>\n\t<meta name=\"twitter:data1\" content=\"Reda\u00e7\u00e3o\" \/>\n\t<meta name=\"twitter:label2\" content=\"Est. tempo de leitura\" \/>\n\t<meta name=\"twitter:data2\" content=\"2 minutos\" \/>\n<script type=\"application\/ld+json\" class=\"yoast-schema-graph\">{\"@context\":\"https:\/\/schema.org\",\"@graph\":[{\"@type\":\"Article\",\"@id\":\"https:\/\/www.notibras.com\/site\/putin-adverte-otan-que-quem-se-arma-planeja-guerra\/#article\",\"isPartOf\":{\"@id\":\"https:\/\/www.notibras.com\/site\/putin-adverte-otan-que-quem-se-arma-planeja-guerra\/\"},\"author\":{\"name\":\"Reda\u00e7\u00e3o\",\"@id\":\"https:\/\/www.notibras.com\/site\/#\/schema\/person\/36ab0979449956132d3e5b517ea76ac8\"},\"headline\":\"Putin adverte Otan que quem se arma, planeja guerra\",\"datePublished\":\"2025-06-28T03:03:08+00:00\",\"dateModified\":\"2025-06-28T04:09:40+00:00\",\"mainEntityOfPage\":{\"@id\":\"https:\/\/www.notibras.com\/site\/putin-adverte-otan-que-quem-se-arma-planeja-guerra\/\"},\"wordCount\":352,\"publisher\":{\"@id\":\"https:\/\/www.notibras.com\/site\/#organization\"},\"image\":{\"@id\":\"https:\/\/www.notibras.com\/site\/putin-adverte-otan-que-quem-se-arma-planeja-guerra\/#primaryimage\"},\"thumbnailUrl\":\"https:\/\/www.notibras.com\/site\/wp-content\/uploads\/2025\/06\/1122345339_0_65_2944_1721_1920x0_80_0_0_69a8fdb804255c983706f6c338248897.jpg.webp\",\"articleSection\":[\"Apocalipse\"],\"inLanguage\":\"pt-BR\"},{\"@type\":\"WebPage\",\"@id\":\"https:\/\/www.notibras.com\/site\/putin-adverte-otan-que-quem-se-arma-planeja-guerra\/\",\"url\":\"https:\/\/www.notibras.com\/site\/putin-adverte-otan-que-quem-se-arma-planeja-guerra\/\",\"name\":\"Putin adverte Otan que quem se arma, planeja guerra - Notibras\",\"isPartOf\":{\"@id\":\"https:\/\/www.notibras.com\/site\/#website\"},\"primaryImageOfPage\":{\"@id\":\"https:\/\/www.notibras.com\/site\/putin-adverte-otan-que-quem-se-arma-planeja-guerra\/#primaryimage\"},\"image\":{\"@id\":\"https:\/\/www.notibras.com\/site\/putin-adverte-otan-que-quem-se-arma-planeja-guerra\/#primaryimage\"},\"thumbnailUrl\":\"https:\/\/www.notibras.com\/site\/wp-content\/uploads\/2025\/06\/1122345339_0_65_2944_1721_1920x0_80_0_0_69a8fdb804255c983706f6c338248897.jpg.webp\",\"datePublished\":\"2025-06-28T03:03:08+00:00\",\"dateModified\":\"2025-06-28T04:09:40+00:00\",\"breadcrumb\":{\"@id\":\"https:\/\/www.notibras.com\/site\/putin-adverte-otan-que-quem-se-arma-planeja-guerra\/#breadcrumb\"},\"inLanguage\":\"pt-BR\",\"potentialAction\":[{\"@type\":\"ReadAction\",\"target\":[\"https:\/\/www.notibras.com\/site\/putin-adverte-otan-que-quem-se-arma-planeja-guerra\/\"]}]},{\"@type\":\"ImageObject\",\"inLanguage\":\"pt-BR\",\"@id\":\"https:\/\/www.notibras.com\/site\/putin-adverte-otan-que-quem-se-arma-planeja-guerra\/#primaryimage\",\"url\":\"https:\/\/www.notibras.com\/site\/wp-content\/uploads\/2025\/06\/1122345339_0_65_2944_1721_1920x0_80_0_0_69a8fdb804255c983706f6c338248897.jpg.webp\",\"contentUrl\":\"https:\/\/www.notibras.com\/site\/wp-content\/uploads\/2025\/06\/1122345339_0_65_2944_1721_1920x0_80_0_0_69a8fdb804255c983706f6c338248897.jpg.webp\",\"width\":1920,\"height\":1080},{\"@type\":\"BreadcrumbList\",\"@id\":\"https:\/\/www.notibras.com\/site\/putin-adverte-otan-que-quem-se-arma-planeja-guerra\/#breadcrumb\",\"itemListElement\":[{\"@type\":\"ListItem\",\"position\":1,\"name\":\"In\u00edcio\",\"item\":\"https:\/\/www.notibras.com\/site\/\"},{\"@type\":\"ListItem\",\"position\":2,\"name\":\"Putin adverte Otan que quem se arma, planeja guerra\"}]},{\"@type\":\"WebSite\",\"@id\":\"https:\/\/www.notibras.com\/site\/#website\",\"url\":\"https:\/\/www.notibras.com\/site\/\",\"name\":\"Notibras\",\"description\":\"Not\u00edcias de Bras\u00edlia, do Brasil e do Mundo\",\"publisher\":{\"@id\":\"https:\/\/www.notibras.com\/site\/#organization\"},\"potentialAction\":[{\"@type\":\"SearchAction\",\"target\":{\"@type\":\"EntryPoint\",\"urlTemplate\":\"https:\/\/www.notibras.com\/site\/?s={search_term_string}\"},\"query-input\":{\"@type\":\"PropertyValueSpecification\",\"valueRequired\":true,\"valueName\":\"search_term_string\"}}],\"inLanguage\":\"pt-BR\"},{\"@type\":\"Organization\",\"@id\":\"https:\/\/www.notibras.com\/site\/#organization\",\"name\":\"Grupo Notibras de Comunica\u00e7\u00e3o\",\"url\":\"https:\/\/www.notibras.com\/site\/\",\"logo\":{\"@type\":\"ImageObject\",\"inLanguage\":\"pt-BR\",\"@id\":\"https:\/\/www.notibras.com\/site\/#\/schema\/logo\/image\/\",\"url\":\"https:\/\/www.notibras.com\/site\/wp-content\/uploads\/2023\/01\/notibras23.png\",\"contentUrl\":\"https:\/\/www.notibras.com\/site\/wp-content\/uploads\/2023\/01\/notibras23.png\",\"width\":350,\"height\":87,\"caption\":\"Grupo Notibras de Comunica\u00e7\u00e3o\"},\"image\":{\"@id\":\"https:\/\/www.notibras.com\/site\/#\/schema\/logo\/image\/\"},\"sameAs\":[\"https:\/\/www.facebook.com\/notibras\/\",\"https:\/\/x.com\/Notibras\",\"https:\/\/www.instagram.com\/notibras\/\"]},{\"@type\":\"Person\",\"@id\":\"https:\/\/www.notibras.com\/site\/#\/schema\/person\/36ab0979449956132d3e5b517ea76ac8\",\"name\":\"Reda\u00e7\u00e3o\",\"image\":{\"@type\":\"ImageObject\",\"inLanguage\":\"pt-BR\",\"@id\":\"https:\/\/secure.gravatar.com\/avatar\/e0a867bdedb85fd243eadf09663511f96fc81e0720a4a42581f334ad4303aa6b?s=96&d=mm&r=g\",\"url\":\"https:\/\/secure.gravatar.com\/avatar\/e0a867bdedb85fd243eadf09663511f96fc81e0720a4a42581f334ad4303aa6b?s=96&d=mm&r=g\",\"contentUrl\":\"https:\/\/secure.gravatar.com\/avatar\/e0a867bdedb85fd243eadf09663511f96fc81e0720a4a42581f334ad4303aa6b?s=96&d=mm&r=g\",\"caption\":\"Reda\u00e7\u00e3o\"}}]}<\/script>\n<!-- \/ Yoast SEO plugin. -->","yoast_head_json":{"title":"Putin adverte Otan que quem se arma, planeja guerra - Notibras","robots":{"index":"index","follow":"follow","max-snippet":"max-snippet:-1","max-image-preview":"max-image-preview:large","max-video-preview":"max-video-preview:-1"},"canonical":"https:\/\/www.notibras.com\/site\/putin-adverte-otan-que-quem-se-arma-planeja-guerra\/","og_locale":"pt_BR","og_type":"article","og_title":"Putin adverte Otan que quem se arma, planeja guerra - Notibras","og_description":"As ideias militaristas do Ocidente s\u00e3o baseadas na falsa premissa de agress\u00e3o russa, disse o presidente Vladimir Putin, comentando nesta sexta-feira sobre os esfor\u00e7os de refor\u00e7o militar da OTAN. Quem se arma, enfatizou, quer guerra. &#8220;Contra o pano de fundo dessa ret\u00f3rica sobre a suposta agress\u00e3o da R\u00fassia, eles est\u00e3o come\u00e7ando a falar sobre a [&hellip;]","og_url":"https:\/\/www.notibras.com\/site\/putin-adverte-otan-que-quem-se-arma-planeja-guerra\/","og_site_name":"Notibras","article_publisher":"https:\/\/www.facebook.com\/notibras\/","article_published_time":"2025-06-28T03:03:08+00:00","article_modified_time":"2025-06-28T04:09:40+00:00","og_image":[{"width":1920,"height":1080,"url":"https:\/\/www.notibras.com\/site\/wp-content\/uploads\/2025\/06\/1122345339_0_65_2944_1721_1920x0_80_0_0_69a8fdb804255c983706f6c338248897.jpg.webp","type":"image\/webp"}],"author":"Reda\u00e7\u00e3o","twitter_card":"summary_large_image","twitter_creator":"@Notibras","twitter_site":"@Notibras","twitter_misc":{"Escrito por":"Reda\u00e7\u00e3o","Est. tempo de leitura":"2 minutos"},"schema":{"@context":"https:\/\/schema.org","@graph":[{"@type":"Article","@id":"https:\/\/www.notibras.com\/site\/putin-adverte-otan-que-quem-se-arma-planeja-guerra\/#article","isPartOf":{"@id":"https:\/\/www.notibras.com\/site\/putin-adverte-otan-que-quem-se-arma-planeja-guerra\/"},"author":{"name":"Reda\u00e7\u00e3o","@id":"https:\/\/www.notibras.com\/site\/#\/schema\/person\/36ab0979449956132d3e5b517ea76ac8"},"headline":"Putin adverte Otan que quem se arma, planeja guerra","datePublished":"2025-06-28T03:03:08+00:00","dateModified":"2025-06-28T04:09:40+00:00","mainEntityOfPage":{"@id":"https:\/\/www.notibras.com\/site\/putin-adverte-otan-que-quem-se-arma-planeja-guerra\/"},"wordCount":352,"publisher":{"@id":"https:\/\/www.notibras.com\/site\/#organization"},"image":{"@id":"https:\/\/www.notibras.com\/site\/putin-adverte-otan-que-quem-se-arma-planeja-guerra\/#primaryimage"},"thumbnailUrl":"https:\/\/www.notibras.com\/site\/wp-content\/uploads\/2025\/06\/1122345339_0_65_2944_1721_1920x0_80_0_0_69a8fdb804255c983706f6c338248897.jpg.webp","articleSection":["Apocalipse"],"inLanguage":"pt-BR"},{"@type":"WebPage","@id":"https:\/\/www.notibras.com\/site\/putin-adverte-otan-que-quem-se-arma-planeja-guerra\/","url":"https:\/\/www.notibras.com\/site\/putin-adverte-otan-que-quem-se-arma-planeja-guerra\/","name":"Putin adverte Otan que quem se arma, planeja guerra - Notibras","isPartOf":{"@id":"https:\/\/www.notibras.com\/site\/#website"},"primaryImageOfPage":{"@id":"https:\/\/www.notibras.com\/site\/putin-adverte-otan-que-quem-se-arma-planeja-guerra\/#primaryimage"},"image":{"@id":"https:\/\/www.notibras.com\/site\/putin-adverte-otan-que-quem-se-arma-planeja-guerra\/#primaryimage"},"thumbnailUrl":"https:\/\/www.notibras.com\/site\/wp-content\/uploads\/2025\/06\/1122345339_0_65_2944_1721_1920x0_80_0_0_69a8fdb804255c983706f6c338248897.jpg.webp","datePublished":"2025-06-28T03:03:08+00:00","dateModified":"2025-06-28T04:09:40+00:00","breadcrumb":{"@id":"https:\/\/www.notibras.com\/site\/putin-adverte-otan-que-quem-se-arma-planeja-guerra\/#breadcrumb"},"inLanguage":"pt-BR","potentialAction":[{"@type":"ReadAction","target":["https:\/\/www.notibras.com\/site\/putin-adverte-otan-que-quem-se-arma-planeja-guerra\/"]}]},{"@type":"ImageObject","inLanguage":"pt-BR","@id":"https:\/\/www.notibras.com\/site\/putin-adverte-otan-que-quem-se-arma-planeja-guerra\/#primaryimage","url":"https:\/\/www.notibras.com\/site\/wp-content\/uploads\/2025\/06\/1122345339_0_65_2944_1721_1920x0_80_0_0_69a8fdb804255c983706f6c338248897.jpg.webp","contentUrl":"https:\/\/www.notibras.com\/site\/wp-content\/uploads\/2025\/06\/1122345339_0_65_2944_1721_1920x0_80_0_0_69a8fdb804255c983706f6c338248897.jpg.webp","width":1920,"height":1080},{"@type":"BreadcrumbList","@id":"https:\/\/www.notibras.com\/site\/putin-adverte-otan-que-quem-se-arma-planeja-guerra\/#breadcrumb","itemListElement":[{"@type":"ListItem","position":1,"name":"In\u00edcio","item":"https:\/\/www.notibras.com\/site\/"},{"@type":"ListItem","position":2,"name":"Putin adverte Otan que quem se arma, planeja guerra"}]},{"@type":"WebSite","@id":"https:\/\/www.notibras.com\/site\/#website","url":"https:\/\/www.notibras.com\/site\/","name":"Notibras","description":"Not\u00edcias de Bras\u00edlia, do Brasil e do Mundo","publisher":{"@id":"https:\/\/www.notibras.com\/site\/#organization"},"potentialAction":[{"@type":"SearchAction","target":{"@type":"EntryPoint","urlTemplate":"https:\/\/www.notibras.com\/site\/?s={search_term_string}"},"query-input":{"@type":"PropertyValueSpecification","valueRequired":true,"valueName":"search_term_string"}}],"inLanguage":"pt-BR"},{"@type":"Organization","@id":"https:\/\/www.notibras.com\/site\/#organization","name":"Grupo Notibras de Comunica\u00e7\u00e3o","url":"https:\/\/www.notibras.com\/site\/","logo":{"@type":"ImageObject","inLanguage":"pt-BR","@id":"https:\/\/www.notibras.com\/site\/#\/schema\/logo\/image\/","url":"https:\/\/www.notibras.com\/site\/wp-content\/uploads\/2023\/01\/notibras23.png","contentUrl":"https:\/\/www.notibras.com\/site\/wp-content\/uploads\/2023\/01\/notibras23.png","width":350,"height":87,"caption":"Grupo Notibras de Comunica\u00e7\u00e3o"},"image":{"@id":"https:\/\/www.notibras.com\/site\/#\/schema\/logo\/image\/"},"sameAs":["https:\/\/www.facebook.com\/notibras\/","https:\/\/x.com\/Notibras","https:\/\/www.instagram.com\/notibras\/"]},{"@type":"Person","@id":"https:\/\/www.notibras.com\/site\/#\/schema\/person\/36ab0979449956132d3e5b517ea76ac8","name":"Reda\u00e7\u00e3o","image":{"@type":"ImageObject","inLanguage":"pt-BR","@id":"https:\/\/secure.gravatar.com\/avatar\/e0a867bdedb85fd243eadf09663511f96fc81e0720a4a42581f334ad4303aa6b?s=96&d=mm&r=g","url":"https:\/\/secure.gravatar.com\/avatar\/e0a867bdedb85fd243eadf09663511f96fc81e0720a4a42581f334ad4303aa6b?s=96&d=mm&r=g","contentUrl":"https:\/\/secure.gravatar.com\/avatar\/e0a867bdedb85fd243eadf09663511f96fc81e0720a4a42581f334ad4303aa6b?s=96&d=mm&r=g","caption":"Reda\u00e7\u00e3o"}}]}},"amp_enabled":true,"_links":{"self":[{"href":"https:\/\/www.notibras.com\/site\/wp-json\/wp\/v2\/posts\/356748","targetHints":{"allow":["GET"]}}],"collection":[{"href":"https:\/\/www.notibras.com\/site\/wp-json\/wp\/v2\/posts"}],"about":[{"href":"https:\/\/www.notibras.com\/site\/wp-json\/wp\/v2\/types\/post"}],"author":[{"embeddable":true,"href":"https:\/\/www.notibras.com\/site\/wp-json\/wp\/v2\/users\/2"}],"replies":[{"embeddable":true,"href":"https:\/\/www.notibras.com\/site\/wp-json\/wp\/v2\/comments?post=356748"}],"version-history":[{"count":1,"href":"https:\/\/www.notibras.com\/site\/wp-json\/wp\/v2\/posts\/356748\/revisions"}],"predecessor-version":[{"id":356750,"href":"https:\/\/www.notibras.com\/site\/wp-json\/wp\/v2\/posts\/356748\/revisions\/356750"}],"wp:featuredmedia":[{"embeddable":true,"href":"https:\/\/www.notibras.com\/site\/wp-json\/wp\/v2\/media\/356749"}],"wp:attachment":[{"href":"https:\/\/www.notibras.com\/site\/wp-json\/wp\/v2\/media?parent=356748"}],"wp:term":[{"taxonomy":"category","embeddable":true,"href":"https:\/\/www.notibras.com\/site\/wp-json\/wp\/v2\/categories?post=356748"},{"taxonomy":"post_tag","embeddable":true,"href":"https:\/\/www.notibras.com\/site\/wp-json\/wp\/v2\/tags?post=356748"}],"curies":[{"name":"wp","href":"https:\/\/api.w.org\/{rel}","templated":true}]}}