{"id":356761,"date":"2025-06-28T01:47:20","date_gmt":"2025-06-28T04:47:20","guid":{"rendered":"https:\/\/www.notibras.com\/site\/?p=356761"},"modified":"2025-06-28T01:47:20","modified_gmt":"2025-06-28T04:47:20","slug":"foco-sao-os-desafios-e-chances-no-mundo-real","status":"publish","type":"post","link":"https:\/\/www.notibras.com\/site\/foco-sao-os-desafios-e-chances-no-mundo-real\/","title":{"rendered":"Foco s\u00e3o os desafios e chances no mundo real"},"content":{"rendered":"<p>O Nordeste brasileiro sempre foi um territ\u00f3rio de contrastes \u2014 de sol escaldante e chuvas repentinas, de festas populares e lutas cotidianas. Mas nos dias de hoje, a realidade nordestina parece espelhar com mais for\u00e7a o retrato do mundo: desafiadora, dura, mas cheia de possibilidades.<\/p>\n<p>Nas ruas de barro e nas avenidas asfaltadas das grandes capitais, o povo nordestino caminha com esperan\u00e7a nos olhos, mesmo diante de tantas dificuldades. A infla\u00e7\u00e3o aperta o custo da feira, o desemprego assusta fam\u00edlias inteiras, a seca volta a castigar regi\u00f5es do sert\u00e3o, e a inseguran\u00e7a alimentar j\u00e1 amea\u00e7a mais de 13 milh\u00f5es de pessoas no semi\u00e1rido. A realidade bate \u00e0 porta de forma dura, como o sol que n\u00e3o perdoa na estiagem.<\/p>\n<p>A sa\u00fade p\u00fablica, por vezes prec\u00e1ria, enfrenta filas longas e falta de m\u00e9dicos nas cidades pequenas. A educa\u00e7\u00e3o b\u00e1sica ainda \u00e9 desigual \u2014 embora com avan\u00e7os, muitos estudantes em comunidades rurais caminham quil\u00f4metros para ter aula, e escolas lutam por estrutura. O acesso \u00e0 internet, essencial no mundo atual, ainda \u00e9 limitado em diversas zonas rurais, o que aumenta a exclus\u00e3o digital.<\/p>\n<p>Mas por tr\u00e1s de cada problema, tamb\u00e9m se esconde uma semente de oportunidade \u2014 como se o solo \u00e1rido soubesse florescer quando menos se espera.<\/p>\n<p>A juventude do Nordeste se reinventa. Se antes o destino era migrar para outras regi\u00f5es em busca de trabalho, hoje muitos jovens ficam, investem em educa\u00e7\u00e3o, tecnologia, agricultura sustent\u00e1vel e at\u00e9 no empreendedorismo digital. Projetos de startups surgem at\u00e9 nos interiores, com jovens desenvolvendo aplicativos, lojas virtuais e canais de comunica\u00e7\u00e3o que valorizam suas ra\u00edzes.<\/p>\n<p>Na zona rural, agricultores familiares enfrentam os desafios do clima com sabedoria ancestral e inova\u00e7\u00e3o. Muitos j\u00e1 adotam t\u00e9cnicas agroecol\u00f3gicas, cisternas de capta\u00e7\u00e3o de \u00e1gua da chuva e cooperativas para fortalecer sua renda. J\u00e1 nas cidades, surgem neg\u00f3cios criativos que valorizam a cultura local: a comida de raiz, o artesanato, a m\u00fasica popular sendo divulgada pelas redes sociais.<\/p>\n<p>A realidade do Nordeste, embora marcada por desigualdades hist\u00f3ricas, \u00e9 tamb\u00e9m lugar de for\u00e7a. Porque aqui, mesmo quando tudo falta, sobra coragem. Mesmo quando o mundo parece duro demais, h\u00e1 um batuque no cora\u00e7\u00e3o nordestino que continua firme, chamando a vida pra dan\u00e7ar. Entre desafios e oportunidades, o Nordeste segue em foco \u2014 e em movimento.<\/p>\n","protected":false},"excerpt":{"rendered":"<p>O Nordeste brasileiro sempre foi um territ\u00f3rio de contrastes \u2014 de sol escaldante e chuvas repentinas, de festas populares e lutas cotidianas. Mas nos dias de hoje, a realidade nordestina parece espelhar com mais for\u00e7a o retrato do mundo: desafiadora, dura, mas cheia de possibilidades. Nas ruas de barro e nas avenidas asfaltadas das grandes [&hellip;]<\/p>\n","protected":false},"author":2,"featured_media":356762,"comment_status":"closed","ping_status":"closed","sticky":false,"template":"","format":"standard","meta":{"_acf_changed":false,"footnotes":""},"categories":[165],"tags":[],"class_list":["post-356761","post","type-post","status-publish","format-standard","has-post-thumbnail","hentry","category-nordeste"],"acf":[],"_links":{"self":[{"href":"https:\/\/www.notibras.com\/site\/wp-json\/wp\/v2\/posts\/356761","targetHints":{"allow":["GET"]}}],"collection":[{"href":"https:\/\/www.notibras.com\/site\/wp-json\/wp\/v2\/posts"}],"about":[{"href":"https:\/\/www.notibras.com\/site\/wp-json\/wp\/v2\/types\/post"}],"author":[{"embeddable":true,"href":"https:\/\/www.notibras.com\/site\/wp-json\/wp\/v2\/users\/2"}],"replies":[{"embeddable":true,"href":"https:\/\/www.notibras.com\/site\/wp-json\/wp\/v2\/comments?post=356761"}],"version-history":[{"count":1,"href":"https:\/\/www.notibras.com\/site\/wp-json\/wp\/v2\/posts\/356761\/revisions"}],"predecessor-version":[{"id":356763,"href":"https:\/\/www.notibras.com\/site\/wp-json\/wp\/v2\/posts\/356761\/revisions\/356763"}],"wp:featuredmedia":[{"embeddable":true,"href":"https:\/\/www.notibras.com\/site\/wp-json\/wp\/v2\/media\/356762"}],"wp:attachment":[{"href":"https:\/\/www.notibras.com\/site\/wp-json\/wp\/v2\/media?parent=356761"}],"wp:term":[{"taxonomy":"category","embeddable":true,"href":"https:\/\/www.notibras.com\/site\/wp-json\/wp\/v2\/categories?post=356761"},{"taxonomy":"post_tag","embeddable":true,"href":"https:\/\/www.notibras.com\/site\/wp-json\/wp\/v2\/tags?post=356761"}],"curies":[{"name":"wp","href":"https:\/\/api.w.org\/{rel}","templated":true}]}}