{"id":356860,"date":"2025-06-29T02:04:37","date_gmt":"2025-06-29T05:04:37","guid":{"rendered":"https:\/\/www.notibras.com\/site\/?p=356860"},"modified":"2025-06-29T02:06:39","modified_gmt":"2025-06-29T05:06:39","slug":"um-pedaco-do-nordeste-que-acolhe-quem-da-as-caras","status":"publish","type":"post","link":"https:\/\/www.notibras.com\/site\/um-pedaco-do-nordeste-que-acolhe-quem-da-as-caras\/","title":{"rendered":"Um peda\u00e7o do Nordeste que acolhe quem d\u00e1 as caras"},"content":{"rendered":"<p>Estive no meio da semana que finda em um peda\u00e7o de ch\u00e3o nordestino onde o sol n\u00e3o castiga, aquece. Onde o mar n\u00e3o separa, acolhe. Onde o sert\u00e3o, em vez de expulsar, convida. Esse ch\u00e3o tem nome bonito, sonoro como cordel recitado na feira e atende pelo nome de Para\u00edba.<\/p>\n<p>Enquanto tantos viram as costas, erguem muros e fiscalizam sotaques, a Para\u00edba abriu janelas. N\u00e3o janelas de concreto e vidro fum\u00ea, mas janelas de alma. E por essas janelas t\u00eam entrado brasileiros de toda parte \u2014 do Sul, do Sudeste, do Centro-Oeste, e at\u00e9 de mais longe \u2014 n\u00e3o em fuga, mas em busca: de vida segura, de ar mais limpo, de vizinhos que d\u00e3o bom-dia com sorriso, de cidade onde crian\u00e7a brinca na pra\u00e7a sem medo.<\/p>\n<p>A Para\u00edba n\u00e3o s\u00f3 acolhe, como ensina. Mostra que desenvolvimento n\u00e3o precisa de arrog\u00e2ncia. Que progresso combina com simplicidade. Que um povo feliz \u00e9 o maior capital social de um Estado. E com isso, vem colhendo frutos: mais empresas se instalam, mais fam\u00edlias prosperam, mais obras se erguem com dinheiro p\u00fablico e tamb\u00e9m com a coragem de quem aposta na mudan\u00e7a.<\/p>\n<p>\u00c9 curioso como, neste Brasil que tantas vezes parece andar \u00e0s cegas, seja justamente a Para\u00edba \u2014 esquecida nos palanques de Bras\u00edlia e mal mencionada nos jornais do Sul \u2014 quem d\u00e1 o exemplo mais claro de como crescer sem deixar ningu\u00e9m para tr\u00e1s. L\u00e1, a m\u00e3o que trabalha \u00e9 a mesma que acolhe. L\u00e1, o forasteiro vira vizinho, e o vizinho vira irm\u00e3o.<\/p>\n<p>Talvez seja o tempo, talvez seja a terra. Talvez seja o esp\u00edrito de Jackson do Pandeiro ou a sabedoria do velho Ariano Suassuna que ainda sussurra nos ouvidos de quem manda e de quem obedece. O fato \u00e9 que a Para\u00edba tem feito o que tantos prometeram e poucos cumpriram: tornar o Nordeste um lugar n\u00e3o s\u00f3 para se nascer, mas tamb\u00e9m para se reinventar.<\/p>\n<p>At\u00e9 porque, como dizem os paraibanos, quem pisa na Para\u00edba com o cora\u00e7\u00e3o aberto, n\u00e3o encontra apenas calor \u2014 encontra futuro.<\/p>\n<p>&#8230;&#8230;&#8230;&#8230;&#8230;&#8230;&#8230;&#8230;&#8230;&#8230;..<\/p>\n<p><strong>Jos\u00e9 Seabra \u00e9 diretor da sucursal Regional Nordeste de Notibras<\/strong><\/p>\n","protected":false},"excerpt":{"rendered":"<p>Estive no meio da semana que finda em um peda\u00e7o de ch\u00e3o nordestino onde o sol n\u00e3o castiga, aquece. Onde o mar n\u00e3o separa, acolhe. Onde o sert\u00e3o, em vez de expulsar, convida. Esse ch\u00e3o tem nome bonito, sonoro como cordel recitado na feira e atende pelo nome de Para\u00edba. Enquanto tantos viram as costas, [&hellip;]<\/p>\n","protected":false},"author":2,"featured_media":356861,"comment_status":"closed","ping_status":"closed","sticky":false,"template":"","format":"standard","meta":{"_acf_changed":false,"footnotes":""},"categories":[165],"tags":[],"class_list":["post-356860","post","type-post","status-publish","format-standard","has-post-thumbnail","hentry","category-nordeste"],"acf":[],"_links":{"self":[{"href":"https:\/\/www.notibras.com\/site\/wp-json\/wp\/v2\/posts\/356860","targetHints":{"allow":["GET"]}}],"collection":[{"href":"https:\/\/www.notibras.com\/site\/wp-json\/wp\/v2\/posts"}],"about":[{"href":"https:\/\/www.notibras.com\/site\/wp-json\/wp\/v2\/types\/post"}],"author":[{"embeddable":true,"href":"https:\/\/www.notibras.com\/site\/wp-json\/wp\/v2\/users\/2"}],"replies":[{"embeddable":true,"href":"https:\/\/www.notibras.com\/site\/wp-json\/wp\/v2\/comments?post=356860"}],"version-history":[{"count":3,"href":"https:\/\/www.notibras.com\/site\/wp-json\/wp\/v2\/posts\/356860\/revisions"}],"predecessor-version":[{"id":356864,"href":"https:\/\/www.notibras.com\/site\/wp-json\/wp\/v2\/posts\/356860\/revisions\/356864"}],"wp:featuredmedia":[{"embeddable":true,"href":"https:\/\/www.notibras.com\/site\/wp-json\/wp\/v2\/media\/356861"}],"wp:attachment":[{"href":"https:\/\/www.notibras.com\/site\/wp-json\/wp\/v2\/media?parent=356860"}],"wp:term":[{"taxonomy":"category","embeddable":true,"href":"https:\/\/www.notibras.com\/site\/wp-json\/wp\/v2\/categories?post=356860"},{"taxonomy":"post_tag","embeddable":true,"href":"https:\/\/www.notibras.com\/site\/wp-json\/wp\/v2\/tags?post=356860"}],"curies":[{"name":"wp","href":"https:\/\/api.w.org\/{rel}","templated":true}]}}