{"id":356868,"date":"2025-06-29T02:24:20","date_gmt":"2025-06-29T05:24:20","guid":{"rendered":"https:\/\/www.notibras.com\/site\/?p=356868"},"modified":"2025-06-29T02:24:20","modified_gmt":"2025-06-29T05:24:20","slug":"trump-se-mete-na-justica-de-israel-e-manda-parar-acao-contra-o-amigo-nethanyahu","status":"publish","type":"post","link":"https:\/\/www.notibras.com\/site\/trump-se-mete-na-justica-de-israel-e-manda-parar-acao-contra-o-amigo-nethanyahu\/","title":{"rendered":"Trump se mete na Justi\u00e7a de Israel e manda parar a\u00e7\u00e3o contra o amigo Nethanyahu"},"content":{"rendered":"<p>O presidente dos EUA, Donald Trump, pediu o fim do processo contra o primeiro-ministro israelense Benjamin Netanyahu em Israel, dizendo que este se tornou v\u00edtima de uma &#8220;ca\u00e7a \u00e0s bruxas&#8221;.<\/p>\n<p>&#8220;\u00c9 terr\u00edvel o que est\u00e3o fazendo em Israel com Bibi Netanyahu&#8221;, disse Trump no Truth Social. &#8220;\u00c9 uma CA\u00c7A \u00c0S BRUXAS POL\u00cdTICA, muito semelhante \u00e0 Ca\u00e7a \u00e0s Bruxas que fui for\u00e7ado a suportar.&#8221;<\/p>\n<p>Segundo Trump, Netanyahu est\u00e1 atualmente em processo de negocia\u00e7\u00e3o de um acordo com o movimento palestino Hamas, que incluir\u00e1 a liberta\u00e7\u00e3o de ref\u00e9ns.<\/p>\n<p>&#8220;\u00c9 uma LOUCURA fazer o que os promotores descontrolados est\u00e3o fazendo com Bibi Netanyahu. Os Estados Unidos gastam bilh\u00f5es de d\u00f3lares por ano, muito mais do que qualquer outra na\u00e7\u00e3o, protegendo e apoiando Israel. N\u00e3o vamos tolerar isso&#8221;, disse Trump, acrescentando: &#8220;DEIXEM Bibi ir&#8221;.<\/p>\n<p>Na quinta-feira, Netanyahu solicitou ao tribunal um adiamento de duas semanas para prestar depoimento no julgamento contra ele, citando a situa\u00e7\u00e3o atual na regi\u00e3o e a necessidade de dedicar todo o seu tempo \u00e0 resolu\u00e7\u00e3o de problemas atuais, incluindo a gest\u00e3o da guerra em Gaza e a liberta\u00e7\u00e3o de ref\u00e9ns. O tribunal rejeitou o pedido, alegando que n\u00e3o havia fundamento ou argumentos para tal decis\u00e3o.<\/p>\n<p>Em dezembro de 2024, o Tribunal Distrital de Tel Aviv iniciou as audi\u00eancias dos processos de longa data contra o primeiro-ministro israelense. De acordo com a ordem judicial, Netanyahu deve depor tr\u00eas vezes por semana, mas esse cronograma tem sido violado repetidamente por diversos motivos.<\/p>\n<p>Netanyahu enfrenta diversas investiga\u00e7\u00f5es criminais. As acusa\u00e7\u00f5es mais graves de suborno s\u00e3o apresentadas no chamado &#8220;Caso 4000&#8221;, referente a lobby para o maior grupo de telecomunica\u00e7\u00f5es do pa\u00eds, a Bezeq, em troca de uma atitude positiva em rela\u00e7\u00e3o a Netanyahu no popular site de not\u00edcias Walla, controlado pela empresa.<\/p>\n<p>Acusa\u00e7\u00f5es de fraude e abuso de confian\u00e7a p\u00fablica foram movidas contra Netanyahu nos Casos 2000 e 1000. O &#8220;Caso 1000&#8221; diz respeito \u00e0s suspeitas de que Netanyahu recebeu presentes caros \u2014 charutos e champanhe exclusivos \u2014 do produtor de Hollywood Arnon Milchan, cujo valor total a investiga\u00e7\u00e3o estimou em quase US$ 300.000. Os investigadores acreditam que, em troca dos presentes, Netanyahu fez lobby em prol dos interesses pessoais e comerciais do oligarca.<\/p>\n<p>O Caso 2000 trata das tentativas do primeiro-ministro de negociar com o propriet\u00e1rio de um dos maiores grupos de m\u00eddia do pa\u00eds, o Yedioth Ahronoth, para que lhe concedesse cobertura favor\u00e1vel em troca de uma lei que restringiria as atividades de seu concorrente, o jornal gratuito Israel Hayom. Netanyahu j\u00e1 havia afirmado que o objetivo das acusa\u00e7\u00f5es era destitu\u00ed-lo do cargo de primeiro-ministro.<\/p>\n","protected":false},"excerpt":{"rendered":"<p>O presidente dos EUA, Donald Trump, pediu o fim do processo contra o primeiro-ministro israelense Benjamin Netanyahu em Israel, dizendo que este se tornou v\u00edtima de uma &#8220;ca\u00e7a \u00e0s bruxas&#8221;. &#8220;\u00c9 terr\u00edvel o que est\u00e3o fazendo em Israel com Bibi Netanyahu&#8221;, disse Trump no Truth Social. &#8220;\u00c9 uma CA\u00c7A \u00c0S BRUXAS POL\u00cdTICA, muito semelhante \u00e0 [&hellip;]<\/p>\n","protected":false},"author":2,"featured_media":356869,"comment_status":"closed","ping_status":"closed","sticky":false,"template":"","format":"standard","meta":{"_acf_changed":false,"footnotes":""},"categories":[159],"tags":[],"class_list":["post-356868","post","type-post","status-publish","format-standard","has-post-thumbnail","hentry","category-apocalipse"],"acf":[],"yoast_head":"<!-- This site is optimized with the Yoast SEO plugin v27.2 - https:\/\/yoast.com\/product\/yoast-seo-wordpress\/ -->\n<title>Trump se mete na Justi\u00e7a de Israel e manda parar a\u00e7\u00e3o contra o amigo Nethanyahu - Notibras<\/title>\n<meta name=\"robots\" content=\"index, follow, max-snippet:-1, max-image-preview:large, max-video-preview:-1\" \/>\n<link rel=\"canonical\" href=\"https:\/\/www.notibras.com\/site\/trump-se-mete-na-justica-de-israel-e-manda-parar-acao-contra-o-amigo-nethanyahu\/\" \/>\n<meta property=\"og:locale\" content=\"pt_BR\" \/>\n<meta property=\"og:type\" content=\"article\" \/>\n<meta property=\"og:title\" content=\"Trump se mete na Justi\u00e7a de Israel e manda parar a\u00e7\u00e3o contra o amigo Nethanyahu - Notibras\" \/>\n<meta property=\"og:description\" content=\"O presidente dos EUA, Donald Trump, pediu o fim do processo contra o primeiro-ministro israelense Benjamin Netanyahu em Israel, dizendo que este se tornou v\u00edtima de uma &#8220;ca\u00e7a \u00e0s bruxas&#8221;. &#8220;\u00c9 terr\u00edvel o que est\u00e3o fazendo em Israel com Bibi Netanyahu&#8221;, disse Trump no Truth Social. &#8220;\u00c9 uma CA\u00c7A \u00c0S BRUXAS POL\u00cdTICA, muito semelhante \u00e0 [&hellip;]\" \/>\n<meta property=\"og:url\" content=\"https:\/\/www.notibras.com\/site\/trump-se-mete-na-justica-de-israel-e-manda-parar-acao-contra-o-amigo-nethanyahu\/\" \/>\n<meta property=\"og:site_name\" content=\"Notibras\" \/>\n<meta property=\"article:publisher\" content=\"https:\/\/www.facebook.com\/notibras\/\" \/>\n<meta property=\"article:published_time\" content=\"2025-06-29T05:24:20+00:00\" \/>\n<meta property=\"og:image\" content=\"https:\/\/www.notibras.com\/site\/wp-content\/uploads\/2025\/06\/1119456419_0_0_2505_1409_1920x0_80_0_0_d24f76cfd7da89c2c75825c2d383b94a.jpg.webp\" \/>\n\t<meta property=\"og:image:width\" content=\"1920\" \/>\n\t<meta property=\"og:image:height\" content=\"1080\" \/>\n\t<meta property=\"og:image:type\" content=\"image\/webp\" \/>\n<meta name=\"author\" content=\"Reda\u00e7\u00e3o\" \/>\n<meta name=\"twitter:card\" content=\"summary_large_image\" \/>\n<meta name=\"twitter:creator\" content=\"@Notibras\" \/>\n<meta name=\"twitter:site\" content=\"@Notibras\" \/>\n<meta name=\"twitter:label1\" content=\"Escrito por\" \/>\n\t<meta name=\"twitter:data1\" content=\"Reda\u00e7\u00e3o\" \/>\n\t<meta name=\"twitter:label2\" content=\"Est. tempo de leitura\" \/>\n\t<meta name=\"twitter:data2\" content=\"3 minutos\" \/>\n<script type=\"application\/ld+json\" class=\"yoast-schema-graph\">{\"@context\":\"https:\/\/schema.org\",\"@graph\":[{\"@type\":\"Article\",\"@id\":\"https:\/\/www.notibras.com\/site\/trump-se-mete-na-justica-de-israel-e-manda-parar-acao-contra-o-amigo-nethanyahu\/#article\",\"isPartOf\":{\"@id\":\"https:\/\/www.notibras.com\/site\/trump-se-mete-na-justica-de-israel-e-manda-parar-acao-contra-o-amigo-nethanyahu\/\"},\"author\":{\"name\":\"Reda\u00e7\u00e3o\",\"@id\":\"https:\/\/www.notibras.com\/site\/#\/schema\/person\/36ab0979449956132d3e5b517ea76ac8\"},\"headline\":\"Trump se mete na Justi\u00e7a de Israel e manda parar a\u00e7\u00e3o contra o amigo Nethanyahu\",\"datePublished\":\"2025-06-29T05:24:20+00:00\",\"mainEntityOfPage\":{\"@id\":\"https:\/\/www.notibras.com\/site\/trump-se-mete-na-justica-de-israel-e-manda-parar-acao-contra-o-amigo-nethanyahu\/\"},\"wordCount\":470,\"publisher\":{\"@id\":\"https:\/\/www.notibras.com\/site\/#organization\"},\"image\":{\"@id\":\"https:\/\/www.notibras.com\/site\/trump-se-mete-na-justica-de-israel-e-manda-parar-acao-contra-o-amigo-nethanyahu\/#primaryimage\"},\"thumbnailUrl\":\"https:\/\/www.notibras.com\/site\/wp-content\/uploads\/2025\/06\/1119456419_0_0_2505_1409_1920x0_80_0_0_d24f76cfd7da89c2c75825c2d383b94a.jpg.webp\",\"articleSection\":[\"Apocalipse\"],\"inLanguage\":\"pt-BR\"},{\"@type\":\"WebPage\",\"@id\":\"https:\/\/www.notibras.com\/site\/trump-se-mete-na-justica-de-israel-e-manda-parar-acao-contra-o-amigo-nethanyahu\/\",\"url\":\"https:\/\/www.notibras.com\/site\/trump-se-mete-na-justica-de-israel-e-manda-parar-acao-contra-o-amigo-nethanyahu\/\",\"name\":\"Trump se mete na Justi\u00e7a de Israel e manda parar a\u00e7\u00e3o contra o amigo Nethanyahu - Notibras\",\"isPartOf\":{\"@id\":\"https:\/\/www.notibras.com\/site\/#website\"},\"primaryImageOfPage\":{\"@id\":\"https:\/\/www.notibras.com\/site\/trump-se-mete-na-justica-de-israel-e-manda-parar-acao-contra-o-amigo-nethanyahu\/#primaryimage\"},\"image\":{\"@id\":\"https:\/\/www.notibras.com\/site\/trump-se-mete-na-justica-de-israel-e-manda-parar-acao-contra-o-amigo-nethanyahu\/#primaryimage\"},\"thumbnailUrl\":\"https:\/\/www.notibras.com\/site\/wp-content\/uploads\/2025\/06\/1119456419_0_0_2505_1409_1920x0_80_0_0_d24f76cfd7da89c2c75825c2d383b94a.jpg.webp\",\"datePublished\":\"2025-06-29T05:24:20+00:00\",\"breadcrumb\":{\"@id\":\"https:\/\/www.notibras.com\/site\/trump-se-mete-na-justica-de-israel-e-manda-parar-acao-contra-o-amigo-nethanyahu\/#breadcrumb\"},\"inLanguage\":\"pt-BR\",\"potentialAction\":[{\"@type\":\"ReadAction\",\"target\":[\"https:\/\/www.notibras.com\/site\/trump-se-mete-na-justica-de-israel-e-manda-parar-acao-contra-o-amigo-nethanyahu\/\"]}]},{\"@type\":\"ImageObject\",\"inLanguage\":\"pt-BR\",\"@id\":\"https:\/\/www.notibras.com\/site\/trump-se-mete-na-justica-de-israel-e-manda-parar-acao-contra-o-amigo-nethanyahu\/#primaryimage\",\"url\":\"https:\/\/www.notibras.com\/site\/wp-content\/uploads\/2025\/06\/1119456419_0_0_2505_1409_1920x0_80_0_0_d24f76cfd7da89c2c75825c2d383b94a.jpg.webp\",\"contentUrl\":\"https:\/\/www.notibras.com\/site\/wp-content\/uploads\/2025\/06\/1119456419_0_0_2505_1409_1920x0_80_0_0_d24f76cfd7da89c2c75825c2d383b94a.jpg.webp\",\"width\":1920,\"height\":1080},{\"@type\":\"BreadcrumbList\",\"@id\":\"https:\/\/www.notibras.com\/site\/trump-se-mete-na-justica-de-israel-e-manda-parar-acao-contra-o-amigo-nethanyahu\/#breadcrumb\",\"itemListElement\":[{\"@type\":\"ListItem\",\"position\":1,\"name\":\"In\u00edcio\",\"item\":\"https:\/\/www.notibras.com\/site\/\"},{\"@type\":\"ListItem\",\"position\":2,\"name\":\"Trump se mete na Justi\u00e7a de Israel e manda parar a\u00e7\u00e3o contra o amigo Nethanyahu\"}]},{\"@type\":\"WebSite\",\"@id\":\"https:\/\/www.notibras.com\/site\/#website\",\"url\":\"https:\/\/www.notibras.com\/site\/\",\"name\":\"Notibras\",\"description\":\"Not\u00edcias de Bras\u00edlia, do Brasil e do Mundo\",\"publisher\":{\"@id\":\"https:\/\/www.notibras.com\/site\/#organization\"},\"potentialAction\":[{\"@type\":\"SearchAction\",\"target\":{\"@type\":\"EntryPoint\",\"urlTemplate\":\"https:\/\/www.notibras.com\/site\/?s={search_term_string}\"},\"query-input\":{\"@type\":\"PropertyValueSpecification\",\"valueRequired\":true,\"valueName\":\"search_term_string\"}}],\"inLanguage\":\"pt-BR\"},{\"@type\":\"Organization\",\"@id\":\"https:\/\/www.notibras.com\/site\/#organization\",\"name\":\"Grupo Notibras de Comunica\u00e7\u00e3o\",\"url\":\"https:\/\/www.notibras.com\/site\/\",\"logo\":{\"@type\":\"ImageObject\",\"inLanguage\":\"pt-BR\",\"@id\":\"https:\/\/www.notibras.com\/site\/#\/schema\/logo\/image\/\",\"url\":\"https:\/\/www.notibras.com\/site\/wp-content\/uploads\/2023\/01\/notibras23.png\",\"contentUrl\":\"https:\/\/www.notibras.com\/site\/wp-content\/uploads\/2023\/01\/notibras23.png\",\"width\":350,\"height\":87,\"caption\":\"Grupo Notibras de Comunica\u00e7\u00e3o\"},\"image\":{\"@id\":\"https:\/\/www.notibras.com\/site\/#\/schema\/logo\/image\/\"},\"sameAs\":[\"https:\/\/www.facebook.com\/notibras\/\",\"https:\/\/x.com\/Notibras\",\"https:\/\/www.instagram.com\/notibras\/\"]},{\"@type\":\"Person\",\"@id\":\"https:\/\/www.notibras.com\/site\/#\/schema\/person\/36ab0979449956132d3e5b517ea76ac8\",\"name\":\"Reda\u00e7\u00e3o\",\"image\":{\"@type\":\"ImageObject\",\"inLanguage\":\"pt-BR\",\"@id\":\"https:\/\/secure.gravatar.com\/avatar\/e0a867bdedb85fd243eadf09663511f96fc81e0720a4a42581f334ad4303aa6b?s=96&d=mm&r=g\",\"url\":\"https:\/\/secure.gravatar.com\/avatar\/e0a867bdedb85fd243eadf09663511f96fc81e0720a4a42581f334ad4303aa6b?s=96&d=mm&r=g\",\"contentUrl\":\"https:\/\/secure.gravatar.com\/avatar\/e0a867bdedb85fd243eadf09663511f96fc81e0720a4a42581f334ad4303aa6b?s=96&d=mm&r=g\",\"caption\":\"Reda\u00e7\u00e3o\"}}]}<\/script>\n<!-- \/ Yoast SEO plugin. -->","yoast_head_json":{"title":"Trump se mete na Justi\u00e7a de Israel e manda parar a\u00e7\u00e3o contra o amigo Nethanyahu - Notibras","robots":{"index":"index","follow":"follow","max-snippet":"max-snippet:-1","max-image-preview":"max-image-preview:large","max-video-preview":"max-video-preview:-1"},"canonical":"https:\/\/www.notibras.com\/site\/trump-se-mete-na-justica-de-israel-e-manda-parar-acao-contra-o-amigo-nethanyahu\/","og_locale":"pt_BR","og_type":"article","og_title":"Trump se mete na Justi\u00e7a de Israel e manda parar a\u00e7\u00e3o contra o amigo Nethanyahu - Notibras","og_description":"O presidente dos EUA, Donald Trump, pediu o fim do processo contra o primeiro-ministro israelense Benjamin Netanyahu em Israel, dizendo que este se tornou v\u00edtima de uma &#8220;ca\u00e7a \u00e0s bruxas&#8221;. &#8220;\u00c9 terr\u00edvel o que est\u00e3o fazendo em Israel com Bibi Netanyahu&#8221;, disse Trump no Truth Social. &#8220;\u00c9 uma CA\u00c7A \u00c0S BRUXAS POL\u00cdTICA, muito semelhante \u00e0 [&hellip;]","og_url":"https:\/\/www.notibras.com\/site\/trump-se-mete-na-justica-de-israel-e-manda-parar-acao-contra-o-amigo-nethanyahu\/","og_site_name":"Notibras","article_publisher":"https:\/\/www.facebook.com\/notibras\/","article_published_time":"2025-06-29T05:24:20+00:00","og_image":[{"width":1920,"height":1080,"url":"https:\/\/www.notibras.com\/site\/wp-content\/uploads\/2025\/06\/1119456419_0_0_2505_1409_1920x0_80_0_0_d24f76cfd7da89c2c75825c2d383b94a.jpg.webp","type":"image\/webp"}],"author":"Reda\u00e7\u00e3o","twitter_card":"summary_large_image","twitter_creator":"@Notibras","twitter_site":"@Notibras","twitter_misc":{"Escrito por":"Reda\u00e7\u00e3o","Est. tempo de leitura":"3 minutos"},"schema":{"@context":"https:\/\/schema.org","@graph":[{"@type":"Article","@id":"https:\/\/www.notibras.com\/site\/trump-se-mete-na-justica-de-israel-e-manda-parar-acao-contra-o-amigo-nethanyahu\/#article","isPartOf":{"@id":"https:\/\/www.notibras.com\/site\/trump-se-mete-na-justica-de-israel-e-manda-parar-acao-contra-o-amigo-nethanyahu\/"},"author":{"name":"Reda\u00e7\u00e3o","@id":"https:\/\/www.notibras.com\/site\/#\/schema\/person\/36ab0979449956132d3e5b517ea76ac8"},"headline":"Trump se mete na Justi\u00e7a de Israel e manda parar a\u00e7\u00e3o contra o amigo Nethanyahu","datePublished":"2025-06-29T05:24:20+00:00","mainEntityOfPage":{"@id":"https:\/\/www.notibras.com\/site\/trump-se-mete-na-justica-de-israel-e-manda-parar-acao-contra-o-amigo-nethanyahu\/"},"wordCount":470,"publisher":{"@id":"https:\/\/www.notibras.com\/site\/#organization"},"image":{"@id":"https:\/\/www.notibras.com\/site\/trump-se-mete-na-justica-de-israel-e-manda-parar-acao-contra-o-amigo-nethanyahu\/#primaryimage"},"thumbnailUrl":"https:\/\/www.notibras.com\/site\/wp-content\/uploads\/2025\/06\/1119456419_0_0_2505_1409_1920x0_80_0_0_d24f76cfd7da89c2c75825c2d383b94a.jpg.webp","articleSection":["Apocalipse"],"inLanguage":"pt-BR"},{"@type":"WebPage","@id":"https:\/\/www.notibras.com\/site\/trump-se-mete-na-justica-de-israel-e-manda-parar-acao-contra-o-amigo-nethanyahu\/","url":"https:\/\/www.notibras.com\/site\/trump-se-mete-na-justica-de-israel-e-manda-parar-acao-contra-o-amigo-nethanyahu\/","name":"Trump se mete na Justi\u00e7a de Israel e manda parar a\u00e7\u00e3o contra o amigo Nethanyahu - Notibras","isPartOf":{"@id":"https:\/\/www.notibras.com\/site\/#website"},"primaryImageOfPage":{"@id":"https:\/\/www.notibras.com\/site\/trump-se-mete-na-justica-de-israel-e-manda-parar-acao-contra-o-amigo-nethanyahu\/#primaryimage"},"image":{"@id":"https:\/\/www.notibras.com\/site\/trump-se-mete-na-justica-de-israel-e-manda-parar-acao-contra-o-amigo-nethanyahu\/#primaryimage"},"thumbnailUrl":"https:\/\/www.notibras.com\/site\/wp-content\/uploads\/2025\/06\/1119456419_0_0_2505_1409_1920x0_80_0_0_d24f76cfd7da89c2c75825c2d383b94a.jpg.webp","datePublished":"2025-06-29T05:24:20+00:00","breadcrumb":{"@id":"https:\/\/www.notibras.com\/site\/trump-se-mete-na-justica-de-israel-e-manda-parar-acao-contra-o-amigo-nethanyahu\/#breadcrumb"},"inLanguage":"pt-BR","potentialAction":[{"@type":"ReadAction","target":["https:\/\/www.notibras.com\/site\/trump-se-mete-na-justica-de-israel-e-manda-parar-acao-contra-o-amigo-nethanyahu\/"]}]},{"@type":"ImageObject","inLanguage":"pt-BR","@id":"https:\/\/www.notibras.com\/site\/trump-se-mete-na-justica-de-israel-e-manda-parar-acao-contra-o-amigo-nethanyahu\/#primaryimage","url":"https:\/\/www.notibras.com\/site\/wp-content\/uploads\/2025\/06\/1119456419_0_0_2505_1409_1920x0_80_0_0_d24f76cfd7da89c2c75825c2d383b94a.jpg.webp","contentUrl":"https:\/\/www.notibras.com\/site\/wp-content\/uploads\/2025\/06\/1119456419_0_0_2505_1409_1920x0_80_0_0_d24f76cfd7da89c2c75825c2d383b94a.jpg.webp","width":1920,"height":1080},{"@type":"BreadcrumbList","@id":"https:\/\/www.notibras.com\/site\/trump-se-mete-na-justica-de-israel-e-manda-parar-acao-contra-o-amigo-nethanyahu\/#breadcrumb","itemListElement":[{"@type":"ListItem","position":1,"name":"In\u00edcio","item":"https:\/\/www.notibras.com\/site\/"},{"@type":"ListItem","position":2,"name":"Trump se mete na Justi\u00e7a de Israel e manda parar a\u00e7\u00e3o contra o amigo Nethanyahu"}]},{"@type":"WebSite","@id":"https:\/\/www.notibras.com\/site\/#website","url":"https:\/\/www.notibras.com\/site\/","name":"Notibras","description":"Not\u00edcias de Bras\u00edlia, do Brasil e do Mundo","publisher":{"@id":"https:\/\/www.notibras.com\/site\/#organization"},"potentialAction":[{"@type":"SearchAction","target":{"@type":"EntryPoint","urlTemplate":"https:\/\/www.notibras.com\/site\/?s={search_term_string}"},"query-input":{"@type":"PropertyValueSpecification","valueRequired":true,"valueName":"search_term_string"}}],"inLanguage":"pt-BR"},{"@type":"Organization","@id":"https:\/\/www.notibras.com\/site\/#organization","name":"Grupo Notibras de Comunica\u00e7\u00e3o","url":"https:\/\/www.notibras.com\/site\/","logo":{"@type":"ImageObject","inLanguage":"pt-BR","@id":"https:\/\/www.notibras.com\/site\/#\/schema\/logo\/image\/","url":"https:\/\/www.notibras.com\/site\/wp-content\/uploads\/2023\/01\/notibras23.png","contentUrl":"https:\/\/www.notibras.com\/site\/wp-content\/uploads\/2023\/01\/notibras23.png","width":350,"height":87,"caption":"Grupo Notibras de Comunica\u00e7\u00e3o"},"image":{"@id":"https:\/\/www.notibras.com\/site\/#\/schema\/logo\/image\/"},"sameAs":["https:\/\/www.facebook.com\/notibras\/","https:\/\/x.com\/Notibras","https:\/\/www.instagram.com\/notibras\/"]},{"@type":"Person","@id":"https:\/\/www.notibras.com\/site\/#\/schema\/person\/36ab0979449956132d3e5b517ea76ac8","name":"Reda\u00e7\u00e3o","image":{"@type":"ImageObject","inLanguage":"pt-BR","@id":"https:\/\/secure.gravatar.com\/avatar\/e0a867bdedb85fd243eadf09663511f96fc81e0720a4a42581f334ad4303aa6b?s=96&d=mm&r=g","url":"https:\/\/secure.gravatar.com\/avatar\/e0a867bdedb85fd243eadf09663511f96fc81e0720a4a42581f334ad4303aa6b?s=96&d=mm&r=g","contentUrl":"https:\/\/secure.gravatar.com\/avatar\/e0a867bdedb85fd243eadf09663511f96fc81e0720a4a42581f334ad4303aa6b?s=96&d=mm&r=g","caption":"Reda\u00e7\u00e3o"}}]}},"amp_enabled":true,"_links":{"self":[{"href":"https:\/\/www.notibras.com\/site\/wp-json\/wp\/v2\/posts\/356868","targetHints":{"allow":["GET"]}}],"collection":[{"href":"https:\/\/www.notibras.com\/site\/wp-json\/wp\/v2\/posts"}],"about":[{"href":"https:\/\/www.notibras.com\/site\/wp-json\/wp\/v2\/types\/post"}],"author":[{"embeddable":true,"href":"https:\/\/www.notibras.com\/site\/wp-json\/wp\/v2\/users\/2"}],"replies":[{"embeddable":true,"href":"https:\/\/www.notibras.com\/site\/wp-json\/wp\/v2\/comments?post=356868"}],"version-history":[{"count":1,"href":"https:\/\/www.notibras.com\/site\/wp-json\/wp\/v2\/posts\/356868\/revisions"}],"predecessor-version":[{"id":356870,"href":"https:\/\/www.notibras.com\/site\/wp-json\/wp\/v2\/posts\/356868\/revisions\/356870"}],"wp:featuredmedia":[{"embeddable":true,"href":"https:\/\/www.notibras.com\/site\/wp-json\/wp\/v2\/media\/356869"}],"wp:attachment":[{"href":"https:\/\/www.notibras.com\/site\/wp-json\/wp\/v2\/media?parent=356868"}],"wp:term":[{"taxonomy":"category","embeddable":true,"href":"https:\/\/www.notibras.com\/site\/wp-json\/wp\/v2\/categories?post=356868"},{"taxonomy":"post_tag","embeddable":true,"href":"https:\/\/www.notibras.com\/site\/wp-json\/wp\/v2\/tags?post=356868"}],"curies":[{"name":"wp","href":"https:\/\/api.w.org\/{rel}","templated":true}]}}