{"id":356922,"date":"2025-06-30T08:50:31","date_gmt":"2025-06-30T11:50:31","guid":{"rendered":"https:\/\/www.notibras.com\/site\/?p=356922"},"modified":"2025-06-30T08:52:29","modified_gmt":"2025-06-30T11:52:29","slug":"precos-disparam-em-mercados-e-mercearias-e-inflacao-corroi-nordestino","status":"publish","type":"post","link":"https:\/\/www.notibras.com\/site\/precos-disparam-em-mercados-e-mercearias-e-inflacao-corroi-nordestino\/","title":{"rendered":"Pre\u00e7os disparam em mercados e mercearias e infla\u00e7\u00e3o corr\u00f3i nordestino"},"content":{"rendered":"<p>O cheiro do caf\u00e9 ainda anuncia o dia, mas o custo do p\u00f3 subiu: nos \u00faltimos meses, o pre\u00e7o do caf\u00e9 mo\u00eddo aumentou cerca de 30%, enquanto itens como cebola e ovos registraram alta de quase 50% e 28%, respectivamente no Nordeste Ainda que em junho tenha havido uma leve queda em alimentos \u2014 tomate (-7,2%), ovos (-7,0%) e arroz (-3,4%) \u2014, isso s\u00f3 interrompeu uma sequ\u00eancia de nove meses de reajustes, sem aliviar o bolso.<\/p>\n<p>No conjunto nacional, o IPCA (infla\u00e7\u00e3o oficial) de maio atingiu 0,26% no m\u00eas e acumulou 5,32% nos \u00faltimos 12 meses, com o INPC, que reflete a infla\u00e7\u00e3o das fam\u00edlias de baixa renda, marcando 0,35% em maio e 5,20% em 12 meses.<\/p>\n<p>No Nordeste, o IPCA de mar\u00e7o ficou em 0,39%, acima da m\u00e9dia nacional, mas ainda inferior \u00e0 infla\u00e7\u00e3o no Sul e Sudeste<\/p>\n<p>Esses n\u00fameros parecem distantes do bolso da dona Maria, que j\u00e1 aprendeu a cortar da alimenta\u00e7\u00e3o para ajustar as contas. No Nordeste, a infla\u00e7\u00e3o pesa especialmente em habita\u00e7\u00e3o, transporte, sa\u00fade e, sobretudo, alimenta\u00e7\u00e3o e bebidas, que concentraram 85% do impacto inflacion\u00e1rio regional.<\/p>\n<p>Um dado ainda mais alarmante: o sal\u00e1rio m\u00ednimo regional mal cresce, enquanto a desocupa\u00e7\u00e3o chegou a 9,8% no 1\u00ba trimestre de 2025, ante 8,6% no final de 2024, No pa\u00eds, a m\u00e9dia foi 7%, mas no Nordeste a lenta recupera\u00e7\u00e3o m\u00e9dia de 0,6% no primeiro trimestre \u00e9 mascarada por pre\u00e7os que corroem a renda com mais velocidade<\/p>\n<p>O impacto \u00e9 brutal: seu Z\u00e9 j\u00e1 corta refei\u00e7\u00f5es para sobrar g\u00e1s, Camila reza para o leite render at\u00e9 domingo. A conta de luz aumentou 3,3% s\u00f3 em junho, por causa da bandeira tarif\u00e1ria &#8212;- menos fatia do \u201cbolo\u201d consumida, mais peso sobre o que sobra.<\/p>\n<p>Mesmo com alguma desacelera\u00e7\u00e3o recente, a infla\u00e7\u00e3o continua corroendo sal\u00e1rios. Com a infla\u00e7\u00e3o acumulada no Nordeste acima de 5% em um ano \u2013 maior que boa parte dos reajustes salariais \u2013, a renda real cai, e os nordestinos acabam virando contadores do pr\u00f3prio aperto.<\/p>\n<p>Apesar de tudo, o povo segue com resili\u00eancia: ajusta o carrinho da feira, substitui um alimento por outro, n\u00e3o abandona a coragem de enfrentar mais um m\u00eas. Porque, no Nordeste, o aperreio modifica o dia\u2011a\u2011dia, mas nunca cala a esperan\u00e7a.<\/p>\n","protected":false},"excerpt":{"rendered":"<p>O cheiro do caf\u00e9 ainda anuncia o dia, mas o custo do p\u00f3 subiu: nos \u00faltimos meses, o pre\u00e7o do caf\u00e9 mo\u00eddo aumentou cerca de 30%, enquanto itens como cebola e ovos registraram alta de quase 50% e 28%, respectivamente no Nordeste Ainda que em junho tenha havido uma leve queda em alimentos \u2014 tomate [&hellip;]<\/p>\n","protected":false},"author":2,"featured_media":356923,"comment_status":"closed","ping_status":"closed","sticky":false,"template":"","format":"standard","meta":{"_acf_changed":false,"footnotes":""},"categories":[165],"tags":[],"class_list":["post-356922","post","type-post","status-publish","format-standard","has-post-thumbnail","hentry","category-nordeste"],"acf":[],"_links":{"self":[{"href":"https:\/\/www.notibras.com\/site\/wp-json\/wp\/v2\/posts\/356922","targetHints":{"allow":["GET"]}}],"collection":[{"href":"https:\/\/www.notibras.com\/site\/wp-json\/wp\/v2\/posts"}],"about":[{"href":"https:\/\/www.notibras.com\/site\/wp-json\/wp\/v2\/types\/post"}],"author":[{"embeddable":true,"href":"https:\/\/www.notibras.com\/site\/wp-json\/wp\/v2\/users\/2"}],"replies":[{"embeddable":true,"href":"https:\/\/www.notibras.com\/site\/wp-json\/wp\/v2\/comments?post=356922"}],"version-history":[{"count":3,"href":"https:\/\/www.notibras.com\/site\/wp-json\/wp\/v2\/posts\/356922\/revisions"}],"predecessor-version":[{"id":356926,"href":"https:\/\/www.notibras.com\/site\/wp-json\/wp\/v2\/posts\/356922\/revisions\/356926"}],"wp:featuredmedia":[{"embeddable":true,"href":"https:\/\/www.notibras.com\/site\/wp-json\/wp\/v2\/media\/356923"}],"wp:attachment":[{"href":"https:\/\/www.notibras.com\/site\/wp-json\/wp\/v2\/media?parent=356922"}],"wp:term":[{"taxonomy":"category","embeddable":true,"href":"https:\/\/www.notibras.com\/site\/wp-json\/wp\/v2\/categories?post=356922"},{"taxonomy":"post_tag","embeddable":true,"href":"https:\/\/www.notibras.com\/site\/wp-json\/wp\/v2\/tags?post=356922"}],"curies":[{"name":"wp","href":"https:\/\/api.w.org\/{rel}","templated":true}]}}