{"id":356979,"date":"2025-07-01T02:19:04","date_gmt":"2025-07-01T05:19:04","guid":{"rendered":"https:\/\/www.notibras.com\/site\/?p=356979"},"modified":"2025-06-30T23:20:13","modified_gmt":"2025-07-01T02:20:13","slug":"sansao-pequines-da-vizinha-adorava-morder-calcanhar","status":"publish","type":"post","link":"https:\/\/www.notibras.com\/site\/sansao-pequines-da-vizinha-adorava-morder-calcanhar\/","title":{"rendered":"Sans\u00e3o, pequin\u00eas da vizinha, adorava morder calcanhar"},"content":{"rendered":"<p>Estava eu batendo perna ali na Asa Norte, altura da 709, onde casas se enfileiram de modo retil\u00edneo pelas ruas, quando me deparei com uma situa\u00e7\u00e3o, no m\u00ednimo, inusitada. Um cachorro. Pois \u00e9, um cachorro! Mas n\u00e3o pense voc\u00ea que era um desses cachorros comuns, tipo poodle ou vira-lata, mas um pequin\u00eas.<\/p>\n<p>Foi como se aquela vis\u00e3o me transportasse para minha long\u00ednqua inf\u00e2ncia, quando precisava correr mais do que o Sans\u00e3o, o pequin\u00eas destruidor de calcanhares da rua. O destemido animal n\u00e3o media esfor\u00e7os para parecer um le\u00e3o, mesmo que tivesse a pequenez de um pequin\u00eas. Seja como for, ningu\u00e9m se atrevia a enfrent\u00e1-lo, ainda mais porque aquela miniatura de Satan\u00e1s costumava vir embalado com os dentes \u00e0 mostra.<\/p>\n<p>\u2014 N\u00e3o precisam ter medo. O Sans\u00e3o \u00e9 um amor. Incapaz de morder algu\u00e9m.<\/p>\n<p>Hum! Essa era a dona Let\u00edcia, que, \u00e0quela altura, me parecia ser a pessoa mais velha do planeta ou, ao menos, do bairro. At\u00e9 hoje me pergunto se ela falava aquilo por mero desconhecimento, ingenuidade ou, n\u00e3o duvido, cumplicidade. Seria aquela velha uma s\u00e1dica?<\/p>\n<p>\u2014 Dona Let\u00edcia \u00e9 uma boa mulher, Julinho.<\/p>\n<p>\u2014 Mas, mam\u00e3e, como algu\u00e9m pode ser bom convivendo com o Diabo em cachorro?<\/p>\n<p>\u2014 Voc\u00ea tem que entender, meu filho, que o Sans\u00e3o \u00e9 a \u00fanica companhia da dona Let\u00edcia.<\/p>\n<p>Por mais que minha m\u00e3e tentasse me convencer daquilo, o medo de tomar uma dentada daquele C\u00e9rbero de apenas uma cabe\u00e7a parecia me afastar de qualquer empatia por dona Let\u00edcia. E, enquanto revivia aquele filme de parte da minha inf\u00e2ncia, eis que o tal pequin\u00eas de agora come\u00e7ou a latir insistentemente.<\/p>\n<p>Olho para o cachorro e, em seguida para a sua dona, que devia regular em idade comigo. Ela sorri e, ent\u00e3o, se dirige a mim.<\/p>\n<p>\u2014 Ah, me desculpe. O Sans\u00e3o \u00e9 muito ciumento, mas, no fundo, \u00e9 um doce. Incapaz de morder algu\u00e9m.<\/p>\n<p>&#8230;&#8230;&#8230;&#8230;&#8230;&#8230;&#8230;<\/p>\n<p><strong>Eduardo Mart\u00ednez \u00e9 autor do livro 57 Contos e Cr\u00f4nicas por um Autor Muito Velho\u2019<\/strong><\/p>\n<p>Compre aqui\u00a0<span class=\"x19la9d6 x1fc57z9 x6ikm8r x10wlt62 x19co3pv x1g5zs5t xfibh0p xiy17q3 x1xsqp64 x1lkfr7t xexx8yu x4uap5 x18d9i69 xkhd6sd\"><span class=\"xrtxmta x1bhl96m\"><img decoding=\"async\" class=\"emoji\" role=\"img\" draggable=\"false\" src=\"https:\/\/s.w.org\/images\/core\/emoji\/15.0.3\/svg\/1f447-1f3ff.svg\" alt=\"&#x1f447;&#x1f3ff;\" \/><\/span><\/span><\/p>\n<p><a href=\"https:\/\/www.joanineditora.com.br\/57-contos-e-cronicas-por-um-autor-muito-velho\">https:\/\/www.joanineditora.com.br\/57-contos-e-cronicas-por-um-autor-muito-velho<\/a><\/p>\n","protected":false},"excerpt":{"rendered":"<p>Estava eu batendo perna ali na Asa Norte, altura da 709, onde casas se enfileiram de modo retil\u00edneo pelas ruas, quando me deparei com uma situa\u00e7\u00e3o, no m\u00ednimo, inusitada. Um cachorro. Pois \u00e9, um cachorro! Mas n\u00e3o pense voc\u00ea que era um desses cachorros comuns, tipo poodle ou vira-lata, mas um pequin\u00eas. Foi como se [&hellip;]<\/p>\n","protected":false},"author":2,"featured_media":356980,"comment_status":"closed","ping_status":"closed","sticky":false,"template":"","format":"standard","meta":{"_acf_changed":false,"footnotes":""},"categories":[161],"tags":[],"class_list":["post-356979","post","type-post","status-publish","format-standard","has-post-thumbnail","hentry","category-quadradinho-em-foco"],"acf":[],"_links":{"self":[{"href":"https:\/\/www.notibras.com\/site\/wp-json\/wp\/v2\/posts\/356979","targetHints":{"allow":["GET"]}}],"collection":[{"href":"https:\/\/www.notibras.com\/site\/wp-json\/wp\/v2\/posts"}],"about":[{"href":"https:\/\/www.notibras.com\/site\/wp-json\/wp\/v2\/types\/post"}],"author":[{"embeddable":true,"href":"https:\/\/www.notibras.com\/site\/wp-json\/wp\/v2\/users\/2"}],"replies":[{"embeddable":true,"href":"https:\/\/www.notibras.com\/site\/wp-json\/wp\/v2\/comments?post=356979"}],"version-history":[{"count":1,"href":"https:\/\/www.notibras.com\/site\/wp-json\/wp\/v2\/posts\/356979\/revisions"}],"predecessor-version":[{"id":356981,"href":"https:\/\/www.notibras.com\/site\/wp-json\/wp\/v2\/posts\/356979\/revisions\/356981"}],"wp:featuredmedia":[{"embeddable":true,"href":"https:\/\/www.notibras.com\/site\/wp-json\/wp\/v2\/media\/356980"}],"wp:attachment":[{"href":"https:\/\/www.notibras.com\/site\/wp-json\/wp\/v2\/media?parent=356979"}],"wp:term":[{"taxonomy":"category","embeddable":true,"href":"https:\/\/www.notibras.com\/site\/wp-json\/wp\/v2\/categories?post=356979"},{"taxonomy":"post_tag","embeddable":true,"href":"https:\/\/www.notibras.com\/site\/wp-json\/wp\/v2\/tags?post=356979"}],"curies":[{"name":"wp","href":"https:\/\/api.w.org\/{rel}","templated":true}]}}