{"id":357000,"date":"2025-07-01T01:55:39","date_gmt":"2025-07-01T04:55:39","guid":{"rendered":"https:\/\/www.notibras.com\/site\/?p=357000"},"modified":"2025-07-01T02:07:01","modified_gmt":"2025-07-01T05:07:01","slug":"criancas-revivem-o-tempo-da-felicidade-nordestina-com-as-memorias-dos-seus-pais","status":"publish","type":"post","link":"https:\/\/www.notibras.com\/site\/criancas-revivem-o-tempo-da-felicidade-nordestina-com-as-memorias-dos-seus-pais\/","title":{"rendered":"Crian\u00e7as revivem o tempo da felicidade nordestina com as mem\u00f3rias dos seus pais"},"content":{"rendered":"<p>No Nordeste a chuva n\u00e3o \u00e9 s\u00f3 \u00e1gua. \u00c9 promessa. \u00c9 festa. \u00c9 milagre caindo do c\u00e9u. Quando as nuvens escuras se formam no horizonte, os olhos brilham como quem v\u00ea esperan\u00e7a se aproximando. Para os adultos, ela renova a terra seca, prepara o ch\u00e3o para o plantio e enche de al\u00edvio os potes de barro. Para as crian\u00e7as, \u00e9 muito mais: \u00e9 o in\u00edcio do tempo da felicidade.<\/p>\n<p>Naqueles dias em que o c\u00e9u despeja suas b\u00ean\u00e7\u00e3os sobre o ch\u00e3o rachado, os meninos e meninas saem correndo descal\u00e7os, de roupa leve ou nenhuma roupa, com gritos que competem com os trov\u00f5es. P\u00e9s na lama, bra\u00e7os abertos para o c\u00e9u, gargalhadas soltas no ar \u00famido. \u00c9 ali que se moldam as mem\u00f3rias mais puras da inf\u00e2ncia nordestina: sob a chuva.<\/p>\n<p>A \u00e1gua escorrendo pelos telhados de barro, formando rios nas cal\u00e7adas e espelhos d\u2019\u00e1gua nos quintais, vira cen\u00e1rio de brincadeiras eternas. Barquinhos feitos de folha de bananeira navegam pelas correntezas improvisadas. O cheiro da terra molhada mistura-se ao som das m\u00e3es chamando das varandas: \u201cMenino, sai da chuva!\u201d \u2014 mas ningu\u00e9m quer sair.<\/p>\n<p>As vozes do passado ecoam na mem\u00f3ria dos que cresceram sob esse c\u00e9u: o barulho do tambor de lata batucado com colher de pau, as cantigas de roda, a sopa quente servida depois da farra molhada. Tudo isso vira parte da alma. Porque o nordestino n\u00e3o esquece: foi na chuva que muitos encontraram o primeiro sentimento de liberdade.<\/p>\n<p>E assim, cada gota que cai sobre o sert\u00e3o n\u00e3o molha apenas a terra \u2014 molha o cora\u00e7\u00e3o. Reacende lembran\u00e7as, renova esperan\u00e7as, e mostra que a felicidade, por aqui, sempre soube se esconder nas coisas mais simples. Como a chuva. Como a inf\u00e2ncia. Como o riso de uma crian\u00e7a nordestina dan\u00e7ando sob o c\u00e9u.<\/p>\n","protected":false},"excerpt":{"rendered":"<p>No Nordeste a chuva n\u00e3o \u00e9 s\u00f3 \u00e1gua. \u00c9 promessa. \u00c9 festa. \u00c9 milagre caindo do c\u00e9u. Quando as nuvens escuras se formam no horizonte, os olhos brilham como quem v\u00ea esperan\u00e7a se aproximando. Para os adultos, ela renova a terra seca, prepara o ch\u00e3o para o plantio e enche de al\u00edvio os potes de [&hellip;]<\/p>\n","protected":false},"author":2,"featured_media":357001,"comment_status":"closed","ping_status":"closed","sticky":false,"template":"","format":"standard","meta":{"_acf_changed":false,"footnotes":""},"categories":[165],"tags":[],"class_list":["post-357000","post","type-post","status-publish","format-standard","has-post-thumbnail","hentry","category-nordeste"],"acf":[],"_links":{"self":[{"href":"https:\/\/www.notibras.com\/site\/wp-json\/wp\/v2\/posts\/357000","targetHints":{"allow":["GET"]}}],"collection":[{"href":"https:\/\/www.notibras.com\/site\/wp-json\/wp\/v2\/posts"}],"about":[{"href":"https:\/\/www.notibras.com\/site\/wp-json\/wp\/v2\/types\/post"}],"author":[{"embeddable":true,"href":"https:\/\/www.notibras.com\/site\/wp-json\/wp\/v2\/users\/2"}],"replies":[{"embeddable":true,"href":"https:\/\/www.notibras.com\/site\/wp-json\/wp\/v2\/comments?post=357000"}],"version-history":[{"count":3,"href":"https:\/\/www.notibras.com\/site\/wp-json\/wp\/v2\/posts\/357000\/revisions"}],"predecessor-version":[{"id":357004,"href":"https:\/\/www.notibras.com\/site\/wp-json\/wp\/v2\/posts\/357000\/revisions\/357004"}],"wp:featuredmedia":[{"embeddable":true,"href":"https:\/\/www.notibras.com\/site\/wp-json\/wp\/v2\/media\/357001"}],"wp:attachment":[{"href":"https:\/\/www.notibras.com\/site\/wp-json\/wp\/v2\/media?parent=357000"}],"wp:term":[{"taxonomy":"category","embeddable":true,"href":"https:\/\/www.notibras.com\/site\/wp-json\/wp\/v2\/categories?post=357000"},{"taxonomy":"post_tag","embeddable":true,"href":"https:\/\/www.notibras.com\/site\/wp-json\/wp\/v2\/tags?post=357000"}],"curies":[{"name":"wp","href":"https:\/\/api.w.org\/{rel}","templated":true}]}}