{"id":357041,"date":"2025-07-01T16:18:56","date_gmt":"2025-07-01T19:18:56","guid":{"rendered":"https:\/\/www.notibras.com\/site\/?p=357041"},"modified":"2025-07-01T19:20:16","modified_gmt":"2025-07-01T22:20:16","slug":"prazo-para-indicar-conta-bancaria-no-nota-legal-termina-sexta-feira","status":"publish","type":"post","link":"https:\/\/www.notibras.com\/site\/prazo-para-indicar-conta-bancaria-no-nota-legal-termina-sexta-feira\/","title":{"rendered":"Prazo para indicar conta banc\u00e1ria no Nota Legal termina sexta-feira"},"content":{"rendered":"<p>Aten\u00e7\u00e3o, participantes do Nota Legal: o prazo para indicar a conta para o recebimento dos cr\u00e9ditos em dinheiro termina \u00e0s 23h59 da pr\u00f3xima sexta-feira, dia 4 de julho. Para solicitar o resgate, \u00e9 necess\u00e1rio estar cadastrado no programa e estar em dia com o Tesouro do Distrito Federal. Para se cadastrar, basta acessar este link e informar os dados solicitados.<\/p>\n<p>Mais de 120 mil benefici\u00e1rios j\u00e1 indicaram a conta banc\u00e1ria para o recebimento dos cr\u00e9ditos que est\u00e3o previstos para serem depositados em setembro. Desses, 44.886 fazem a indica\u00e7\u00e3o pela primeira vez, totalizando R$ 32.048.189,86 em cr\u00e9ditos.<\/p>\n<p>Ap\u00f3s uma manuten\u00e7\u00e3o programada e bem-sucedida nos sistemas da Secretaria de Economia do DF, o site do Nota Legal j\u00e1 est\u00e1 dispon\u00edvel para que os contribuintes fa\u00e7am suas indica\u00e7\u00f5es.<\/p>\n<p>\u201cEssa \u00e9 uma oportunidade valiosa para aproveitar os benef\u00edcios do programa e garantir o recebimento dos recursos\u201d, ressalta Giovanna Botelho, coordenadora de Cadastro, Escritura\u00e7\u00e3o e Documentos Fiscais Digitais da Secretaria de Economia.<\/p>\n","protected":false},"excerpt":{"rendered":"<p>Aten\u00e7\u00e3o, participantes do Nota Legal: o prazo para indicar a conta para o recebimento dos cr\u00e9ditos em dinheiro termina \u00e0s 23h59 da pr\u00f3xima sexta-feira, dia 4 de julho. Para solicitar o resgate, \u00e9 necess\u00e1rio estar cadastrado no programa e estar em dia com o Tesouro do Distrito Federal. Para se cadastrar, basta acessar este link [&hellip;]<\/p>\n","protected":false},"author":2,"featured_media":320336,"comment_status":"closed","ping_status":"closed","sticky":false,"template":"","format":"standard","meta":{"_acf_changed":false,"footnotes":""},"categories":[161],"tags":[],"class_list":["post-357041","post","type-post","status-publish","format-standard","has-post-thumbnail","hentry","category-quadradinho-em-foco"],"acf":[],"_links":{"self":[{"href":"https:\/\/www.notibras.com\/site\/wp-json\/wp\/v2\/posts\/357041","targetHints":{"allow":["GET"]}}],"collection":[{"href":"https:\/\/www.notibras.com\/site\/wp-json\/wp\/v2\/posts"}],"about":[{"href":"https:\/\/www.notibras.com\/site\/wp-json\/wp\/v2\/types\/post"}],"author":[{"embeddable":true,"href":"https:\/\/www.notibras.com\/site\/wp-json\/wp\/v2\/users\/2"}],"replies":[{"embeddable":true,"href":"https:\/\/www.notibras.com\/site\/wp-json\/wp\/v2\/comments?post=357041"}],"version-history":[{"count":1,"href":"https:\/\/www.notibras.com\/site\/wp-json\/wp\/v2\/posts\/357041\/revisions"}],"predecessor-version":[{"id":357042,"href":"https:\/\/www.notibras.com\/site\/wp-json\/wp\/v2\/posts\/357041\/revisions\/357042"}],"wp:featuredmedia":[{"embeddable":true,"href":"https:\/\/www.notibras.com\/site\/wp-json\/wp\/v2\/media\/320336"}],"wp:attachment":[{"href":"https:\/\/www.notibras.com\/site\/wp-json\/wp\/v2\/media?parent=357041"}],"wp:term":[{"taxonomy":"category","embeddable":true,"href":"https:\/\/www.notibras.com\/site\/wp-json\/wp\/v2\/categories?post=357041"},{"taxonomy":"post_tag","embeddable":true,"href":"https:\/\/www.notibras.com\/site\/wp-json\/wp\/v2\/tags?post=357041"}],"curies":[{"name":"wp","href":"https:\/\/api.w.org\/{rel}","templated":true}]}}