{"id":357094,"date":"2025-07-02T00:45:51","date_gmt":"2025-07-02T03:45:51","guid":{"rendered":"https:\/\/www.notibras.com\/site\/?p=357094"},"modified":"2025-07-02T08:48:00","modified_gmt":"2025-07-02T11:48:00","slug":"lula-segue-bahia-e-quer-2-de-julho-feriado-nacional","status":"publish","type":"post","link":"https:\/\/www.notibras.com\/site\/lula-segue-bahia-e-quer-2-de-julho-feriado-nacional\/","title":{"rendered":"Lula segue Bahia e quer 2 de julho feriado nacional"},"content":{"rendered":"<p>O presidente Luiz In\u00e1cio Lula da Silva encaminhou ao Congresso Nacional, nesta ter\u00e7a-feira (1\u00b0), um projeto de lei para tornar o dia 2 de julho o Dia Nacional da Consolida\u00e7\u00e3o da Independ\u00eancia do Brasil. A data marca a expuls\u00e3o definitiva das tropas portuguesas do Brasil, em 1823, um ano ap\u00f3s a Proclama\u00e7\u00e3o da Independ\u00eancia pelo imperador Pedro I, no dia 7 de setembro de 1822.<\/p>\n<p>O dia 2 de julho marca a Independ\u00eancia da Bahia e \u00e9 feriado estadual.<\/p>\n<p>&#8220;\u00c9 verdade que D. Pedro fez o grito da Independ\u00eancia, todo mundo sabe disso, mas pouca gente sabe que foi no dia 2 de julho de 1823 que, na Bahia, os baianos conseguiram fazer com que os portugueses voltassem para Portugal definitivamente&#8221;, afirma o presidente em v\u00eddeo postado nas redes sociais.<\/p>\n<p>Nas imagens, Lula aparece ao lado do ministro da Casa Civil, Rui Costa, e do l\u00edder do governo no Senado, Jacques Wagner (PT-BA), ambos ex-governadores baianos. O ministro da Secretaria de Comunica\u00e7\u00e3o Social da Presid\u00eancia, Sid\u00f4nio Palmeira, outro baiano, tamb\u00e9m acompanhava o presidente.<\/p>\n<p>&#8220;Isso n\u00e3o \u00e9 conhecido da Hist\u00f3ria porque n\u00e3o est\u00e1 nos livros did\u00e1ticos brasileiros. A aprova\u00e7\u00e3o desse projeto e a promulga\u00e7\u00e3o v\u00e3o mostrar que al\u00e9m de D. Pedro, o povo baiano teve muito a ver com a nossa Independ\u00eancia&#8221;, acrescentou Lula.<\/p>\n<p>O presidente embarcou nesta tarde para Salvador, onde cumprir\u00e1 agenda de celebra\u00e7\u00e3o do dia 2 de julho na Bahia. De l\u00e1, ele viajar\u00e1 diretamente a Buenos Aires, para participar da C\u00fapula do Mercosul, que ocorre nesta quinta-feira (3).<\/p>\n","protected":false},"excerpt":{"rendered":"<p>O presidente Luiz In\u00e1cio Lula da Silva encaminhou ao Congresso Nacional, nesta ter\u00e7a-feira (1\u00b0), um projeto de lei para tornar o dia 2 de julho o Dia Nacional da Consolida\u00e7\u00e3o da Independ\u00eancia do Brasil. A data marca a expuls\u00e3o definitiva das tropas portuguesas do Brasil, em 1823, um ano ap\u00f3s a Proclama\u00e7\u00e3o da Independ\u00eancia pelo [&hellip;]<\/p>\n","protected":false},"author":2,"featured_media":357095,"comment_status":"closed","ping_status":"closed","sticky":false,"template":"","format":"standard","meta":{"_acf_changed":false,"footnotes":""},"categories":[165],"tags":[],"class_list":["post-357094","post","type-post","status-publish","format-standard","has-post-thumbnail","hentry","category-nordeste"],"acf":[],"_links":{"self":[{"href":"https:\/\/www.notibras.com\/site\/wp-json\/wp\/v2\/posts\/357094","targetHints":{"allow":["GET"]}}],"collection":[{"href":"https:\/\/www.notibras.com\/site\/wp-json\/wp\/v2\/posts"}],"about":[{"href":"https:\/\/www.notibras.com\/site\/wp-json\/wp\/v2\/types\/post"}],"author":[{"embeddable":true,"href":"https:\/\/www.notibras.com\/site\/wp-json\/wp\/v2\/users\/2"}],"replies":[{"embeddable":true,"href":"https:\/\/www.notibras.com\/site\/wp-json\/wp\/v2\/comments?post=357094"}],"version-history":[{"count":2,"href":"https:\/\/www.notibras.com\/site\/wp-json\/wp\/v2\/posts\/357094\/revisions"}],"predecessor-version":[{"id":357097,"href":"https:\/\/www.notibras.com\/site\/wp-json\/wp\/v2\/posts\/357094\/revisions\/357097"}],"wp:featuredmedia":[{"embeddable":true,"href":"https:\/\/www.notibras.com\/site\/wp-json\/wp\/v2\/media\/357095"}],"wp:attachment":[{"href":"https:\/\/www.notibras.com\/site\/wp-json\/wp\/v2\/media?parent=357094"}],"wp:term":[{"taxonomy":"category","embeddable":true,"href":"https:\/\/www.notibras.com\/site\/wp-json\/wp\/v2\/categories?post=357094"},{"taxonomy":"post_tag","embeddable":true,"href":"https:\/\/www.notibras.com\/site\/wp-json\/wp\/v2\/tags?post=357094"}],"curies":[{"name":"wp","href":"https:\/\/api.w.org\/{rel}","templated":true}]}}