{"id":35710,"date":"2015-02-02T07:42:14","date_gmt":"2015-02-02T10:42:14","guid":{"rendered":"http:\/\/www.notibras.com\/site\/?p=35710"},"modified":"2015-02-02T13:04:25","modified_gmt":"2015-02-02T16:04:25","slug":"dilma-chama-ministros-e-reavalia-base-para-enfrentar-camara-de-cunha","status":"publish","type":"post","link":"https:\/\/www.notibras.com\/site\/dilma-chama-ministros-e-reavalia-base-para-enfrentar-camara-de-cunha\/","title":{"rendered":"Dilma chama ministros e rev\u00ea base para enfrentar a C\u00e2mara"},"content":{"rendered":"<p>Ap\u00f3s as elei\u00e7\u00f5es para as presid\u00eancias na C\u00e2mara e no Senado, a presidente Dilma Rousseff convocou seus principais ministros para tra\u00e7ar estrat\u00e9gias visando reaglutinar sua base parlamentar depois de uma disputa entre os dois maiores partidos governistas pelo comando dos deputados.<\/p>\n<p>Desde s\u00e1bado, percebendo que sofreria um rev\u00e9s na elei\u00e7\u00e3o da C\u00e2mara, ministros do governo j\u00e1 tentavam reconstruir as pontes que foram danificadas durante a disputa entre PT e PMDB pela presid\u00eancia da Casa, relatou \u00e0 Reuters um parlamentar petista, sob condi\u00e7\u00e3o de anonimato.<\/p>\n<p>&#8220;N\u00e3o pode come\u00e7ar o dia amanh\u00e3 (segunda-feira), quebrando tudo. Precisamos ter um acordo pela governabilidade&#8221;, disse o petista.<\/p>\n<p>Dilma convocou, no Pal\u00e1cio da Alvorada, os ministros das Rela\u00e7\u00f5es Insitucionais, Pepe Vargas, das Comunica\u00e7\u00f5es, Ricardo Berzoini, da Secretaria-Geral da Presid\u00eancia, Miguel Rossetto, e da Defesa, Jaques Wagner, para analisar o resultado das elei\u00e7\u00f5es no Congresso.<\/p>\n<blockquote><p>O candidato do PMDB, deputado Eduardo Cunha (RJ), eleito no primeiro turno para a presid\u00eancia, sempre foi considerado um desafeto pol\u00edtico do governo e h\u00e1 temor de que ele tenha uma postura radical no comando da Casa. Ap\u00f3s eleito, Cunha afirmou que n\u00e3o ser\u00e1 &#8220;submisso&#8221; ao governo, mas que n\u00e3o ter\u00e1 postura de oposi\u00e7\u00e3o.<\/p><\/blockquote>\n<p>Segundo a fonte petista, Wagner tem conversado com o vice-presidente Michel Temer, que preside o PMDB, para curar rapidamente as feridas deixadas pela disputa acirrada entre os dois partidos na C\u00e2mara.<\/p>\n<p>Um auxiliar de Cunha disse \u00e0 Reuters, na sexta-feira, sob condi\u00e7\u00e3o de anonimato, que o peemedebista estava &#8220;muito irritado&#8221; com o governo e com a tentativa de interfer\u00eancia na disputa no Congresso.<\/p>\n<p>E, apesar de Cunha ter negado que far\u00e1 retalia\u00e7\u00f5es ao governo, um peemedebista disse que j\u00e1 \u00e9 poss\u00edvel perceber que ele mira uma pauta que pode causar problemas para o governo.<\/p>\n<blockquote><p>&#8220;Ele defendeu (no discurso) mudan\u00e7as no pacto federativo. E disse que os governos estaduais e os prefeitos passam por dificuldades e que o Or\u00e7amento est\u00e1 concentrado nas m\u00e3os da Uni\u00e3o. Ou seja, esse discurso indica que ele pode querer tirar receita do governo federal para ajudar os governos locais, o que \u00e9 ruim para o Executivo&#8221;, avaliou a fonte, pedindo para n\u00e3o ter seu nome revelado.<\/p><\/blockquote>\n<p>Esse peemedebista avaliou ainda que o governo mostrou sua desarticula\u00e7\u00e3o pol\u00edtica nas elei\u00e7\u00f5es da C\u00e2mara e que a base est\u00e1 muito enfraquecida.<\/p>\n<p>&#8220;Se a gente somar os votos do Cunha e os do (J\u00falio) Delgado (candidato do PSB \u00e0 presid\u00eancia da C\u00e2mara, que teve 100 votos), d\u00e1 367 votos. Ou seja, \u00e9 uma maioria oposicionista&#8221;, afirmou a fonte. Chinaglia teve apenas 136 votos.<\/p>\n<p>&#8220;Mesmo com o governo dando minist\u00e9rios importantes ao PR, ao PP, ao PSD e ao PTB&#8221;, arrematou o peemedebista.<\/p>\n<p>Se no Senado o governo viu, como queria, o senador Renan Calheiros (PMDB-AL) reeleito, a situa\u00e7\u00e3o tamb\u00e9m n\u00e3o \u00e9 totalmente segura, na avalia\u00e7\u00e3o desse peemedebista.<\/p>\n<p>&#8220;L\u00e1 os 31 votos do Luiz Henrique (da Silveira, peemedebista que concorreu contra Renan) s\u00e3o preocupantes, porque mostram que a oposi\u00e7\u00e3o parte desse patamar&#8221;, disse.<\/p>\n<p>A articula\u00e7\u00e3o pol\u00edtica foi uma das marcas negativas de Dilma no primeiro mandato, com reclama\u00e7\u00f5es constantes dos aliados. Apesar disso, o governo colheu poucas derrotas em vota\u00e7\u00f5es importantes.<\/p>\n","protected":false},"excerpt":{"rendered":"<p>Ap\u00f3s as elei\u00e7\u00f5es para as presid\u00eancias na C\u00e2mara e no Senado, a presidente Dilma Rousseff convocou seus principais ministros para tra\u00e7ar estrat\u00e9gias visando reaglutinar sua base parlamentar depois de uma disputa entre os dois maiores partidos governistas pelo comando dos deputados. Desde s\u00e1bado, percebendo que sofreria um rev\u00e9s na elei\u00e7\u00e3o da C\u00e2mara, ministros do governo [&hellip;]<\/p>\n","protected":false},"author":2,"featured_media":35712,"comment_status":"open","ping_status":"closed","sticky":false,"template":"","format":"standard","meta":{"_acf_changed":false,"footnotes":""},"categories":[16],"tags":[],"class_list":["post-35710","post","type-post","status-publish","format-standard","has-post-thumbnail","hentry","category-brasil"],"acf":[],"yoast_head":"<!-- This site is optimized with the Yoast SEO plugin v27.2 - https:\/\/yoast.com\/product\/yoast-seo-wordpress\/ -->\n<title>Dilma chama ministros e rev\u00ea base para enfrentar a C\u00e2mara - Notibras<\/title>\n<meta name=\"robots\" content=\"index, follow, max-snippet:-1, max-image-preview:large, max-video-preview:-1\" \/>\n<link rel=\"canonical\" href=\"https:\/\/www.notibras.com\/site\/dilma-chama-ministros-e-reavalia-base-para-enfrentar-camara-de-cunha\/\" \/>\n<meta property=\"og:locale\" content=\"pt_BR\" \/>\n<meta property=\"og:type\" content=\"article\" \/>\n<meta property=\"og:title\" content=\"Dilma chama ministros e rev\u00ea base para enfrentar a C\u00e2mara - Notibras\" \/>\n<meta property=\"og:description\" content=\"Ap\u00f3s as elei\u00e7\u00f5es para as presid\u00eancias na C\u00e2mara e no Senado, a presidente Dilma Rousseff convocou seus principais ministros para tra\u00e7ar estrat\u00e9gias visando reaglutinar sua base parlamentar depois de uma disputa entre os dois maiores partidos governistas pelo comando dos deputados. Desde s\u00e1bado, percebendo que sofreria um rev\u00e9s na elei\u00e7\u00e3o da C\u00e2mara, ministros do governo [&hellip;]\" \/>\n<meta property=\"og:url\" content=\"https:\/\/www.notibras.com\/site\/dilma-chama-ministros-e-reavalia-base-para-enfrentar-camara-de-cunha\/\" \/>\n<meta property=\"og:site_name\" content=\"Notibras\" \/>\n<meta property=\"article:publisher\" content=\"https:\/\/www.facebook.com\/notibras\/\" \/>\n<meta property=\"article:published_time\" content=\"2015-02-02T10:42:14+00:00\" \/>\n<meta property=\"article:modified_time\" content=\"2015-02-02T16:04:25+00:00\" \/>\n<meta property=\"og:image\" content=\"https:\/\/www.notibras.com\/site\/wp-content\/uploads\/2015\/02\/Dilma-m\u00e3o-na-cabe\u00e7a1.jpg\" \/>\n\t<meta property=\"og:image:width\" content=\"775\" \/>\n\t<meta property=\"og:image:height\" content=\"600\" \/>\n\t<meta property=\"og:image:type\" content=\"image\/jpeg\" \/>\n<meta name=\"author\" content=\"Reda\u00e7\u00e3o\" \/>\n<meta name=\"twitter:card\" content=\"summary_large_image\" \/>\n<meta name=\"twitter:creator\" content=\"@Notibras\" \/>\n<meta name=\"twitter:site\" content=\"@Notibras\" \/>\n<meta name=\"twitter:label1\" content=\"Escrito por\" \/>\n\t<meta name=\"twitter:data1\" content=\"Reda\u00e7\u00e3o\" \/>\n\t<meta name=\"twitter:label2\" content=\"Est. tempo de leitura\" \/>\n\t<meta name=\"twitter:data2\" content=\"3 minutos\" \/>\n<script type=\"application\/ld+json\" class=\"yoast-schema-graph\">{\"@context\":\"https:\/\/schema.org\",\"@graph\":[{\"@type\":\"Article\",\"@id\":\"https:\/\/www.notibras.com\/site\/dilma-chama-ministros-e-reavalia-base-para-enfrentar-camara-de-cunha\/#article\",\"isPartOf\":{\"@id\":\"https:\/\/www.notibras.com\/site\/dilma-chama-ministros-e-reavalia-base-para-enfrentar-camara-de-cunha\/\"},\"author\":{\"name\":\"Reda\u00e7\u00e3o\",\"@id\":\"https:\/\/www.notibras.com\/site\/#\/schema\/person\/36ab0979449956132d3e5b517ea76ac8\"},\"headline\":\"Dilma chama ministros e rev\u00ea base para enfrentar a C\u00e2mara\",\"datePublished\":\"2015-02-02T10:42:14+00:00\",\"dateModified\":\"2015-02-02T16:04:25+00:00\",\"mainEntityOfPage\":{\"@id\":\"https:\/\/www.notibras.com\/site\/dilma-chama-ministros-e-reavalia-base-para-enfrentar-camara-de-cunha\/\"},\"wordCount\":565,\"commentCount\":0,\"publisher\":{\"@id\":\"https:\/\/www.notibras.com\/site\/#organization\"},\"image\":{\"@id\":\"https:\/\/www.notibras.com\/site\/dilma-chama-ministros-e-reavalia-base-para-enfrentar-camara-de-cunha\/#primaryimage\"},\"thumbnailUrl\":\"https:\/\/www.notibras.com\/site\/wp-content\/uploads\/2015\/02\/Dilma-m\u00e3o-na-cabe\u00e7a1.jpg\",\"articleSection\":[\"Brasil\"],\"inLanguage\":\"pt-BR\",\"potentialAction\":[{\"@type\":\"CommentAction\",\"name\":\"Comment\",\"target\":[\"https:\/\/www.notibras.com\/site\/dilma-chama-ministros-e-reavalia-base-para-enfrentar-camara-de-cunha\/#respond\"]}]},{\"@type\":\"WebPage\",\"@id\":\"https:\/\/www.notibras.com\/site\/dilma-chama-ministros-e-reavalia-base-para-enfrentar-camara-de-cunha\/\",\"url\":\"https:\/\/www.notibras.com\/site\/dilma-chama-ministros-e-reavalia-base-para-enfrentar-camara-de-cunha\/\",\"name\":\"Dilma chama ministros e rev\u00ea base para enfrentar a C\u00e2mara - Notibras\",\"isPartOf\":{\"@id\":\"https:\/\/www.notibras.com\/site\/#website\"},\"primaryImageOfPage\":{\"@id\":\"https:\/\/www.notibras.com\/site\/dilma-chama-ministros-e-reavalia-base-para-enfrentar-camara-de-cunha\/#primaryimage\"},\"image\":{\"@id\":\"https:\/\/www.notibras.com\/site\/dilma-chama-ministros-e-reavalia-base-para-enfrentar-camara-de-cunha\/#primaryimage\"},\"thumbnailUrl\":\"https:\/\/www.notibras.com\/site\/wp-content\/uploads\/2015\/02\/Dilma-m\u00e3o-na-cabe\u00e7a1.jpg\",\"datePublished\":\"2015-02-02T10:42:14+00:00\",\"dateModified\":\"2015-02-02T16:04:25+00:00\",\"breadcrumb\":{\"@id\":\"https:\/\/www.notibras.com\/site\/dilma-chama-ministros-e-reavalia-base-para-enfrentar-camara-de-cunha\/#breadcrumb\"},\"inLanguage\":\"pt-BR\",\"potentialAction\":[{\"@type\":\"ReadAction\",\"target\":[\"https:\/\/www.notibras.com\/site\/dilma-chama-ministros-e-reavalia-base-para-enfrentar-camara-de-cunha\/\"]}]},{\"@type\":\"ImageObject\",\"inLanguage\":\"pt-BR\",\"@id\":\"https:\/\/www.notibras.com\/site\/dilma-chama-ministros-e-reavalia-base-para-enfrentar-camara-de-cunha\/#primaryimage\",\"url\":\"https:\/\/www.notibras.com\/site\/wp-content\/uploads\/2015\/02\/Dilma-m\u00e3o-na-cabe\u00e7a1.jpg\",\"contentUrl\":\"https:\/\/www.notibras.com\/site\/wp-content\/uploads\/2015\/02\/Dilma-m\u00e3o-na-cabe\u00e7a1.jpg\",\"width\":775,\"height\":600},{\"@type\":\"BreadcrumbList\",\"@id\":\"https:\/\/www.notibras.com\/site\/dilma-chama-ministros-e-reavalia-base-para-enfrentar-camara-de-cunha\/#breadcrumb\",\"itemListElement\":[{\"@type\":\"ListItem\",\"position\":1,\"name\":\"In\u00edcio\",\"item\":\"https:\/\/www.notibras.com\/site\/\"},{\"@type\":\"ListItem\",\"position\":2,\"name\":\"Dilma chama ministros e rev\u00ea base para enfrentar a C\u00e2mara\"}]},{\"@type\":\"WebSite\",\"@id\":\"https:\/\/www.notibras.com\/site\/#website\",\"url\":\"https:\/\/www.notibras.com\/site\/\",\"name\":\"Notibras\",\"description\":\"Not\u00edcias de Bras\u00edlia, do Brasil e do Mundo\",\"publisher\":{\"@id\":\"https:\/\/www.notibras.com\/site\/#organization\"},\"potentialAction\":[{\"@type\":\"SearchAction\",\"target\":{\"@type\":\"EntryPoint\",\"urlTemplate\":\"https:\/\/www.notibras.com\/site\/?s={search_term_string}\"},\"query-input\":{\"@type\":\"PropertyValueSpecification\",\"valueRequired\":true,\"valueName\":\"search_term_string\"}}],\"inLanguage\":\"pt-BR\"},{\"@type\":\"Organization\",\"@id\":\"https:\/\/www.notibras.com\/site\/#organization\",\"name\":\"Grupo Notibras de Comunica\u00e7\u00e3o\",\"url\":\"https:\/\/www.notibras.com\/site\/\",\"logo\":{\"@type\":\"ImageObject\",\"inLanguage\":\"pt-BR\",\"@id\":\"https:\/\/www.notibras.com\/site\/#\/schema\/logo\/image\/\",\"url\":\"https:\/\/www.notibras.com\/site\/wp-content\/uploads\/2023\/01\/notibras23.png\",\"contentUrl\":\"https:\/\/www.notibras.com\/site\/wp-content\/uploads\/2023\/01\/notibras23.png\",\"width\":350,\"height\":87,\"caption\":\"Grupo Notibras de Comunica\u00e7\u00e3o\"},\"image\":{\"@id\":\"https:\/\/www.notibras.com\/site\/#\/schema\/logo\/image\/\"},\"sameAs\":[\"https:\/\/www.facebook.com\/notibras\/\",\"https:\/\/x.com\/Notibras\",\"https:\/\/www.instagram.com\/notibras\/\"]},{\"@type\":\"Person\",\"@id\":\"https:\/\/www.notibras.com\/site\/#\/schema\/person\/36ab0979449956132d3e5b517ea76ac8\",\"name\":\"Reda\u00e7\u00e3o\",\"image\":{\"@type\":\"ImageObject\",\"inLanguage\":\"pt-BR\",\"@id\":\"https:\/\/secure.gravatar.com\/avatar\/e0a867bdedb85fd243eadf09663511f96fc81e0720a4a42581f334ad4303aa6b?s=96&d=mm&r=g\",\"url\":\"https:\/\/secure.gravatar.com\/avatar\/e0a867bdedb85fd243eadf09663511f96fc81e0720a4a42581f334ad4303aa6b?s=96&d=mm&r=g\",\"contentUrl\":\"https:\/\/secure.gravatar.com\/avatar\/e0a867bdedb85fd243eadf09663511f96fc81e0720a4a42581f334ad4303aa6b?s=96&d=mm&r=g\",\"caption\":\"Reda\u00e7\u00e3o\"}}]}<\/script>\n<!-- \/ Yoast SEO plugin. -->","yoast_head_json":{"title":"Dilma chama ministros e rev\u00ea base para enfrentar a C\u00e2mara - Notibras","robots":{"index":"index","follow":"follow","max-snippet":"max-snippet:-1","max-image-preview":"max-image-preview:large","max-video-preview":"max-video-preview:-1"},"canonical":"https:\/\/www.notibras.com\/site\/dilma-chama-ministros-e-reavalia-base-para-enfrentar-camara-de-cunha\/","og_locale":"pt_BR","og_type":"article","og_title":"Dilma chama ministros e rev\u00ea base para enfrentar a C\u00e2mara - Notibras","og_description":"Ap\u00f3s as elei\u00e7\u00f5es para as presid\u00eancias na C\u00e2mara e no Senado, a presidente Dilma Rousseff convocou seus principais ministros para tra\u00e7ar estrat\u00e9gias visando reaglutinar sua base parlamentar depois de uma disputa entre os dois maiores partidos governistas pelo comando dos deputados. Desde s\u00e1bado, percebendo que sofreria um rev\u00e9s na elei\u00e7\u00e3o da C\u00e2mara, ministros do governo [&hellip;]","og_url":"https:\/\/www.notibras.com\/site\/dilma-chama-ministros-e-reavalia-base-para-enfrentar-camara-de-cunha\/","og_site_name":"Notibras","article_publisher":"https:\/\/www.facebook.com\/notibras\/","article_published_time":"2015-02-02T10:42:14+00:00","article_modified_time":"2015-02-02T16:04:25+00:00","og_image":[{"width":775,"height":600,"url":"https:\/\/www.notibras.com\/site\/wp-content\/uploads\/2015\/02\/Dilma-m\u00e3o-na-cabe\u00e7a1.jpg","type":"image\/jpeg"}],"author":"Reda\u00e7\u00e3o","twitter_card":"summary_large_image","twitter_creator":"@Notibras","twitter_site":"@Notibras","twitter_misc":{"Escrito por":"Reda\u00e7\u00e3o","Est. tempo de leitura":"3 minutos"},"schema":{"@context":"https:\/\/schema.org","@graph":[{"@type":"Article","@id":"https:\/\/www.notibras.com\/site\/dilma-chama-ministros-e-reavalia-base-para-enfrentar-camara-de-cunha\/#article","isPartOf":{"@id":"https:\/\/www.notibras.com\/site\/dilma-chama-ministros-e-reavalia-base-para-enfrentar-camara-de-cunha\/"},"author":{"name":"Reda\u00e7\u00e3o","@id":"https:\/\/www.notibras.com\/site\/#\/schema\/person\/36ab0979449956132d3e5b517ea76ac8"},"headline":"Dilma chama ministros e rev\u00ea base para enfrentar a C\u00e2mara","datePublished":"2015-02-02T10:42:14+00:00","dateModified":"2015-02-02T16:04:25+00:00","mainEntityOfPage":{"@id":"https:\/\/www.notibras.com\/site\/dilma-chama-ministros-e-reavalia-base-para-enfrentar-camara-de-cunha\/"},"wordCount":565,"commentCount":0,"publisher":{"@id":"https:\/\/www.notibras.com\/site\/#organization"},"image":{"@id":"https:\/\/www.notibras.com\/site\/dilma-chama-ministros-e-reavalia-base-para-enfrentar-camara-de-cunha\/#primaryimage"},"thumbnailUrl":"https:\/\/www.notibras.com\/site\/wp-content\/uploads\/2015\/02\/Dilma-m\u00e3o-na-cabe\u00e7a1.jpg","articleSection":["Brasil"],"inLanguage":"pt-BR","potentialAction":[{"@type":"CommentAction","name":"Comment","target":["https:\/\/www.notibras.com\/site\/dilma-chama-ministros-e-reavalia-base-para-enfrentar-camara-de-cunha\/#respond"]}]},{"@type":"WebPage","@id":"https:\/\/www.notibras.com\/site\/dilma-chama-ministros-e-reavalia-base-para-enfrentar-camara-de-cunha\/","url":"https:\/\/www.notibras.com\/site\/dilma-chama-ministros-e-reavalia-base-para-enfrentar-camara-de-cunha\/","name":"Dilma chama ministros e rev\u00ea base para enfrentar a C\u00e2mara - Notibras","isPartOf":{"@id":"https:\/\/www.notibras.com\/site\/#website"},"primaryImageOfPage":{"@id":"https:\/\/www.notibras.com\/site\/dilma-chama-ministros-e-reavalia-base-para-enfrentar-camara-de-cunha\/#primaryimage"},"image":{"@id":"https:\/\/www.notibras.com\/site\/dilma-chama-ministros-e-reavalia-base-para-enfrentar-camara-de-cunha\/#primaryimage"},"thumbnailUrl":"https:\/\/www.notibras.com\/site\/wp-content\/uploads\/2015\/02\/Dilma-m\u00e3o-na-cabe\u00e7a1.jpg","datePublished":"2015-02-02T10:42:14+00:00","dateModified":"2015-02-02T16:04:25+00:00","breadcrumb":{"@id":"https:\/\/www.notibras.com\/site\/dilma-chama-ministros-e-reavalia-base-para-enfrentar-camara-de-cunha\/#breadcrumb"},"inLanguage":"pt-BR","potentialAction":[{"@type":"ReadAction","target":["https:\/\/www.notibras.com\/site\/dilma-chama-ministros-e-reavalia-base-para-enfrentar-camara-de-cunha\/"]}]},{"@type":"ImageObject","inLanguage":"pt-BR","@id":"https:\/\/www.notibras.com\/site\/dilma-chama-ministros-e-reavalia-base-para-enfrentar-camara-de-cunha\/#primaryimage","url":"https:\/\/www.notibras.com\/site\/wp-content\/uploads\/2015\/02\/Dilma-m\u00e3o-na-cabe\u00e7a1.jpg","contentUrl":"https:\/\/www.notibras.com\/site\/wp-content\/uploads\/2015\/02\/Dilma-m\u00e3o-na-cabe\u00e7a1.jpg","width":775,"height":600},{"@type":"BreadcrumbList","@id":"https:\/\/www.notibras.com\/site\/dilma-chama-ministros-e-reavalia-base-para-enfrentar-camara-de-cunha\/#breadcrumb","itemListElement":[{"@type":"ListItem","position":1,"name":"In\u00edcio","item":"https:\/\/www.notibras.com\/site\/"},{"@type":"ListItem","position":2,"name":"Dilma chama ministros e rev\u00ea base para enfrentar a C\u00e2mara"}]},{"@type":"WebSite","@id":"https:\/\/www.notibras.com\/site\/#website","url":"https:\/\/www.notibras.com\/site\/","name":"Notibras","description":"Not\u00edcias de Bras\u00edlia, do Brasil e do Mundo","publisher":{"@id":"https:\/\/www.notibras.com\/site\/#organization"},"potentialAction":[{"@type":"SearchAction","target":{"@type":"EntryPoint","urlTemplate":"https:\/\/www.notibras.com\/site\/?s={search_term_string}"},"query-input":{"@type":"PropertyValueSpecification","valueRequired":true,"valueName":"search_term_string"}}],"inLanguage":"pt-BR"},{"@type":"Organization","@id":"https:\/\/www.notibras.com\/site\/#organization","name":"Grupo Notibras de Comunica\u00e7\u00e3o","url":"https:\/\/www.notibras.com\/site\/","logo":{"@type":"ImageObject","inLanguage":"pt-BR","@id":"https:\/\/www.notibras.com\/site\/#\/schema\/logo\/image\/","url":"https:\/\/www.notibras.com\/site\/wp-content\/uploads\/2023\/01\/notibras23.png","contentUrl":"https:\/\/www.notibras.com\/site\/wp-content\/uploads\/2023\/01\/notibras23.png","width":350,"height":87,"caption":"Grupo Notibras de Comunica\u00e7\u00e3o"},"image":{"@id":"https:\/\/www.notibras.com\/site\/#\/schema\/logo\/image\/"},"sameAs":["https:\/\/www.facebook.com\/notibras\/","https:\/\/x.com\/Notibras","https:\/\/www.instagram.com\/notibras\/"]},{"@type":"Person","@id":"https:\/\/www.notibras.com\/site\/#\/schema\/person\/36ab0979449956132d3e5b517ea76ac8","name":"Reda\u00e7\u00e3o","image":{"@type":"ImageObject","inLanguage":"pt-BR","@id":"https:\/\/secure.gravatar.com\/avatar\/e0a867bdedb85fd243eadf09663511f96fc81e0720a4a42581f334ad4303aa6b?s=96&d=mm&r=g","url":"https:\/\/secure.gravatar.com\/avatar\/e0a867bdedb85fd243eadf09663511f96fc81e0720a4a42581f334ad4303aa6b?s=96&d=mm&r=g","contentUrl":"https:\/\/secure.gravatar.com\/avatar\/e0a867bdedb85fd243eadf09663511f96fc81e0720a4a42581f334ad4303aa6b?s=96&d=mm&r=g","caption":"Reda\u00e7\u00e3o"}}]}},"amp_enabled":true,"_links":{"self":[{"href":"https:\/\/www.notibras.com\/site\/wp-json\/wp\/v2\/posts\/35710","targetHints":{"allow":["GET"]}}],"collection":[{"href":"https:\/\/www.notibras.com\/site\/wp-json\/wp\/v2\/posts"}],"about":[{"href":"https:\/\/www.notibras.com\/site\/wp-json\/wp\/v2\/types\/post"}],"author":[{"embeddable":true,"href":"https:\/\/www.notibras.com\/site\/wp-json\/wp\/v2\/users\/2"}],"replies":[{"embeddable":true,"href":"https:\/\/www.notibras.com\/site\/wp-json\/wp\/v2\/comments?post=35710"}],"version-history":[{"count":0,"href":"https:\/\/www.notibras.com\/site\/wp-json\/wp\/v2\/posts\/35710\/revisions"}],"wp:featuredmedia":[{"embeddable":true,"href":"https:\/\/www.notibras.com\/site\/wp-json\/wp\/v2\/media\/35712"}],"wp:attachment":[{"href":"https:\/\/www.notibras.com\/site\/wp-json\/wp\/v2\/media?parent=35710"}],"wp:term":[{"taxonomy":"category","embeddable":true,"href":"https:\/\/www.notibras.com\/site\/wp-json\/wp\/v2\/categories?post=35710"},{"taxonomy":"post_tag","embeddable":true,"href":"https:\/\/www.notibras.com\/site\/wp-json\/wp\/v2\/tags?post=35710"}],"curies":[{"name":"wp","href":"https:\/\/api.w.org\/{rel}","templated":true}]}}