{"id":357158,"date":"2025-07-03T06:00:13","date_gmt":"2025-07-03T09:00:13","guid":{"rendered":"https:\/\/www.notibras.com\/site\/?p=357158"},"modified":"2025-07-03T06:24:01","modified_gmt":"2025-07-03T09:24:01","slug":"pentagono-recua-e-decide-manter-apoio-militar-aos-ucranianos","status":"publish","type":"post","link":"https:\/\/www.notibras.com\/site\/pentagono-recua-e-decide-manter-apoio-militar-aos-ucranianos\/","title":{"rendered":"Pentagono recua e decide manter apoio militar aos ucranianos"},"content":{"rendered":"<p>A decis\u00e3o de interromper parte da assist\u00eancia militar dos EUA \u00e0 Ucr\u00e2nia envolve apenas &#8220;um aspecto&#8221; e n\u00e3o afetar\u00e1 o processo de resolu\u00e7\u00e3o do conflito, disse a porta-voz do Departamento de Estado dos EUA, Tammy Bruce, na quarta-feira, 2.<\/p>\n<p>&#8220;N\u00e3o ser\u00e1 um fator, porque n\u00e3o suspendemos o envio de armas para a Ucr\u00e2nia. Este \u00e9 um aspecto, uma situa\u00e7\u00e3o, um evento que foi alterado&#8230; N\u00e3o se trata de uma interrup\u00e7\u00e3o da assist\u00eancia americana \u00e0 Ucr\u00e2nia ou do fornecimento de armas. Este \u00e9 um evento e uma situa\u00e7\u00e3o, e discutiremos o que mais surgir no futuro&#8221;, disse Bruce em um briefing.<\/p>\n<p>Seus coment\u00e1rios foram feitos ap\u00f3s relatos da m\u00eddia de que o Pent\u00e1gono suspendeu as entregas de diversas muni\u00e7\u00f5es essenciais devido a preocupa\u00e7\u00f5es com a diminui\u00e7\u00e3o dos estoques dos EUA, citando diversas fontes de defesa e do Congresso.<\/p>\n<p>Os itens pausados \u200b\u200bsupostamente incluem:<br \/>\nDezenas de interceptadores de m\u00edsseis Patriot<br \/>\nMilhares de proj\u00e9teis de obus de 155 mm<br \/>\nMais de 100 m\u00edsseis Hellfire<br \/>\nMais de 250 sistemas de precis\u00e3o GMLRS<br \/>\nStinger, m\u00edsseis ar-ar AIM e lan\u00e7adores de granadas<\/p>\n","protected":false},"excerpt":{"rendered":"<p>A decis\u00e3o de interromper parte da assist\u00eancia militar dos EUA \u00e0 Ucr\u00e2nia envolve apenas &#8220;um aspecto&#8221; e n\u00e3o afetar\u00e1 o processo de resolu\u00e7\u00e3o do conflito, disse a porta-voz do Departamento de Estado dos EUA, Tammy Bruce, na quarta-feira, 2. &#8220;N\u00e3o ser\u00e1 um fator, porque n\u00e3o suspendemos o envio de armas para a Ucr\u00e2nia. Este \u00e9 [&hellip;]<\/p>\n","protected":false},"author":2,"featured_media":357159,"comment_status":"closed","ping_status":"closed","sticky":false,"template":"","format":"standard","meta":{"_acf_changed":false,"footnotes":""},"categories":[159],"tags":[],"class_list":["post-357158","post","type-post","status-publish","format-standard","has-post-thumbnail","hentry","category-apocalipse"],"acf":[],"yoast_head":"<!-- This site is optimized with the Yoast SEO plugin v27.2 - https:\/\/yoast.com\/product\/yoast-seo-wordpress\/ -->\n<title>Pentagono recua e decide manter apoio militar aos ucranianos - Notibras<\/title>\n<meta name=\"robots\" content=\"index, follow, max-snippet:-1, max-image-preview:large, max-video-preview:-1\" \/>\n<link rel=\"canonical\" href=\"https:\/\/www.notibras.com\/site\/pentagono-recua-e-decide-manter-apoio-militar-aos-ucranianos\/\" \/>\n<meta property=\"og:locale\" content=\"pt_BR\" \/>\n<meta property=\"og:type\" content=\"article\" \/>\n<meta property=\"og:title\" content=\"Pentagono recua e decide manter apoio militar aos ucranianos - Notibras\" \/>\n<meta property=\"og:description\" content=\"A decis\u00e3o de interromper parte da assist\u00eancia militar dos EUA \u00e0 Ucr\u00e2nia envolve apenas &#8220;um aspecto&#8221; e n\u00e3o afetar\u00e1 o processo de resolu\u00e7\u00e3o do conflito, disse a porta-voz do Departamento de Estado dos EUA, Tammy Bruce, na quarta-feira, 2. &#8220;N\u00e3o ser\u00e1 um fator, porque n\u00e3o suspendemos o envio de armas para a Ucr\u00e2nia. Este \u00e9 [&hellip;]\" \/>\n<meta property=\"og:url\" content=\"https:\/\/www.notibras.com\/site\/pentagono-recua-e-decide-manter-apoio-militar-aos-ucranianos\/\" \/>\n<meta property=\"og:site_name\" content=\"Notibras\" \/>\n<meta property=\"article:publisher\" content=\"https:\/\/www.facebook.com\/notibras\/\" \/>\n<meta property=\"article:published_time\" content=\"2025-07-03T09:00:13+00:00\" \/>\n<meta property=\"article:modified_time\" content=\"2025-07-03T09:24:01+00:00\" \/>\n<meta property=\"og:image\" content=\"https:\/\/www.notibras.com\/site\/wp-content\/uploads\/2025\/07\/1117647382_0_316_3077_2047_1920x0_80_0_0_d7cf9aed002f9921354ea28ee72be576.jpg.webp\" \/>\n\t<meta property=\"og:image:width\" content=\"1920\" \/>\n\t<meta property=\"og:image:height\" content=\"1080\" \/>\n\t<meta property=\"og:image:type\" content=\"image\/webp\" \/>\n<meta name=\"author\" content=\"Reda\u00e7\u00e3o\" \/>\n<meta name=\"twitter:card\" content=\"summary_large_image\" \/>\n<meta name=\"twitter:creator\" content=\"@Notibras\" \/>\n<meta name=\"twitter:site\" content=\"@Notibras\" \/>\n<meta name=\"twitter:label1\" content=\"Escrito por\" \/>\n\t<meta name=\"twitter:data1\" content=\"Reda\u00e7\u00e3o\" \/>\n\t<meta name=\"twitter:label2\" content=\"Est. tempo de leitura\" \/>\n\t<meta name=\"twitter:data2\" content=\"2 minutos\" \/>\n<script type=\"application\/ld+json\" class=\"yoast-schema-graph\">{\"@context\":\"https:\/\/schema.org\",\"@graph\":[{\"@type\":\"Article\",\"@id\":\"https:\/\/www.notibras.com\/site\/pentagono-recua-e-decide-manter-apoio-militar-aos-ucranianos\/#article\",\"isPartOf\":{\"@id\":\"https:\/\/www.notibras.com\/site\/pentagono-recua-e-decide-manter-apoio-militar-aos-ucranianos\/\"},\"author\":{\"name\":\"Reda\u00e7\u00e3o\",\"@id\":\"https:\/\/www.notibras.com\/site\/#\/schema\/person\/36ab0979449956132d3e5b517ea76ac8\"},\"headline\":\"Pentagono recua e decide manter apoio militar aos ucranianos\",\"datePublished\":\"2025-07-03T09:00:13+00:00\",\"dateModified\":\"2025-07-03T09:24:01+00:00\",\"mainEntityOfPage\":{\"@id\":\"https:\/\/www.notibras.com\/site\/pentagono-recua-e-decide-manter-apoio-militar-aos-ucranianos\/\"},\"wordCount\":204,\"publisher\":{\"@id\":\"https:\/\/www.notibras.com\/site\/#organization\"},\"image\":{\"@id\":\"https:\/\/www.notibras.com\/site\/pentagono-recua-e-decide-manter-apoio-militar-aos-ucranianos\/#primaryimage\"},\"thumbnailUrl\":\"https:\/\/www.notibras.com\/site\/wp-content\/uploads\/2025\/07\/1117647382_0_316_3077_2047_1920x0_80_0_0_d7cf9aed002f9921354ea28ee72be576.jpg.webp\",\"articleSection\":[\"Apocalipse\"],\"inLanguage\":\"pt-BR\"},{\"@type\":\"WebPage\",\"@id\":\"https:\/\/www.notibras.com\/site\/pentagono-recua-e-decide-manter-apoio-militar-aos-ucranianos\/\",\"url\":\"https:\/\/www.notibras.com\/site\/pentagono-recua-e-decide-manter-apoio-militar-aos-ucranianos\/\",\"name\":\"Pentagono recua e decide manter apoio militar aos ucranianos - Notibras\",\"isPartOf\":{\"@id\":\"https:\/\/www.notibras.com\/site\/#website\"},\"primaryImageOfPage\":{\"@id\":\"https:\/\/www.notibras.com\/site\/pentagono-recua-e-decide-manter-apoio-militar-aos-ucranianos\/#primaryimage\"},\"image\":{\"@id\":\"https:\/\/www.notibras.com\/site\/pentagono-recua-e-decide-manter-apoio-militar-aos-ucranianos\/#primaryimage\"},\"thumbnailUrl\":\"https:\/\/www.notibras.com\/site\/wp-content\/uploads\/2025\/07\/1117647382_0_316_3077_2047_1920x0_80_0_0_d7cf9aed002f9921354ea28ee72be576.jpg.webp\",\"datePublished\":\"2025-07-03T09:00:13+00:00\",\"dateModified\":\"2025-07-03T09:24:01+00:00\",\"breadcrumb\":{\"@id\":\"https:\/\/www.notibras.com\/site\/pentagono-recua-e-decide-manter-apoio-militar-aos-ucranianos\/#breadcrumb\"},\"inLanguage\":\"pt-BR\",\"potentialAction\":[{\"@type\":\"ReadAction\",\"target\":[\"https:\/\/www.notibras.com\/site\/pentagono-recua-e-decide-manter-apoio-militar-aos-ucranianos\/\"]}]},{\"@type\":\"ImageObject\",\"inLanguage\":\"pt-BR\",\"@id\":\"https:\/\/www.notibras.com\/site\/pentagono-recua-e-decide-manter-apoio-militar-aos-ucranianos\/#primaryimage\",\"url\":\"https:\/\/www.notibras.com\/site\/wp-content\/uploads\/2025\/07\/1117647382_0_316_3077_2047_1920x0_80_0_0_d7cf9aed002f9921354ea28ee72be576.jpg.webp\",\"contentUrl\":\"https:\/\/www.notibras.com\/site\/wp-content\/uploads\/2025\/07\/1117647382_0_316_3077_2047_1920x0_80_0_0_d7cf9aed002f9921354ea28ee72be576.jpg.webp\",\"width\":1920,\"height\":1080},{\"@type\":\"BreadcrumbList\",\"@id\":\"https:\/\/www.notibras.com\/site\/pentagono-recua-e-decide-manter-apoio-militar-aos-ucranianos\/#breadcrumb\",\"itemListElement\":[{\"@type\":\"ListItem\",\"position\":1,\"name\":\"In\u00edcio\",\"item\":\"https:\/\/www.notibras.com\/site\/\"},{\"@type\":\"ListItem\",\"position\":2,\"name\":\"Pentagono recua e decide manter apoio militar aos ucranianos\"}]},{\"@type\":\"WebSite\",\"@id\":\"https:\/\/www.notibras.com\/site\/#website\",\"url\":\"https:\/\/www.notibras.com\/site\/\",\"name\":\"Notibras\",\"description\":\"Not\u00edcias de Bras\u00edlia, do Brasil e do Mundo\",\"publisher\":{\"@id\":\"https:\/\/www.notibras.com\/site\/#organization\"},\"potentialAction\":[{\"@type\":\"SearchAction\",\"target\":{\"@type\":\"EntryPoint\",\"urlTemplate\":\"https:\/\/www.notibras.com\/site\/?s={search_term_string}\"},\"query-input\":{\"@type\":\"PropertyValueSpecification\",\"valueRequired\":true,\"valueName\":\"search_term_string\"}}],\"inLanguage\":\"pt-BR\"},{\"@type\":\"Organization\",\"@id\":\"https:\/\/www.notibras.com\/site\/#organization\",\"name\":\"Grupo Notibras de Comunica\u00e7\u00e3o\",\"url\":\"https:\/\/www.notibras.com\/site\/\",\"logo\":{\"@type\":\"ImageObject\",\"inLanguage\":\"pt-BR\",\"@id\":\"https:\/\/www.notibras.com\/site\/#\/schema\/logo\/image\/\",\"url\":\"https:\/\/www.notibras.com\/site\/wp-content\/uploads\/2023\/01\/notibras23.png\",\"contentUrl\":\"https:\/\/www.notibras.com\/site\/wp-content\/uploads\/2023\/01\/notibras23.png\",\"width\":350,\"height\":87,\"caption\":\"Grupo Notibras de Comunica\u00e7\u00e3o\"},\"image\":{\"@id\":\"https:\/\/www.notibras.com\/site\/#\/schema\/logo\/image\/\"},\"sameAs\":[\"https:\/\/www.facebook.com\/notibras\/\",\"https:\/\/x.com\/Notibras\",\"https:\/\/www.instagram.com\/notibras\/\"]},{\"@type\":\"Person\",\"@id\":\"https:\/\/www.notibras.com\/site\/#\/schema\/person\/36ab0979449956132d3e5b517ea76ac8\",\"name\":\"Reda\u00e7\u00e3o\",\"image\":{\"@type\":\"ImageObject\",\"inLanguage\":\"pt-BR\",\"@id\":\"https:\/\/secure.gravatar.com\/avatar\/e0a867bdedb85fd243eadf09663511f96fc81e0720a4a42581f334ad4303aa6b?s=96&d=mm&r=g\",\"url\":\"https:\/\/secure.gravatar.com\/avatar\/e0a867bdedb85fd243eadf09663511f96fc81e0720a4a42581f334ad4303aa6b?s=96&d=mm&r=g\",\"contentUrl\":\"https:\/\/secure.gravatar.com\/avatar\/e0a867bdedb85fd243eadf09663511f96fc81e0720a4a42581f334ad4303aa6b?s=96&d=mm&r=g\",\"caption\":\"Reda\u00e7\u00e3o\"}}]}<\/script>\n<!-- \/ Yoast SEO plugin. -->","yoast_head_json":{"title":"Pentagono recua e decide manter apoio militar aos ucranianos - Notibras","robots":{"index":"index","follow":"follow","max-snippet":"max-snippet:-1","max-image-preview":"max-image-preview:large","max-video-preview":"max-video-preview:-1"},"canonical":"https:\/\/www.notibras.com\/site\/pentagono-recua-e-decide-manter-apoio-militar-aos-ucranianos\/","og_locale":"pt_BR","og_type":"article","og_title":"Pentagono recua e decide manter apoio militar aos ucranianos - Notibras","og_description":"A decis\u00e3o de interromper parte da assist\u00eancia militar dos EUA \u00e0 Ucr\u00e2nia envolve apenas &#8220;um aspecto&#8221; e n\u00e3o afetar\u00e1 o processo de resolu\u00e7\u00e3o do conflito, disse a porta-voz do Departamento de Estado dos EUA, Tammy Bruce, na quarta-feira, 2. &#8220;N\u00e3o ser\u00e1 um fator, porque n\u00e3o suspendemos o envio de armas para a Ucr\u00e2nia. Este \u00e9 [&hellip;]","og_url":"https:\/\/www.notibras.com\/site\/pentagono-recua-e-decide-manter-apoio-militar-aos-ucranianos\/","og_site_name":"Notibras","article_publisher":"https:\/\/www.facebook.com\/notibras\/","article_published_time":"2025-07-03T09:00:13+00:00","article_modified_time":"2025-07-03T09:24:01+00:00","og_image":[{"width":1920,"height":1080,"url":"https:\/\/www.notibras.com\/site\/wp-content\/uploads\/2025\/07\/1117647382_0_316_3077_2047_1920x0_80_0_0_d7cf9aed002f9921354ea28ee72be576.jpg.webp","type":"image\/webp"}],"author":"Reda\u00e7\u00e3o","twitter_card":"summary_large_image","twitter_creator":"@Notibras","twitter_site":"@Notibras","twitter_misc":{"Escrito por":"Reda\u00e7\u00e3o","Est. tempo de leitura":"2 minutos"},"schema":{"@context":"https:\/\/schema.org","@graph":[{"@type":"Article","@id":"https:\/\/www.notibras.com\/site\/pentagono-recua-e-decide-manter-apoio-militar-aos-ucranianos\/#article","isPartOf":{"@id":"https:\/\/www.notibras.com\/site\/pentagono-recua-e-decide-manter-apoio-militar-aos-ucranianos\/"},"author":{"name":"Reda\u00e7\u00e3o","@id":"https:\/\/www.notibras.com\/site\/#\/schema\/person\/36ab0979449956132d3e5b517ea76ac8"},"headline":"Pentagono recua e decide manter apoio militar aos ucranianos","datePublished":"2025-07-03T09:00:13+00:00","dateModified":"2025-07-03T09:24:01+00:00","mainEntityOfPage":{"@id":"https:\/\/www.notibras.com\/site\/pentagono-recua-e-decide-manter-apoio-militar-aos-ucranianos\/"},"wordCount":204,"publisher":{"@id":"https:\/\/www.notibras.com\/site\/#organization"},"image":{"@id":"https:\/\/www.notibras.com\/site\/pentagono-recua-e-decide-manter-apoio-militar-aos-ucranianos\/#primaryimage"},"thumbnailUrl":"https:\/\/www.notibras.com\/site\/wp-content\/uploads\/2025\/07\/1117647382_0_316_3077_2047_1920x0_80_0_0_d7cf9aed002f9921354ea28ee72be576.jpg.webp","articleSection":["Apocalipse"],"inLanguage":"pt-BR"},{"@type":"WebPage","@id":"https:\/\/www.notibras.com\/site\/pentagono-recua-e-decide-manter-apoio-militar-aos-ucranianos\/","url":"https:\/\/www.notibras.com\/site\/pentagono-recua-e-decide-manter-apoio-militar-aos-ucranianos\/","name":"Pentagono recua e decide manter apoio militar aos ucranianos - Notibras","isPartOf":{"@id":"https:\/\/www.notibras.com\/site\/#website"},"primaryImageOfPage":{"@id":"https:\/\/www.notibras.com\/site\/pentagono-recua-e-decide-manter-apoio-militar-aos-ucranianos\/#primaryimage"},"image":{"@id":"https:\/\/www.notibras.com\/site\/pentagono-recua-e-decide-manter-apoio-militar-aos-ucranianos\/#primaryimage"},"thumbnailUrl":"https:\/\/www.notibras.com\/site\/wp-content\/uploads\/2025\/07\/1117647382_0_316_3077_2047_1920x0_80_0_0_d7cf9aed002f9921354ea28ee72be576.jpg.webp","datePublished":"2025-07-03T09:00:13+00:00","dateModified":"2025-07-03T09:24:01+00:00","breadcrumb":{"@id":"https:\/\/www.notibras.com\/site\/pentagono-recua-e-decide-manter-apoio-militar-aos-ucranianos\/#breadcrumb"},"inLanguage":"pt-BR","potentialAction":[{"@type":"ReadAction","target":["https:\/\/www.notibras.com\/site\/pentagono-recua-e-decide-manter-apoio-militar-aos-ucranianos\/"]}]},{"@type":"ImageObject","inLanguage":"pt-BR","@id":"https:\/\/www.notibras.com\/site\/pentagono-recua-e-decide-manter-apoio-militar-aos-ucranianos\/#primaryimage","url":"https:\/\/www.notibras.com\/site\/wp-content\/uploads\/2025\/07\/1117647382_0_316_3077_2047_1920x0_80_0_0_d7cf9aed002f9921354ea28ee72be576.jpg.webp","contentUrl":"https:\/\/www.notibras.com\/site\/wp-content\/uploads\/2025\/07\/1117647382_0_316_3077_2047_1920x0_80_0_0_d7cf9aed002f9921354ea28ee72be576.jpg.webp","width":1920,"height":1080},{"@type":"BreadcrumbList","@id":"https:\/\/www.notibras.com\/site\/pentagono-recua-e-decide-manter-apoio-militar-aos-ucranianos\/#breadcrumb","itemListElement":[{"@type":"ListItem","position":1,"name":"In\u00edcio","item":"https:\/\/www.notibras.com\/site\/"},{"@type":"ListItem","position":2,"name":"Pentagono recua e decide manter apoio militar aos ucranianos"}]},{"@type":"WebSite","@id":"https:\/\/www.notibras.com\/site\/#website","url":"https:\/\/www.notibras.com\/site\/","name":"Notibras","description":"Not\u00edcias de Bras\u00edlia, do Brasil e do Mundo","publisher":{"@id":"https:\/\/www.notibras.com\/site\/#organization"},"potentialAction":[{"@type":"SearchAction","target":{"@type":"EntryPoint","urlTemplate":"https:\/\/www.notibras.com\/site\/?s={search_term_string}"},"query-input":{"@type":"PropertyValueSpecification","valueRequired":true,"valueName":"search_term_string"}}],"inLanguage":"pt-BR"},{"@type":"Organization","@id":"https:\/\/www.notibras.com\/site\/#organization","name":"Grupo Notibras de Comunica\u00e7\u00e3o","url":"https:\/\/www.notibras.com\/site\/","logo":{"@type":"ImageObject","inLanguage":"pt-BR","@id":"https:\/\/www.notibras.com\/site\/#\/schema\/logo\/image\/","url":"https:\/\/www.notibras.com\/site\/wp-content\/uploads\/2023\/01\/notibras23.png","contentUrl":"https:\/\/www.notibras.com\/site\/wp-content\/uploads\/2023\/01\/notibras23.png","width":350,"height":87,"caption":"Grupo Notibras de Comunica\u00e7\u00e3o"},"image":{"@id":"https:\/\/www.notibras.com\/site\/#\/schema\/logo\/image\/"},"sameAs":["https:\/\/www.facebook.com\/notibras\/","https:\/\/x.com\/Notibras","https:\/\/www.instagram.com\/notibras\/"]},{"@type":"Person","@id":"https:\/\/www.notibras.com\/site\/#\/schema\/person\/36ab0979449956132d3e5b517ea76ac8","name":"Reda\u00e7\u00e3o","image":{"@type":"ImageObject","inLanguage":"pt-BR","@id":"https:\/\/secure.gravatar.com\/avatar\/e0a867bdedb85fd243eadf09663511f96fc81e0720a4a42581f334ad4303aa6b?s=96&d=mm&r=g","url":"https:\/\/secure.gravatar.com\/avatar\/e0a867bdedb85fd243eadf09663511f96fc81e0720a4a42581f334ad4303aa6b?s=96&d=mm&r=g","contentUrl":"https:\/\/secure.gravatar.com\/avatar\/e0a867bdedb85fd243eadf09663511f96fc81e0720a4a42581f334ad4303aa6b?s=96&d=mm&r=g","caption":"Reda\u00e7\u00e3o"}}]}},"amp_enabled":true,"_links":{"self":[{"href":"https:\/\/www.notibras.com\/site\/wp-json\/wp\/v2\/posts\/357158","targetHints":{"allow":["GET"]}}],"collection":[{"href":"https:\/\/www.notibras.com\/site\/wp-json\/wp\/v2\/posts"}],"about":[{"href":"https:\/\/www.notibras.com\/site\/wp-json\/wp\/v2\/types\/post"}],"author":[{"embeddable":true,"href":"https:\/\/www.notibras.com\/site\/wp-json\/wp\/v2\/users\/2"}],"replies":[{"embeddable":true,"href":"https:\/\/www.notibras.com\/site\/wp-json\/wp\/v2\/comments?post=357158"}],"version-history":[{"count":1,"href":"https:\/\/www.notibras.com\/site\/wp-json\/wp\/v2\/posts\/357158\/revisions"}],"predecessor-version":[{"id":357160,"href":"https:\/\/www.notibras.com\/site\/wp-json\/wp\/v2\/posts\/357158\/revisions\/357160"}],"wp:featuredmedia":[{"embeddable":true,"href":"https:\/\/www.notibras.com\/site\/wp-json\/wp\/v2\/media\/357159"}],"wp:attachment":[{"href":"https:\/\/www.notibras.com\/site\/wp-json\/wp\/v2\/media?parent=357158"}],"wp:term":[{"taxonomy":"category","embeddable":true,"href":"https:\/\/www.notibras.com\/site\/wp-json\/wp\/v2\/categories?post=357158"},{"taxonomy":"post_tag","embeddable":true,"href":"https:\/\/www.notibras.com\/site\/wp-json\/wp\/v2\/tags?post=357158"}],"curies":[{"name":"wp","href":"https:\/\/api.w.org\/{rel}","templated":true}]}}