{"id":357215,"date":"2025-07-03T08:57:40","date_gmt":"2025-07-03T11:57:40","guid":{"rendered":"https:\/\/www.notibras.com\/site\/?p=357215"},"modified":"2025-07-03T08:57:40","modified_gmt":"2025-07-03T11:57:40","slug":"chuvas-no-nordeste-impulsionam-a-fruticultura","status":"publish","type":"post","link":"https:\/\/www.notibras.com\/site\/chuvas-no-nordeste-impulsionam-a-fruticultura\/","title":{"rendered":"Chuvas no Nordeste impulsionam a fruticultura"},"content":{"rendered":"<p>Era come\u00e7o de tarde quando as nuvens come\u00e7aram a se juntar sobre toda a regi\u00e3o nordestina, como quem arma um mutir\u00e3o de esperan\u00e7a. O c\u00e9u, antes escaldante e azul feito azulejo antigo, tingiu-se de cinza pregui\u00e7oso. E ent\u00e3o veio ela: a chuva.<\/p>\n<p>N\u00e3o era uma chuva qualquer. Era a chuva esperada, festejada em sil\u00eancio e com caf\u00e9 quente, enquanto o cheiro de terra molhada invadia cada canto da casa. A primeira chuva da esta\u00e7\u00e3o no Nordeste \u00e9 quase uma personagem m\u00edstica. N\u00e3o chega apenas para molhar, mas para transformar.<\/p>\n<p>No dia seguinte, o ch\u00e3o seco come\u00e7a a ceder espa\u00e7o para pequenos verdes. As folhas brotam com a pressa de quem tem muito a viver e pouco tempo. E junto delas, despontam tamb\u00e9m os frutos. Manga, caju, goiaba, melancia \u2014 cada uma parece saber que a hora \u00e9 agora.<\/p>\n<p>Os quintais se tornam pequenos para tanta fartura. As crian\u00e7as correm entre os p\u00e9s de acerola, sujando os p\u00e9s no barro e o rosto com o sumo vermelho. As senhoras da vizinhan\u00e7a trocam receitas de doce de umbu e geleia de seriguela como quem partilha tesouros de fam\u00edlia.<\/p>\n<p>E o cheiro, ah, o cheiro&#8230; De fruta madura ao sol, misturado com o perfume \u00famido das folhas \u2014 um aroma que n\u00e3o se imita em laborat\u00f3rio nenhum.<\/p>\n<p>A chuva no Nordeste n\u00e3o \u00e9 s\u00f3 um evento clim\u00e1tico. \u00c9 an\u00fancio de recome\u00e7o. \u00c9 garantia de fruta doce, de sombra fresca, de panela cheia. \u00c9 poesia l\u00edquida caindo do c\u00e9u.<\/p>\n","protected":false},"excerpt":{"rendered":"<p>Era come\u00e7o de tarde quando as nuvens come\u00e7aram a se juntar sobre toda a regi\u00e3o nordestina, como quem arma um mutir\u00e3o de esperan\u00e7a. O c\u00e9u, antes escaldante e azul feito azulejo antigo, tingiu-se de cinza pregui\u00e7oso. E ent\u00e3o veio ela: a chuva. N\u00e3o era uma chuva qualquer. Era a chuva esperada, festejada em sil\u00eancio e [&hellip;]<\/p>\n","protected":false},"author":2,"featured_media":357216,"comment_status":"closed","ping_status":"closed","sticky":false,"template":"","format":"standard","meta":{"_acf_changed":false,"footnotes":""},"categories":[165],"tags":[],"class_list":["post-357215","post","type-post","status-publish","format-standard","has-post-thumbnail","hentry","category-nordeste"],"acf":[],"_links":{"self":[{"href":"https:\/\/www.notibras.com\/site\/wp-json\/wp\/v2\/posts\/357215","targetHints":{"allow":["GET"]}}],"collection":[{"href":"https:\/\/www.notibras.com\/site\/wp-json\/wp\/v2\/posts"}],"about":[{"href":"https:\/\/www.notibras.com\/site\/wp-json\/wp\/v2\/types\/post"}],"author":[{"embeddable":true,"href":"https:\/\/www.notibras.com\/site\/wp-json\/wp\/v2\/users\/2"}],"replies":[{"embeddable":true,"href":"https:\/\/www.notibras.com\/site\/wp-json\/wp\/v2\/comments?post=357215"}],"version-history":[{"count":1,"href":"https:\/\/www.notibras.com\/site\/wp-json\/wp\/v2\/posts\/357215\/revisions"}],"predecessor-version":[{"id":357217,"href":"https:\/\/www.notibras.com\/site\/wp-json\/wp\/v2\/posts\/357215\/revisions\/357217"}],"wp:featuredmedia":[{"embeddable":true,"href":"https:\/\/www.notibras.com\/site\/wp-json\/wp\/v2\/media\/357216"}],"wp:attachment":[{"href":"https:\/\/www.notibras.com\/site\/wp-json\/wp\/v2\/media?parent=357215"}],"wp:term":[{"taxonomy":"category","embeddable":true,"href":"https:\/\/www.notibras.com\/site\/wp-json\/wp\/v2\/categories?post=357215"},{"taxonomy":"post_tag","embeddable":true,"href":"https:\/\/www.notibras.com\/site\/wp-json\/wp\/v2\/tags?post=357215"}],"curies":[{"name":"wp","href":"https:\/\/api.w.org\/{rel}","templated":true}]}}