{"id":357218,"date":"2025-07-03T09:05:07","date_gmt":"2025-07-03T12:05:07","guid":{"rendered":"https:\/\/www.notibras.com\/site\/?p=357218"},"modified":"2025-07-03T09:05:07","modified_gmt":"2025-07-03T12:05:07","slug":"pelo-menos-82-palestinos-morrem-em-mais-uma-noite-de-ataques-israelenses","status":"publish","type":"post","link":"https:\/\/www.notibras.com\/site\/pelo-menos-82-palestinos-morrem-em-mais-uma-noite-de-ataques-israelenses\/","title":{"rendered":"Pelo menos 82 palestinos morrem em mais uma noite de ataques israelenses"},"content":{"rendered":"<p>Pelo menos 82 palestinos perderam a vida na noite de quarta, 2, em consequ\u00eancia de uma nova onda de bombardeios israelenses sobre a Faixa de Gaza, segundo informa\u00e7\u00f5es divulgadas pelo Minist\u00e9rio da Sa\u00fade do territ\u00f3rio controlado pelo Hamas. A ofensiva, que atingiu diversas \u00e1reas residenciais, hospitais de campanha e abrigos improvisados, provocou tamb\u00e9m centenas de feridos, muitos em estado cr\u00edtico.<\/p>\n<p>Os ataques foram concentrados principalmente nas regi\u00f5es central e sul da Faixa de Gaza, com relatos de destrui\u00e7\u00e3o em Khan Younis, Rafah e Deir al-Balah. Equipes de resgate relataram dificuldades para alcan\u00e7ar os escombros devido \u00e0 destrui\u00e7\u00e3o das vias de acesso e \u00e0 escassez de combust\u00edvel para ambul\u00e2ncias.<\/p>\n<p>De acordo com as For\u00e7as de Defesa de Israel (IDF), os bombardeios tiveram como alvo supostos t\u00faneis do Hamas, dep\u00f3sitos de armas e pontos estrat\u00e9gicos do grupo isl\u00e2mico. No entanto, testemunhas locais e organiza\u00e7\u00f5es humanit\u00e1rias denunciam que grande parte das v\u00edtimas s\u00e3o civis, incluindo mulheres e crian\u00e7as.<\/p>\n<p>A escalada da viol\u00eancia acontece em meio ao impasse nas negocia\u00e7\u00f5es para um cessar-fogo, mediadas por representantes do Egito e do Catar. Organiza\u00e7\u00f5es internacionais, incluindo a ONU, voltaram a pedir um cessar imediato das hostilidades e o respeito ao direito humanit\u00e1rio.<\/p>\n<p>Desde o in\u00edcio da atual ofensiva israelense, que j\u00e1 dura quase nove meses, o n\u00famero de mortos palestinos ultrapassa 38 mil, segundo autoridades locais. Do lado israelense, os dados oficiais indicam mais de 1.400 mortos desde o ataque do Hamas em 7 de outubro de 2024, que deflagrou o conflito atual.<\/p>\n<p>A comunidade internacional segue dividida quanto \u00e0 condu\u00e7\u00e3o da guerra, enquanto a popula\u00e7\u00e3o civil paga o pre\u00e7o mais alto da escalada cont\u00ednua.<\/p>\n","protected":false},"excerpt":{"rendered":"<p>Pelo menos 82 palestinos perderam a vida na noite de quarta, 2, em consequ\u00eancia de uma nova onda de bombardeios israelenses sobre a Faixa de Gaza, segundo informa\u00e7\u00f5es divulgadas pelo Minist\u00e9rio da Sa\u00fade do territ\u00f3rio controlado pelo Hamas. A ofensiva, que atingiu diversas \u00e1reas residenciais, hospitais de campanha e abrigos improvisados, provocou tamb\u00e9m centenas de [&hellip;]<\/p>\n","protected":false},"author":2,"featured_media":357219,"comment_status":"closed","ping_status":"closed","sticky":false,"template":"","format":"standard","meta":{"_acf_changed":false,"footnotes":""},"categories":[159],"tags":[],"class_list":["post-357218","post","type-post","status-publish","format-standard","has-post-thumbnail","hentry","category-apocalipse"],"acf":[],"yoast_head":"<!-- This site is optimized with the Yoast SEO plugin v27.2 - https:\/\/yoast.com\/product\/yoast-seo-wordpress\/ -->\n<title>Pelo menos 82 palestinos morrem em mais uma noite de ataques israelenses - Notibras<\/title>\n<meta name=\"robots\" content=\"index, follow, max-snippet:-1, max-image-preview:large, max-video-preview:-1\" \/>\n<link rel=\"canonical\" href=\"https:\/\/www.notibras.com\/site\/pelo-menos-82-palestinos-morrem-em-mais-uma-noite-de-ataques-israelenses\/\" \/>\n<meta property=\"og:locale\" content=\"pt_BR\" \/>\n<meta property=\"og:type\" content=\"article\" \/>\n<meta property=\"og:title\" content=\"Pelo menos 82 palestinos morrem em mais uma noite de ataques israelenses - Notibras\" \/>\n<meta property=\"og:description\" content=\"Pelo menos 82 palestinos perderam a vida na noite de quarta, 2, em consequ\u00eancia de uma nova onda de bombardeios israelenses sobre a Faixa de Gaza, segundo informa\u00e7\u00f5es divulgadas pelo Minist\u00e9rio da Sa\u00fade do territ\u00f3rio controlado pelo Hamas. A ofensiva, que atingiu diversas \u00e1reas residenciais, hospitais de campanha e abrigos improvisados, provocou tamb\u00e9m centenas de [&hellip;]\" \/>\n<meta property=\"og:url\" content=\"https:\/\/www.notibras.com\/site\/pelo-menos-82-palestinos-morrem-em-mais-uma-noite-de-ataques-israelenses\/\" \/>\n<meta property=\"og:site_name\" content=\"Notibras\" \/>\n<meta property=\"article:publisher\" content=\"https:\/\/www.facebook.com\/notibras\/\" \/>\n<meta property=\"article:published_time\" content=\"2025-07-03T12:05:07+00:00\" \/>\n<meta property=\"og:image\" content=\"https:\/\/www.notibras.com\/site\/wp-content\/uploads\/2025\/07\/2025-06-01t150554z_1114467936_rc2lteatc6h2_rtrmadp_3_israel-palestinians-gaza.webp\" \/>\n\t<meta property=\"og:image:width\" content=\"1170\" \/>\n\t<meta property=\"og:image:height\" content=\"700\" \/>\n\t<meta property=\"og:image:type\" content=\"image\/webp\" \/>\n<meta name=\"author\" content=\"Reda\u00e7\u00e3o\" \/>\n<meta name=\"twitter:card\" content=\"summary_large_image\" \/>\n<meta name=\"twitter:creator\" content=\"@Notibras\" \/>\n<meta name=\"twitter:site\" content=\"@Notibras\" \/>\n<meta name=\"twitter:label1\" content=\"Escrito por\" \/>\n\t<meta name=\"twitter:data1\" content=\"Reda\u00e7\u00e3o\" \/>\n\t<meta name=\"twitter:label2\" content=\"Est. tempo de leitura\" \/>\n\t<meta name=\"twitter:data2\" content=\"2 minutos\" \/>\n<script type=\"application\/ld+json\" class=\"yoast-schema-graph\">{\"@context\":\"https:\/\/schema.org\",\"@graph\":[{\"@type\":\"Article\",\"@id\":\"https:\/\/www.notibras.com\/site\/pelo-menos-82-palestinos-morrem-em-mais-uma-noite-de-ataques-israelenses\/#article\",\"isPartOf\":{\"@id\":\"https:\/\/www.notibras.com\/site\/pelo-menos-82-palestinos-morrem-em-mais-uma-noite-de-ataques-israelenses\/\"},\"author\":{\"name\":\"Reda\u00e7\u00e3o\",\"@id\":\"https:\/\/www.notibras.com\/site\/#\/schema\/person\/36ab0979449956132d3e5b517ea76ac8\"},\"headline\":\"Pelo menos 82 palestinos morrem em mais uma noite de ataques israelenses\",\"datePublished\":\"2025-07-03T12:05:07+00:00\",\"mainEntityOfPage\":{\"@id\":\"https:\/\/www.notibras.com\/site\/pelo-menos-82-palestinos-morrem-em-mais-uma-noite-de-ataques-israelenses\/\"},\"wordCount\":304,\"publisher\":{\"@id\":\"https:\/\/www.notibras.com\/site\/#organization\"},\"image\":{\"@id\":\"https:\/\/www.notibras.com\/site\/pelo-menos-82-palestinos-morrem-em-mais-uma-noite-de-ataques-israelenses\/#primaryimage\"},\"thumbnailUrl\":\"https:\/\/www.notibras.com\/site\/wp-content\/uploads\/2025\/07\/2025-06-01t150554z_1114467936_rc2lteatc6h2_rtrmadp_3_israel-palestinians-gaza.webp\",\"articleSection\":[\"Apocalipse\"],\"inLanguage\":\"pt-BR\"},{\"@type\":\"WebPage\",\"@id\":\"https:\/\/www.notibras.com\/site\/pelo-menos-82-palestinos-morrem-em-mais-uma-noite-de-ataques-israelenses\/\",\"url\":\"https:\/\/www.notibras.com\/site\/pelo-menos-82-palestinos-morrem-em-mais-uma-noite-de-ataques-israelenses\/\",\"name\":\"Pelo menos 82 palestinos morrem em mais uma noite de ataques israelenses - Notibras\",\"isPartOf\":{\"@id\":\"https:\/\/www.notibras.com\/site\/#website\"},\"primaryImageOfPage\":{\"@id\":\"https:\/\/www.notibras.com\/site\/pelo-menos-82-palestinos-morrem-em-mais-uma-noite-de-ataques-israelenses\/#primaryimage\"},\"image\":{\"@id\":\"https:\/\/www.notibras.com\/site\/pelo-menos-82-palestinos-morrem-em-mais-uma-noite-de-ataques-israelenses\/#primaryimage\"},\"thumbnailUrl\":\"https:\/\/www.notibras.com\/site\/wp-content\/uploads\/2025\/07\/2025-06-01t150554z_1114467936_rc2lteatc6h2_rtrmadp_3_israel-palestinians-gaza.webp\",\"datePublished\":\"2025-07-03T12:05:07+00:00\",\"breadcrumb\":{\"@id\":\"https:\/\/www.notibras.com\/site\/pelo-menos-82-palestinos-morrem-em-mais-uma-noite-de-ataques-israelenses\/#breadcrumb\"},\"inLanguage\":\"pt-BR\",\"potentialAction\":[{\"@type\":\"ReadAction\",\"target\":[\"https:\/\/www.notibras.com\/site\/pelo-menos-82-palestinos-morrem-em-mais-uma-noite-de-ataques-israelenses\/\"]}]},{\"@type\":\"ImageObject\",\"inLanguage\":\"pt-BR\",\"@id\":\"https:\/\/www.notibras.com\/site\/pelo-menos-82-palestinos-morrem-em-mais-uma-noite-de-ataques-israelenses\/#primaryimage\",\"url\":\"https:\/\/www.notibras.com\/site\/wp-content\/uploads\/2025\/07\/2025-06-01t150554z_1114467936_rc2lteatc6h2_rtrmadp_3_israel-palestinians-gaza.webp\",\"contentUrl\":\"https:\/\/www.notibras.com\/site\/wp-content\/uploads\/2025\/07\/2025-06-01t150554z_1114467936_rc2lteatc6h2_rtrmadp_3_israel-palestinians-gaza.webp\",\"width\":1170,\"height\":700},{\"@type\":\"BreadcrumbList\",\"@id\":\"https:\/\/www.notibras.com\/site\/pelo-menos-82-palestinos-morrem-em-mais-uma-noite-de-ataques-israelenses\/#breadcrumb\",\"itemListElement\":[{\"@type\":\"ListItem\",\"position\":1,\"name\":\"In\u00edcio\",\"item\":\"https:\/\/www.notibras.com\/site\/\"},{\"@type\":\"ListItem\",\"position\":2,\"name\":\"Pelo menos 82 palestinos morrem em mais uma noite de ataques israelenses\"}]},{\"@type\":\"WebSite\",\"@id\":\"https:\/\/www.notibras.com\/site\/#website\",\"url\":\"https:\/\/www.notibras.com\/site\/\",\"name\":\"Notibras\",\"description\":\"Not\u00edcias de Bras\u00edlia, do Brasil e do Mundo\",\"publisher\":{\"@id\":\"https:\/\/www.notibras.com\/site\/#organization\"},\"potentialAction\":[{\"@type\":\"SearchAction\",\"target\":{\"@type\":\"EntryPoint\",\"urlTemplate\":\"https:\/\/www.notibras.com\/site\/?s={search_term_string}\"},\"query-input\":{\"@type\":\"PropertyValueSpecification\",\"valueRequired\":true,\"valueName\":\"search_term_string\"}}],\"inLanguage\":\"pt-BR\"},{\"@type\":\"Organization\",\"@id\":\"https:\/\/www.notibras.com\/site\/#organization\",\"name\":\"Grupo Notibras de Comunica\u00e7\u00e3o\",\"url\":\"https:\/\/www.notibras.com\/site\/\",\"logo\":{\"@type\":\"ImageObject\",\"inLanguage\":\"pt-BR\",\"@id\":\"https:\/\/www.notibras.com\/site\/#\/schema\/logo\/image\/\",\"url\":\"https:\/\/www.notibras.com\/site\/wp-content\/uploads\/2023\/01\/notibras23.png\",\"contentUrl\":\"https:\/\/www.notibras.com\/site\/wp-content\/uploads\/2023\/01\/notibras23.png\",\"width\":350,\"height\":87,\"caption\":\"Grupo Notibras de Comunica\u00e7\u00e3o\"},\"image\":{\"@id\":\"https:\/\/www.notibras.com\/site\/#\/schema\/logo\/image\/\"},\"sameAs\":[\"https:\/\/www.facebook.com\/notibras\/\",\"https:\/\/x.com\/Notibras\",\"https:\/\/www.instagram.com\/notibras\/\"]},{\"@type\":\"Person\",\"@id\":\"https:\/\/www.notibras.com\/site\/#\/schema\/person\/36ab0979449956132d3e5b517ea76ac8\",\"name\":\"Reda\u00e7\u00e3o\",\"image\":{\"@type\":\"ImageObject\",\"inLanguage\":\"pt-BR\",\"@id\":\"https:\/\/secure.gravatar.com\/avatar\/e0a867bdedb85fd243eadf09663511f96fc81e0720a4a42581f334ad4303aa6b?s=96&d=mm&r=g\",\"url\":\"https:\/\/secure.gravatar.com\/avatar\/e0a867bdedb85fd243eadf09663511f96fc81e0720a4a42581f334ad4303aa6b?s=96&d=mm&r=g\",\"contentUrl\":\"https:\/\/secure.gravatar.com\/avatar\/e0a867bdedb85fd243eadf09663511f96fc81e0720a4a42581f334ad4303aa6b?s=96&d=mm&r=g\",\"caption\":\"Reda\u00e7\u00e3o\"}}]}<\/script>\n<!-- \/ Yoast SEO plugin. -->","yoast_head_json":{"title":"Pelo menos 82 palestinos morrem em mais uma noite de ataques israelenses - Notibras","robots":{"index":"index","follow":"follow","max-snippet":"max-snippet:-1","max-image-preview":"max-image-preview:large","max-video-preview":"max-video-preview:-1"},"canonical":"https:\/\/www.notibras.com\/site\/pelo-menos-82-palestinos-morrem-em-mais-uma-noite-de-ataques-israelenses\/","og_locale":"pt_BR","og_type":"article","og_title":"Pelo menos 82 palestinos morrem em mais uma noite de ataques israelenses - Notibras","og_description":"Pelo menos 82 palestinos perderam a vida na noite de quarta, 2, em consequ\u00eancia de uma nova onda de bombardeios israelenses sobre a Faixa de Gaza, segundo informa\u00e7\u00f5es divulgadas pelo Minist\u00e9rio da Sa\u00fade do territ\u00f3rio controlado pelo Hamas. A ofensiva, que atingiu diversas \u00e1reas residenciais, hospitais de campanha e abrigos improvisados, provocou tamb\u00e9m centenas de [&hellip;]","og_url":"https:\/\/www.notibras.com\/site\/pelo-menos-82-palestinos-morrem-em-mais-uma-noite-de-ataques-israelenses\/","og_site_name":"Notibras","article_publisher":"https:\/\/www.facebook.com\/notibras\/","article_published_time":"2025-07-03T12:05:07+00:00","og_image":[{"width":1170,"height":700,"url":"https:\/\/www.notibras.com\/site\/wp-content\/uploads\/2025\/07\/2025-06-01t150554z_1114467936_rc2lteatc6h2_rtrmadp_3_israel-palestinians-gaza.webp","type":"image\/webp"}],"author":"Reda\u00e7\u00e3o","twitter_card":"summary_large_image","twitter_creator":"@Notibras","twitter_site":"@Notibras","twitter_misc":{"Escrito por":"Reda\u00e7\u00e3o","Est. tempo de leitura":"2 minutos"},"schema":{"@context":"https:\/\/schema.org","@graph":[{"@type":"Article","@id":"https:\/\/www.notibras.com\/site\/pelo-menos-82-palestinos-morrem-em-mais-uma-noite-de-ataques-israelenses\/#article","isPartOf":{"@id":"https:\/\/www.notibras.com\/site\/pelo-menos-82-palestinos-morrem-em-mais-uma-noite-de-ataques-israelenses\/"},"author":{"name":"Reda\u00e7\u00e3o","@id":"https:\/\/www.notibras.com\/site\/#\/schema\/person\/36ab0979449956132d3e5b517ea76ac8"},"headline":"Pelo menos 82 palestinos morrem em mais uma noite de ataques israelenses","datePublished":"2025-07-03T12:05:07+00:00","mainEntityOfPage":{"@id":"https:\/\/www.notibras.com\/site\/pelo-menos-82-palestinos-morrem-em-mais-uma-noite-de-ataques-israelenses\/"},"wordCount":304,"publisher":{"@id":"https:\/\/www.notibras.com\/site\/#organization"},"image":{"@id":"https:\/\/www.notibras.com\/site\/pelo-menos-82-palestinos-morrem-em-mais-uma-noite-de-ataques-israelenses\/#primaryimage"},"thumbnailUrl":"https:\/\/www.notibras.com\/site\/wp-content\/uploads\/2025\/07\/2025-06-01t150554z_1114467936_rc2lteatc6h2_rtrmadp_3_israel-palestinians-gaza.webp","articleSection":["Apocalipse"],"inLanguage":"pt-BR"},{"@type":"WebPage","@id":"https:\/\/www.notibras.com\/site\/pelo-menos-82-palestinos-morrem-em-mais-uma-noite-de-ataques-israelenses\/","url":"https:\/\/www.notibras.com\/site\/pelo-menos-82-palestinos-morrem-em-mais-uma-noite-de-ataques-israelenses\/","name":"Pelo menos 82 palestinos morrem em mais uma noite de ataques israelenses - Notibras","isPartOf":{"@id":"https:\/\/www.notibras.com\/site\/#website"},"primaryImageOfPage":{"@id":"https:\/\/www.notibras.com\/site\/pelo-menos-82-palestinos-morrem-em-mais-uma-noite-de-ataques-israelenses\/#primaryimage"},"image":{"@id":"https:\/\/www.notibras.com\/site\/pelo-menos-82-palestinos-morrem-em-mais-uma-noite-de-ataques-israelenses\/#primaryimage"},"thumbnailUrl":"https:\/\/www.notibras.com\/site\/wp-content\/uploads\/2025\/07\/2025-06-01t150554z_1114467936_rc2lteatc6h2_rtrmadp_3_israel-palestinians-gaza.webp","datePublished":"2025-07-03T12:05:07+00:00","breadcrumb":{"@id":"https:\/\/www.notibras.com\/site\/pelo-menos-82-palestinos-morrem-em-mais-uma-noite-de-ataques-israelenses\/#breadcrumb"},"inLanguage":"pt-BR","potentialAction":[{"@type":"ReadAction","target":["https:\/\/www.notibras.com\/site\/pelo-menos-82-palestinos-morrem-em-mais-uma-noite-de-ataques-israelenses\/"]}]},{"@type":"ImageObject","inLanguage":"pt-BR","@id":"https:\/\/www.notibras.com\/site\/pelo-menos-82-palestinos-morrem-em-mais-uma-noite-de-ataques-israelenses\/#primaryimage","url":"https:\/\/www.notibras.com\/site\/wp-content\/uploads\/2025\/07\/2025-06-01t150554z_1114467936_rc2lteatc6h2_rtrmadp_3_israel-palestinians-gaza.webp","contentUrl":"https:\/\/www.notibras.com\/site\/wp-content\/uploads\/2025\/07\/2025-06-01t150554z_1114467936_rc2lteatc6h2_rtrmadp_3_israel-palestinians-gaza.webp","width":1170,"height":700},{"@type":"BreadcrumbList","@id":"https:\/\/www.notibras.com\/site\/pelo-menos-82-palestinos-morrem-em-mais-uma-noite-de-ataques-israelenses\/#breadcrumb","itemListElement":[{"@type":"ListItem","position":1,"name":"In\u00edcio","item":"https:\/\/www.notibras.com\/site\/"},{"@type":"ListItem","position":2,"name":"Pelo menos 82 palestinos morrem em mais uma noite de ataques israelenses"}]},{"@type":"WebSite","@id":"https:\/\/www.notibras.com\/site\/#website","url":"https:\/\/www.notibras.com\/site\/","name":"Notibras","description":"Not\u00edcias de Bras\u00edlia, do Brasil e do Mundo","publisher":{"@id":"https:\/\/www.notibras.com\/site\/#organization"},"potentialAction":[{"@type":"SearchAction","target":{"@type":"EntryPoint","urlTemplate":"https:\/\/www.notibras.com\/site\/?s={search_term_string}"},"query-input":{"@type":"PropertyValueSpecification","valueRequired":true,"valueName":"search_term_string"}}],"inLanguage":"pt-BR"},{"@type":"Organization","@id":"https:\/\/www.notibras.com\/site\/#organization","name":"Grupo Notibras de Comunica\u00e7\u00e3o","url":"https:\/\/www.notibras.com\/site\/","logo":{"@type":"ImageObject","inLanguage":"pt-BR","@id":"https:\/\/www.notibras.com\/site\/#\/schema\/logo\/image\/","url":"https:\/\/www.notibras.com\/site\/wp-content\/uploads\/2023\/01\/notibras23.png","contentUrl":"https:\/\/www.notibras.com\/site\/wp-content\/uploads\/2023\/01\/notibras23.png","width":350,"height":87,"caption":"Grupo Notibras de Comunica\u00e7\u00e3o"},"image":{"@id":"https:\/\/www.notibras.com\/site\/#\/schema\/logo\/image\/"},"sameAs":["https:\/\/www.facebook.com\/notibras\/","https:\/\/x.com\/Notibras","https:\/\/www.instagram.com\/notibras\/"]},{"@type":"Person","@id":"https:\/\/www.notibras.com\/site\/#\/schema\/person\/36ab0979449956132d3e5b517ea76ac8","name":"Reda\u00e7\u00e3o","image":{"@type":"ImageObject","inLanguage":"pt-BR","@id":"https:\/\/secure.gravatar.com\/avatar\/e0a867bdedb85fd243eadf09663511f96fc81e0720a4a42581f334ad4303aa6b?s=96&d=mm&r=g","url":"https:\/\/secure.gravatar.com\/avatar\/e0a867bdedb85fd243eadf09663511f96fc81e0720a4a42581f334ad4303aa6b?s=96&d=mm&r=g","contentUrl":"https:\/\/secure.gravatar.com\/avatar\/e0a867bdedb85fd243eadf09663511f96fc81e0720a4a42581f334ad4303aa6b?s=96&d=mm&r=g","caption":"Reda\u00e7\u00e3o"}}]}},"amp_enabled":true,"_links":{"self":[{"href":"https:\/\/www.notibras.com\/site\/wp-json\/wp\/v2\/posts\/357218","targetHints":{"allow":["GET"]}}],"collection":[{"href":"https:\/\/www.notibras.com\/site\/wp-json\/wp\/v2\/posts"}],"about":[{"href":"https:\/\/www.notibras.com\/site\/wp-json\/wp\/v2\/types\/post"}],"author":[{"embeddable":true,"href":"https:\/\/www.notibras.com\/site\/wp-json\/wp\/v2\/users\/2"}],"replies":[{"embeddable":true,"href":"https:\/\/www.notibras.com\/site\/wp-json\/wp\/v2\/comments?post=357218"}],"version-history":[{"count":1,"href":"https:\/\/www.notibras.com\/site\/wp-json\/wp\/v2\/posts\/357218\/revisions"}],"predecessor-version":[{"id":357220,"href":"https:\/\/www.notibras.com\/site\/wp-json\/wp\/v2\/posts\/357218\/revisions\/357220"}],"wp:featuredmedia":[{"embeddable":true,"href":"https:\/\/www.notibras.com\/site\/wp-json\/wp\/v2\/media\/357219"}],"wp:attachment":[{"href":"https:\/\/www.notibras.com\/site\/wp-json\/wp\/v2\/media?parent=357218"}],"wp:term":[{"taxonomy":"category","embeddable":true,"href":"https:\/\/www.notibras.com\/site\/wp-json\/wp\/v2\/categories?post=357218"},{"taxonomy":"post_tag","embeddable":true,"href":"https:\/\/www.notibras.com\/site\/wp-json\/wp\/v2\/tags?post=357218"}],"curies":[{"name":"wp","href":"https:\/\/api.w.org\/{rel}","templated":true}]}}