{"id":357223,"date":"2025-07-03T00:01:48","date_gmt":"2025-07-03T03:01:48","guid":{"rendered":"https:\/\/www.notibras.com\/site\/?p=357223"},"modified":"2025-07-03T09:26:25","modified_gmt":"2025-07-03T12:26:25","slug":"celina-leao-assina-termo-de-concessao-de-terreno-a-fundacao-athos-bulcao","status":"publish","type":"post","link":"https:\/\/www.notibras.com\/site\/celina-leao-assina-termo-de-concessao-de-terreno-a-fundacao-athos-bulcao\/","title":{"rendered":"Celina Le\u00e3o assina termo de concess\u00e3o de terreno \u00e0 Funda\u00e7\u00e3o Athos Bulc\u00e3o"},"content":{"rendered":"<p>No dia em que o pintor e escultor Athos Bulc\u00e3o completaria 107 anos, o artista e os admiradores de sua arte ganharam um presente p\u00f3stumo. Nesta quarta-feira (2), a cidade em que o carioca fez morada e hist\u00f3ria com suas obras retribuiu o seu legado. Em solenidade no Foyer da Sala Martins Pena, do Teatro Nacional Claudio Santoro, a governadora em exerc\u00edcio Celina Le\u00e3o assinou o termo de concess\u00e3o de uso do terreno que ser\u00e1 utilizado pela funda\u00e7\u00e3o dedicada ao azulejista.<\/p>\n<p>A cerim\u00f4nia celebrou a san\u00e7\u00e3o da lei que autorizou uso, por 35 anos, de um terreno localizado no Eixo Monumental, no chamado Setor de Divulga\u00e7\u00e3o Cultural (SDC), para a constru\u00e7\u00e3o da sede da entidade.<\/p>\n<p>\u201cEu sempre falo que Athos transformava a arquitetura em arte, ele dava vida ao concreto, com todos os desenhos que ele fez. Ele \u00e9 considerado um dos artistas pl\u00e1sticos mais prestigiados da arte moderna. Ent\u00e3o, tenho certeza que isso traz aqui para o Distrito Federal uma identidade de um povo que tem que se reconhecer pela capital da Rep\u00fablica. Por mais que seja jovem, ela tem uma hist\u00f3ria bel\u00edssima que precisa ser contada, n\u00e3o s\u00f3 por quem veio, mas por quem mora aqui, que foi acolhido por essa cidade. N\u00f3s sabemos que essa cidade tem nordestinos, tem goianos, tem mineiros, mas essa cidade tem hist\u00f3ria. E eu acho que, a cada dia mais, se consolida a hist\u00f3ria com atos como esse. Atos de Athos Bulc\u00e3o\u201d, pontuou Celina Le\u00e3o.<\/p>\n<p>O secret\u00e1rio de Cultura e Economia Criativa, Claudio Abrantes, destacou o car\u00e1ter hist\u00f3rico do momento. \u201cDentre todos os mestres que t\u00eam esse envolvimento de fazer com que Bras\u00edlia seja reconhecida como uma grande capital cultural, Athos, talvez, seja aquele que ainda n\u00e3o tinha um espa\u00e7o reservado para ele, um espa\u00e7o de mem\u00f3ria e de conhecimento da sua arte, que \u00e9 uma arte que representa muito Bras\u00edlia. Ent\u00e3o hoje \u00e9 um dia de muita celebra\u00e7\u00e3o e estamos muito felizes por esse passo importante\u201d, afirmou.<\/p>\n<p>Criada em 1992, essa ser\u00e1 a primeira vez que a entidade ter\u00e1 um espa\u00e7o pr\u00f3prio. At\u00e9 ent\u00e3o, as atividades da entidade vinham sendo desenvolvidas em um im\u00f3vel alugado. H\u00e1 16 anos, a funda\u00e7\u00e3o buscava um local definitivo para abrigar seu acervo e promover a\u00e7\u00f5es culturais voltadas \u00e0 preserva\u00e7\u00e3o da obra do artista.<\/p>\n<p>\u201c\u00c9 um misto de emo\u00e7\u00e3o, alegria e incredulidade porque a gente luta por isso h\u00e1 16 anos. D\u00e1 um prazer enorme sabermos que vamos poder oferecer ao Athos uma casa mais ampla. \u00c9 como se estiv\u00e9ssemos retribuindo a ele todas essas obras que est\u00e3o enfeitando, embelezando, colorindo e dando movimento \u00e0 nossa cidade\u201d, destacou a secret\u00e1ria executiva da Funda\u00e7\u00e3o Athos Bulc\u00e3o, Val\u00e9ria Cabral.<\/p>\n<p>A concess\u00e3o s\u00f3 foi poss\u00edvel ap\u00f3s o envio de um projeto de lei do Executivo \u00e0 C\u00e2mara Legislativa do DF (CLDF), aprovado em 17 de junho. Como se trata de uma funda\u00e7\u00e3o privada, a doa\u00e7\u00e3o direta do terreno n\u00e3o era permitida.<\/p>\n<p><strong>Projeto<\/strong><br \/>\nA \u00e1rea cedida possui 1.225 metros quadrados e fica localizada no Lote 12 do Setor de Divulga\u00e7\u00e3o Cultural (SDC), entre o Eixo Cultural Ibero-Americano e o Centro de Conven\u00e7\u00f5es Ulysses Guimar\u00e3es. O espa\u00e7o estava sob responsabilidade da Secretaria de Cultura e Economia Criativa (Secec-DF).<\/p>\n<p>A futura sede foi idealizada por um nome emblem\u00e1tico da arquitetura brasileira: Jo\u00e3o Filgueiras Lima, o Lel\u00e9 \u2014 parceiro e amigo de longa data de Athos Bulc\u00e3o. O projeto contempla um complexo cultural com teatro\/audit\u00f3rio para 180 pessoas, sala multi\u00faso, museu, galeria, loja e caf\u00e9. A edifica\u00e7\u00e3o contar\u00e1 com uma cobertura ondulada e uma grande claraboia central, permitindo ampla ilumina\u00e7\u00e3o natural.<\/p>\n<p>De acordo com a legisla\u00e7\u00e3o sancionada, a funda\u00e7\u00e3o ser\u00e1 respons\u00e1vel por todas as despesas relativas \u00e0 constru\u00e7\u00e3o, licenciamento, tributos e demais exig\u00eancias legais. A obra dever\u00e1 ser conclu\u00edda em at\u00e9 cinco anos a partir da publica\u00e7\u00e3o da lei.<\/p>\n<p><strong>Legado art\u00edstico<\/strong><br \/>\nAthos Bulc\u00e3o nasceu no Rio de Janeiro, em 1918, mas foi em Bras\u00edlia que consolidou sua trajet\u00f3ria art\u00edstica. O artista pl\u00e1stico veio \u00e0 capital federal em 1958 convidado pelo arquiteto Oscar Niemeyer para colaborar com o projeto arquitet\u00f4nico da cidade.<\/p>\n<p>As formas geom\u00e9tricas e abstratas de Athos Bulc\u00e3o pertencem \u00e0 identidade de Bras\u00edlia. Hoje, suas obras est\u00e3o espalhadas pelo Quadradinho. S\u00e3o mais de 200 trabalhos entre pain\u00e9is de azulejo e em relevo \u2013 como a ic\u00f4nica empena do Teatro Nacional \u2013, pinturas em tinta acr\u00edlica \u2013 incluindo exemplares rar\u00edssimos na Catedral Metropolitana de Bras\u00edlia \u2013, al\u00e9m telas e obras de tape\u00e7aria.<\/p>\n","protected":false},"excerpt":{"rendered":"<p>No dia em que o pintor e escultor Athos Bulc\u00e3o completaria 107 anos, o artista e os admiradores de sua arte ganharam um presente p\u00f3stumo. Nesta quarta-feira (2), a cidade em que o carioca fez morada e hist\u00f3ria com suas obras retribuiu o seu legado. Em solenidade no Foyer da Sala Martins Pena, do Teatro [&hellip;]<\/p>\n","protected":false},"author":2,"featured_media":357224,"comment_status":"closed","ping_status":"closed","sticky":false,"template":"","format":"standard","meta":{"_acf_changed":false,"footnotes":""},"categories":[161],"tags":[],"class_list":["post-357223","post","type-post","status-publish","format-standard","has-post-thumbnail","hentry","category-quadradinho-em-foco"],"acf":[],"_links":{"self":[{"href":"https:\/\/www.notibras.com\/site\/wp-json\/wp\/v2\/posts\/357223","targetHints":{"allow":["GET"]}}],"collection":[{"href":"https:\/\/www.notibras.com\/site\/wp-json\/wp\/v2\/posts"}],"about":[{"href":"https:\/\/www.notibras.com\/site\/wp-json\/wp\/v2\/types\/post"}],"author":[{"embeddable":true,"href":"https:\/\/www.notibras.com\/site\/wp-json\/wp\/v2\/users\/2"}],"replies":[{"embeddable":true,"href":"https:\/\/www.notibras.com\/site\/wp-json\/wp\/v2\/comments?post=357223"}],"version-history":[{"count":1,"href":"https:\/\/www.notibras.com\/site\/wp-json\/wp\/v2\/posts\/357223\/revisions"}],"predecessor-version":[{"id":357225,"href":"https:\/\/www.notibras.com\/site\/wp-json\/wp\/v2\/posts\/357223\/revisions\/357225"}],"wp:featuredmedia":[{"embeddable":true,"href":"https:\/\/www.notibras.com\/site\/wp-json\/wp\/v2\/media\/357224"}],"wp:attachment":[{"href":"https:\/\/www.notibras.com\/site\/wp-json\/wp\/v2\/media?parent=357223"}],"wp:term":[{"taxonomy":"category","embeddable":true,"href":"https:\/\/www.notibras.com\/site\/wp-json\/wp\/v2\/categories?post=357223"},{"taxonomy":"post_tag","embeddable":true,"href":"https:\/\/www.notibras.com\/site\/wp-json\/wp\/v2\/tags?post=357223"}],"curies":[{"name":"wp","href":"https:\/\/api.w.org\/{rel}","templated":true}]}}