{"id":35724,"date":"2015-02-02T08:29:16","date_gmt":"2015-02-02T11:29:16","guid":{"rendered":"http:\/\/www.notibras.com\/site\/?p=35724"},"modified":"2015-02-02T08:29:16","modified_gmt":"2015-02-02T11:29:16","slug":"governo-taxa-os-pobres-alivia-os-ricos-e-o-onibus-fica-mais-caro","status":"publish","type":"post","link":"https:\/\/www.notibras.com\/site\/governo-taxa-os-pobres-alivia-os-ricos-e-o-onibus-fica-mais-caro\/","title":{"rendered":"Governo taxa os pobres, alivia os ricos e o \u00f4nibus fica mais caro&#8230;"},"content":{"rendered":"<p>O governo recentemente anunciou aumentos da Cide e do PIS\/Cofins da gasolina, do IOF em empr\u00e9stimos e financiamentos para pessoa f\u00edsica, ajustes em benef\u00edcios &#8211; como seguro desemprego -, e aumento na taxa de juros (de 11,75% para 12,5 %).<\/p>\n<p>Com essas medidas, o ministro da Fazenda diz ser necess\u00e1rio cortar subs\u00eddios. Conv\u00e9m lembrar que h\u00e1 subs\u00eddios e subs\u00eddios, como diria o conselheiro Ac\u00e1cio, personagem de &#8220;O Primo Bas\u00edlio&#8221;, de E\u00e7a de Queir\u00f3z. De quais subs\u00eddios fala Joaquim Levy?<\/p>\n<p>Em Davos, ele declarou que &#8220;a maioria das pessoas no Brasil est\u00e1 preparada para pagar por servi\u00e7os&#8221;, tendo acrescentado: &#8220;as manifesta\u00e7\u00f5es de 2013 pediam um governo melhor, e n\u00e3o um governo maior&#8221;.<\/p>\n<p>Ser\u00e1 que o ministro entendeu mesmo a voz das ruas? Por que os bancos, os milion\u00e1rios, as altas rendas, as grandes fortunas, as heran\u00e7as volumosas, os iates e os jatinhos n\u00e3o sofrer\u00e3o ajuste tribut\u00e1rio?<\/p>\n<p>Ao mesmo tempo, dever\u00e1 ocorrer uma quinta manifesta\u00e7\u00e3o do MPL (Movimento Passe Livre), em S\u00e3o Paulo, contra os reajustes de tarifas do servi\u00e7o de transporte coletivo e reivindicando maior subs\u00eddio para a tarifa. Ou ser\u00e1 que s\u00e3o manifesta\u00e7\u00f5es de uma minoria de brasileiros que n\u00e3o pode pagar por servi\u00e7os p\u00fablicos, usando o mesmo racioc\u00ednio do ministro?<\/p>\n<p>O leitor pode se perguntar por qual raz\u00e3o interligo essas duas not\u00edcias e a resposta \u00e9 simples. Eles s\u00e3o a evid\u00eancia de que em nosso querido Brasil certas coisas caminham rapidamente e outras n\u00e3o. Parece at\u00e9 trocadilho, j\u00e1 que o assunto do texto \u00e9 mobilidade urbana.<\/p>\n<blockquote><p>O m\u00eas de junho de 2013 explicitou que a quest\u00e3o da mobilidade e do transporte p\u00fablico \u00e9 uma ampla disputa pol\u00edtica. Tal disputa tamb\u00e9m envolve novas formas de participa\u00e7\u00e3o da popula\u00e7\u00e3o, al\u00e9m do voto e de capta\u00e7\u00e3o de recursos para o Estado, que possam garantir servi\u00e7os p\u00fablicos de efetivo acesso universal e de boa qualidade, algo que envolve subs\u00eddios.<\/p><\/blockquote>\n<p>Assim \u00e9 em pa\u00edses como Argentina, Chile, M\u00e9xico, China, Fran\u00e7a, Alemanha, Espanha, EUA etc, nos quais o n\u00edvel de subs\u00eddios para a tarifa do transporte p\u00fablico pode chegar a at\u00e9 60%. No Brasil \u00e9 de cerca de 15%. Dessa forma, em Buenos Aires trabalha-se 2,6 minutos para pagar uma tarifa e, em Paris, 4,5.\u00a0J\u00e1 em S\u00e3o Paulo, uma tarifa \u00e9 paga com 13,3 minutos de trabalho.<\/p>\n<p>Em 2013, a presidente Dilma chamou os jovens do MPL para ouvir suas demandas e eventuais sugest\u00f5es. O Ipea (Instituto de Pesquisa Econ\u00f4mica Aplicada) fez, pelo menos, dois estudos com propostas sobre a quest\u00e3o; a Frente Nacional de Prefeitos fez um conjunto de propostas com o objetivo de subsidiar as tarifas dos transportes urbanos e o projeto do Reitup (Regime de Isen\u00e7\u00f5es Tribut\u00e1rias no Transporte Coletivo Urbano) foi votado no Congresso Nacional e sancionado pela Presid\u00eancia. Alguns &#8220;especialistas&#8221; estimavam uma redu\u00e7\u00e3o na tarifa de at\u00e9 15%.<\/p>\n<p>Enquanto isso, a prefeitura de S\u00e3o Paulo e a Unica (Uni\u00e3o da Ind\u00fastria da Cana de A\u00e7\u00facar) pediram \u00e0 Funda\u00e7\u00e3o Get\u00falio Vargas um estudo sobre a Cide e os subs\u00eddios \u00e0 tarifa de transporte p\u00fablico. De acordo com o estudo encomendado, no caso mais extremo, com aumento da Cide em R$ 0,50 e com o total do tributo revertido para o subs\u00eddio \u00e0s tarifas no territ\u00f3rio nacional, ter\u00edamos cerca de 68% da tarifa subsidiada.<\/p>\n<p>Sendo assim, como o pre\u00e7o do transporte coletivo entra no c\u00e1lculo inflacion\u00e1rio, esse decr\u00e9scimo nas tarifas resultaria em uma queda de 1,1 ponto na infla\u00e7\u00e3o. Nesse caso, a tarifa atual, de R$ 3,50, cairia para cerca de R$1,12.<\/p>\n<p>Al\u00e9m disso, a C\u00e2mara Federal aprovou a PEC 90, da deputada Luiza Erundina, que torna o transporte um direito social nos termos do artigo sexto da Constitui\u00e7\u00e3o. E a sua sequ\u00eancia, a PEC 74, aguarda que seja colocada em vota\u00e7\u00e3o pelo presidente do Senado.<\/p>\n<p>V\u00e1rios movimentos sociais e populares fizeram propostas na mesma dire\u00e7\u00e3o das institucionais listadas acima. \u00c9 o caso, por exemplo, do movimento Mobilidade Brasil, que criou propostas envolvendo mudan\u00e7as tribut\u00e1rias sobre combust\u00edveis &#8211; que diferem da Cide. O movimento tamb\u00e9m prop\u00f5e mudan\u00e7as sobre o IPVA, estendendo-o a helic\u00f3pteros, iates e jatinhos, e a cria\u00e7\u00e3o de outros impostos, a exemplo de um sobre grandes fortunas.<\/p>\n<p>E ent\u00e3o, o que aconteceu? Praticamente nada. E quando acontece algo efetivo, por exemplo no caso da Cide, passa ao largo das reivindica\u00e7\u00f5es da Frente Nacional dos Prefeitos. E muito mais longe ainda daquelas da voz das ruas.<\/p>\n<p>A impress\u00e3o \u00e9 de que os governos se tornaram gerentes. A palavra gestor \u00e9 usada e substitui a ideia de governo que governa. E na democracia se deve governar segundo a vontade da maioria da na\u00e7\u00e3o.<\/p>\n<p>Pensando bem, quem est\u00e1 fazendo pol\u00edtica para valer no pa\u00eds \u00e9 o MPL, reivindicando pol\u00edticas de governos, e n\u00e3o de ger\u00eancia. O resto parece estar &#8220;gerenciando&#8221;, resta saber para quem.<\/p>\n<p><strong>Lucio Gregori<\/strong><\/p>\n","protected":false},"excerpt":{"rendered":"<p>O governo recentemente anunciou aumentos da Cide e do PIS\/Cofins da gasolina, do IOF em empr\u00e9stimos e financiamentos para pessoa f\u00edsica, ajustes em benef\u00edcios &#8211; como seguro desemprego -, e aumento na taxa de juros (de 11,75% para 12,5 %). Com essas medidas, o ministro da Fazenda diz ser necess\u00e1rio cortar subs\u00eddios. Conv\u00e9m lembrar que [&hellip;]<\/p>\n","protected":false},"author":2,"featured_media":35725,"comment_status":"open","ping_status":"closed","sticky":false,"template":"","format":"standard","meta":{"_acf_changed":false,"footnotes":""},"categories":[25],"tags":[],"class_list":["post-35724","post","type-post","status-publish","format-standard","has-post-thumbnail","hentry","category-opina-ai"],"acf":[],"yoast_head":"<!-- This site is optimized with the Yoast SEO plugin v27.2 - https:\/\/yoast.com\/product\/yoast-seo-wordpress\/ -->\n<title>Governo taxa os pobres, alivia os ricos e o \u00f4nibus fica mais caro... - Notibras<\/title>\n<meta name=\"robots\" content=\"index, follow, max-snippet:-1, max-image-preview:large, max-video-preview:-1\" \/>\n<link rel=\"canonical\" href=\"https:\/\/www.notibras.com\/site\/governo-taxa-os-pobres-alivia-os-ricos-e-o-onibus-fica-mais-caro\/\" \/>\n<meta property=\"og:locale\" content=\"pt_BR\" \/>\n<meta property=\"og:type\" content=\"article\" \/>\n<meta property=\"og:title\" content=\"Governo taxa os pobres, alivia os ricos e o \u00f4nibus fica mais caro... - Notibras\" \/>\n<meta property=\"og:description\" content=\"O governo recentemente anunciou aumentos da Cide e do PIS\/Cofins da gasolina, do IOF em empr\u00e9stimos e financiamentos para pessoa f\u00edsica, ajustes em benef\u00edcios &#8211; como seguro desemprego -, e aumento na taxa de juros (de 11,75% para 12,5 %). Com essas medidas, o ministro da Fazenda diz ser necess\u00e1rio cortar subs\u00eddios. Conv\u00e9m lembrar que [&hellip;]\" \/>\n<meta property=\"og:url\" content=\"https:\/\/www.notibras.com\/site\/governo-taxa-os-pobres-alivia-os-ricos-e-o-onibus-fica-mais-caro\/\" \/>\n<meta property=\"og:site_name\" content=\"Notibras\" \/>\n<meta property=\"article:publisher\" content=\"https:\/\/www.facebook.com\/notibras\/\" \/>\n<meta property=\"article:published_time\" content=\"2015-02-02T11:29:16+00:00\" \/>\n<meta property=\"og:image\" content=\"https:\/\/www.notibras.com\/site\/wp-content\/uploads\/2015\/02\/oni.jpg\" \/>\n\t<meta property=\"og:image:width\" content=\"777\" \/>\n\t<meta property=\"og:image:height\" content=\"480\" \/>\n\t<meta property=\"og:image:type\" content=\"image\/jpeg\" \/>\n<meta name=\"author\" content=\"Reda\u00e7\u00e3o\" \/>\n<meta name=\"twitter:card\" content=\"summary_large_image\" \/>\n<meta name=\"twitter:creator\" content=\"@Notibras\" \/>\n<meta name=\"twitter:site\" content=\"@Notibras\" \/>\n<meta name=\"twitter:label1\" content=\"Escrito por\" \/>\n\t<meta name=\"twitter:data1\" content=\"Reda\u00e7\u00e3o\" \/>\n\t<meta name=\"twitter:label2\" content=\"Est. tempo de leitura\" \/>\n\t<meta name=\"twitter:data2\" content=\"4 minutos\" \/>\n<script type=\"application\/ld+json\" class=\"yoast-schema-graph\">{\"@context\":\"https:\/\/schema.org\",\"@graph\":[{\"@type\":\"Article\",\"@id\":\"https:\/\/www.notibras.com\/site\/governo-taxa-os-pobres-alivia-os-ricos-e-o-onibus-fica-mais-caro\/#article\",\"isPartOf\":{\"@id\":\"https:\/\/www.notibras.com\/site\/governo-taxa-os-pobres-alivia-os-ricos-e-o-onibus-fica-mais-caro\/\"},\"author\":{\"name\":\"Reda\u00e7\u00e3o\",\"@id\":\"https:\/\/www.notibras.com\/site\/#\/schema\/person\/36ab0979449956132d3e5b517ea76ac8\"},\"headline\":\"Governo taxa os pobres, alivia os ricos e o \u00f4nibus fica mais caro&#8230;\",\"datePublished\":\"2015-02-02T11:29:16+00:00\",\"mainEntityOfPage\":{\"@id\":\"https:\/\/www.notibras.com\/site\/governo-taxa-os-pobres-alivia-os-ricos-e-o-onibus-fica-mais-caro\/\"},\"wordCount\":870,\"commentCount\":0,\"publisher\":{\"@id\":\"https:\/\/www.notibras.com\/site\/#organization\"},\"image\":{\"@id\":\"https:\/\/www.notibras.com\/site\/governo-taxa-os-pobres-alivia-os-ricos-e-o-onibus-fica-mais-caro\/#primaryimage\"},\"thumbnailUrl\":\"https:\/\/www.notibras.com\/site\/wp-content\/uploads\/2015\/02\/oni.jpg\",\"articleSection\":[\"Opina a\u00ed\"],\"inLanguage\":\"pt-BR\",\"potentialAction\":[{\"@type\":\"CommentAction\",\"name\":\"Comment\",\"target\":[\"https:\/\/www.notibras.com\/site\/governo-taxa-os-pobres-alivia-os-ricos-e-o-onibus-fica-mais-caro\/#respond\"]}]},{\"@type\":\"WebPage\",\"@id\":\"https:\/\/www.notibras.com\/site\/governo-taxa-os-pobres-alivia-os-ricos-e-o-onibus-fica-mais-caro\/\",\"url\":\"https:\/\/www.notibras.com\/site\/governo-taxa-os-pobres-alivia-os-ricos-e-o-onibus-fica-mais-caro\/\",\"name\":\"Governo taxa os pobres, alivia os ricos e o \u00f4nibus fica mais caro... - Notibras\",\"isPartOf\":{\"@id\":\"https:\/\/www.notibras.com\/site\/#website\"},\"primaryImageOfPage\":{\"@id\":\"https:\/\/www.notibras.com\/site\/governo-taxa-os-pobres-alivia-os-ricos-e-o-onibus-fica-mais-caro\/#primaryimage\"},\"image\":{\"@id\":\"https:\/\/www.notibras.com\/site\/governo-taxa-os-pobres-alivia-os-ricos-e-o-onibus-fica-mais-caro\/#primaryimage\"},\"thumbnailUrl\":\"https:\/\/www.notibras.com\/site\/wp-content\/uploads\/2015\/02\/oni.jpg\",\"datePublished\":\"2015-02-02T11:29:16+00:00\",\"breadcrumb\":{\"@id\":\"https:\/\/www.notibras.com\/site\/governo-taxa-os-pobres-alivia-os-ricos-e-o-onibus-fica-mais-caro\/#breadcrumb\"},\"inLanguage\":\"pt-BR\",\"potentialAction\":[{\"@type\":\"ReadAction\",\"target\":[\"https:\/\/www.notibras.com\/site\/governo-taxa-os-pobres-alivia-os-ricos-e-o-onibus-fica-mais-caro\/\"]}]},{\"@type\":\"ImageObject\",\"inLanguage\":\"pt-BR\",\"@id\":\"https:\/\/www.notibras.com\/site\/governo-taxa-os-pobres-alivia-os-ricos-e-o-onibus-fica-mais-caro\/#primaryimage\",\"url\":\"https:\/\/www.notibras.com\/site\/wp-content\/uploads\/2015\/02\/oni.jpg\",\"contentUrl\":\"https:\/\/www.notibras.com\/site\/wp-content\/uploads\/2015\/02\/oni.jpg\",\"width\":777,\"height\":480},{\"@type\":\"BreadcrumbList\",\"@id\":\"https:\/\/www.notibras.com\/site\/governo-taxa-os-pobres-alivia-os-ricos-e-o-onibus-fica-mais-caro\/#breadcrumb\",\"itemListElement\":[{\"@type\":\"ListItem\",\"position\":1,\"name\":\"In\u00edcio\",\"item\":\"https:\/\/www.notibras.com\/site\/\"},{\"@type\":\"ListItem\",\"position\":2,\"name\":\"Governo taxa os pobres, alivia os ricos e o \u00f4nibus fica mais caro&#8230;\"}]},{\"@type\":\"WebSite\",\"@id\":\"https:\/\/www.notibras.com\/site\/#website\",\"url\":\"https:\/\/www.notibras.com\/site\/\",\"name\":\"Notibras\",\"description\":\"Not\u00edcias de Bras\u00edlia, do Brasil e do Mundo\",\"publisher\":{\"@id\":\"https:\/\/www.notibras.com\/site\/#organization\"},\"potentialAction\":[{\"@type\":\"SearchAction\",\"target\":{\"@type\":\"EntryPoint\",\"urlTemplate\":\"https:\/\/www.notibras.com\/site\/?s={search_term_string}\"},\"query-input\":{\"@type\":\"PropertyValueSpecification\",\"valueRequired\":true,\"valueName\":\"search_term_string\"}}],\"inLanguage\":\"pt-BR\"},{\"@type\":\"Organization\",\"@id\":\"https:\/\/www.notibras.com\/site\/#organization\",\"name\":\"Grupo Notibras de Comunica\u00e7\u00e3o\",\"url\":\"https:\/\/www.notibras.com\/site\/\",\"logo\":{\"@type\":\"ImageObject\",\"inLanguage\":\"pt-BR\",\"@id\":\"https:\/\/www.notibras.com\/site\/#\/schema\/logo\/image\/\",\"url\":\"https:\/\/www.notibras.com\/site\/wp-content\/uploads\/2023\/01\/notibras23.png\",\"contentUrl\":\"https:\/\/www.notibras.com\/site\/wp-content\/uploads\/2023\/01\/notibras23.png\",\"width\":350,\"height\":87,\"caption\":\"Grupo Notibras de Comunica\u00e7\u00e3o\"},\"image\":{\"@id\":\"https:\/\/www.notibras.com\/site\/#\/schema\/logo\/image\/\"},\"sameAs\":[\"https:\/\/www.facebook.com\/notibras\/\",\"https:\/\/x.com\/Notibras\",\"https:\/\/www.instagram.com\/notibras\/\"]},{\"@type\":\"Person\",\"@id\":\"https:\/\/www.notibras.com\/site\/#\/schema\/person\/36ab0979449956132d3e5b517ea76ac8\",\"name\":\"Reda\u00e7\u00e3o\",\"image\":{\"@type\":\"ImageObject\",\"inLanguage\":\"pt-BR\",\"@id\":\"https:\/\/secure.gravatar.com\/avatar\/e0a867bdedb85fd243eadf09663511f96fc81e0720a4a42581f334ad4303aa6b?s=96&d=mm&r=g\",\"url\":\"https:\/\/secure.gravatar.com\/avatar\/e0a867bdedb85fd243eadf09663511f96fc81e0720a4a42581f334ad4303aa6b?s=96&d=mm&r=g\",\"contentUrl\":\"https:\/\/secure.gravatar.com\/avatar\/e0a867bdedb85fd243eadf09663511f96fc81e0720a4a42581f334ad4303aa6b?s=96&d=mm&r=g\",\"caption\":\"Reda\u00e7\u00e3o\"}}]}<\/script>\n<!-- \/ Yoast SEO plugin. -->","yoast_head_json":{"title":"Governo taxa os pobres, alivia os ricos e o \u00f4nibus fica mais caro... - Notibras","robots":{"index":"index","follow":"follow","max-snippet":"max-snippet:-1","max-image-preview":"max-image-preview:large","max-video-preview":"max-video-preview:-1"},"canonical":"https:\/\/www.notibras.com\/site\/governo-taxa-os-pobres-alivia-os-ricos-e-o-onibus-fica-mais-caro\/","og_locale":"pt_BR","og_type":"article","og_title":"Governo taxa os pobres, alivia os ricos e o \u00f4nibus fica mais caro... - Notibras","og_description":"O governo recentemente anunciou aumentos da Cide e do PIS\/Cofins da gasolina, do IOF em empr\u00e9stimos e financiamentos para pessoa f\u00edsica, ajustes em benef\u00edcios &#8211; como seguro desemprego -, e aumento na taxa de juros (de 11,75% para 12,5 %). Com essas medidas, o ministro da Fazenda diz ser necess\u00e1rio cortar subs\u00eddios. Conv\u00e9m lembrar que [&hellip;]","og_url":"https:\/\/www.notibras.com\/site\/governo-taxa-os-pobres-alivia-os-ricos-e-o-onibus-fica-mais-caro\/","og_site_name":"Notibras","article_publisher":"https:\/\/www.facebook.com\/notibras\/","article_published_time":"2015-02-02T11:29:16+00:00","og_image":[{"width":777,"height":480,"url":"https:\/\/www.notibras.com\/site\/wp-content\/uploads\/2015\/02\/oni.jpg","type":"image\/jpeg"}],"author":"Reda\u00e7\u00e3o","twitter_card":"summary_large_image","twitter_creator":"@Notibras","twitter_site":"@Notibras","twitter_misc":{"Escrito por":"Reda\u00e7\u00e3o","Est. tempo de leitura":"4 minutos"},"schema":{"@context":"https:\/\/schema.org","@graph":[{"@type":"Article","@id":"https:\/\/www.notibras.com\/site\/governo-taxa-os-pobres-alivia-os-ricos-e-o-onibus-fica-mais-caro\/#article","isPartOf":{"@id":"https:\/\/www.notibras.com\/site\/governo-taxa-os-pobres-alivia-os-ricos-e-o-onibus-fica-mais-caro\/"},"author":{"name":"Reda\u00e7\u00e3o","@id":"https:\/\/www.notibras.com\/site\/#\/schema\/person\/36ab0979449956132d3e5b517ea76ac8"},"headline":"Governo taxa os pobres, alivia os ricos e o \u00f4nibus fica mais caro&#8230;","datePublished":"2015-02-02T11:29:16+00:00","mainEntityOfPage":{"@id":"https:\/\/www.notibras.com\/site\/governo-taxa-os-pobres-alivia-os-ricos-e-o-onibus-fica-mais-caro\/"},"wordCount":870,"commentCount":0,"publisher":{"@id":"https:\/\/www.notibras.com\/site\/#organization"},"image":{"@id":"https:\/\/www.notibras.com\/site\/governo-taxa-os-pobres-alivia-os-ricos-e-o-onibus-fica-mais-caro\/#primaryimage"},"thumbnailUrl":"https:\/\/www.notibras.com\/site\/wp-content\/uploads\/2015\/02\/oni.jpg","articleSection":["Opina a\u00ed"],"inLanguage":"pt-BR","potentialAction":[{"@type":"CommentAction","name":"Comment","target":["https:\/\/www.notibras.com\/site\/governo-taxa-os-pobres-alivia-os-ricos-e-o-onibus-fica-mais-caro\/#respond"]}]},{"@type":"WebPage","@id":"https:\/\/www.notibras.com\/site\/governo-taxa-os-pobres-alivia-os-ricos-e-o-onibus-fica-mais-caro\/","url":"https:\/\/www.notibras.com\/site\/governo-taxa-os-pobres-alivia-os-ricos-e-o-onibus-fica-mais-caro\/","name":"Governo taxa os pobres, alivia os ricos e o \u00f4nibus fica mais caro... - Notibras","isPartOf":{"@id":"https:\/\/www.notibras.com\/site\/#website"},"primaryImageOfPage":{"@id":"https:\/\/www.notibras.com\/site\/governo-taxa-os-pobres-alivia-os-ricos-e-o-onibus-fica-mais-caro\/#primaryimage"},"image":{"@id":"https:\/\/www.notibras.com\/site\/governo-taxa-os-pobres-alivia-os-ricos-e-o-onibus-fica-mais-caro\/#primaryimage"},"thumbnailUrl":"https:\/\/www.notibras.com\/site\/wp-content\/uploads\/2015\/02\/oni.jpg","datePublished":"2015-02-02T11:29:16+00:00","breadcrumb":{"@id":"https:\/\/www.notibras.com\/site\/governo-taxa-os-pobres-alivia-os-ricos-e-o-onibus-fica-mais-caro\/#breadcrumb"},"inLanguage":"pt-BR","potentialAction":[{"@type":"ReadAction","target":["https:\/\/www.notibras.com\/site\/governo-taxa-os-pobres-alivia-os-ricos-e-o-onibus-fica-mais-caro\/"]}]},{"@type":"ImageObject","inLanguage":"pt-BR","@id":"https:\/\/www.notibras.com\/site\/governo-taxa-os-pobres-alivia-os-ricos-e-o-onibus-fica-mais-caro\/#primaryimage","url":"https:\/\/www.notibras.com\/site\/wp-content\/uploads\/2015\/02\/oni.jpg","contentUrl":"https:\/\/www.notibras.com\/site\/wp-content\/uploads\/2015\/02\/oni.jpg","width":777,"height":480},{"@type":"BreadcrumbList","@id":"https:\/\/www.notibras.com\/site\/governo-taxa-os-pobres-alivia-os-ricos-e-o-onibus-fica-mais-caro\/#breadcrumb","itemListElement":[{"@type":"ListItem","position":1,"name":"In\u00edcio","item":"https:\/\/www.notibras.com\/site\/"},{"@type":"ListItem","position":2,"name":"Governo taxa os pobres, alivia os ricos e o \u00f4nibus fica mais caro&#8230;"}]},{"@type":"WebSite","@id":"https:\/\/www.notibras.com\/site\/#website","url":"https:\/\/www.notibras.com\/site\/","name":"Notibras","description":"Not\u00edcias de Bras\u00edlia, do Brasil e do Mundo","publisher":{"@id":"https:\/\/www.notibras.com\/site\/#organization"},"potentialAction":[{"@type":"SearchAction","target":{"@type":"EntryPoint","urlTemplate":"https:\/\/www.notibras.com\/site\/?s={search_term_string}"},"query-input":{"@type":"PropertyValueSpecification","valueRequired":true,"valueName":"search_term_string"}}],"inLanguage":"pt-BR"},{"@type":"Organization","@id":"https:\/\/www.notibras.com\/site\/#organization","name":"Grupo Notibras de Comunica\u00e7\u00e3o","url":"https:\/\/www.notibras.com\/site\/","logo":{"@type":"ImageObject","inLanguage":"pt-BR","@id":"https:\/\/www.notibras.com\/site\/#\/schema\/logo\/image\/","url":"https:\/\/www.notibras.com\/site\/wp-content\/uploads\/2023\/01\/notibras23.png","contentUrl":"https:\/\/www.notibras.com\/site\/wp-content\/uploads\/2023\/01\/notibras23.png","width":350,"height":87,"caption":"Grupo Notibras de Comunica\u00e7\u00e3o"},"image":{"@id":"https:\/\/www.notibras.com\/site\/#\/schema\/logo\/image\/"},"sameAs":["https:\/\/www.facebook.com\/notibras\/","https:\/\/x.com\/Notibras","https:\/\/www.instagram.com\/notibras\/"]},{"@type":"Person","@id":"https:\/\/www.notibras.com\/site\/#\/schema\/person\/36ab0979449956132d3e5b517ea76ac8","name":"Reda\u00e7\u00e3o","image":{"@type":"ImageObject","inLanguage":"pt-BR","@id":"https:\/\/secure.gravatar.com\/avatar\/e0a867bdedb85fd243eadf09663511f96fc81e0720a4a42581f334ad4303aa6b?s=96&d=mm&r=g","url":"https:\/\/secure.gravatar.com\/avatar\/e0a867bdedb85fd243eadf09663511f96fc81e0720a4a42581f334ad4303aa6b?s=96&d=mm&r=g","contentUrl":"https:\/\/secure.gravatar.com\/avatar\/e0a867bdedb85fd243eadf09663511f96fc81e0720a4a42581f334ad4303aa6b?s=96&d=mm&r=g","caption":"Reda\u00e7\u00e3o"}}]}},"amp_enabled":true,"_links":{"self":[{"href":"https:\/\/www.notibras.com\/site\/wp-json\/wp\/v2\/posts\/35724","targetHints":{"allow":["GET"]}}],"collection":[{"href":"https:\/\/www.notibras.com\/site\/wp-json\/wp\/v2\/posts"}],"about":[{"href":"https:\/\/www.notibras.com\/site\/wp-json\/wp\/v2\/types\/post"}],"author":[{"embeddable":true,"href":"https:\/\/www.notibras.com\/site\/wp-json\/wp\/v2\/users\/2"}],"replies":[{"embeddable":true,"href":"https:\/\/www.notibras.com\/site\/wp-json\/wp\/v2\/comments?post=35724"}],"version-history":[{"count":0,"href":"https:\/\/www.notibras.com\/site\/wp-json\/wp\/v2\/posts\/35724\/revisions"}],"wp:featuredmedia":[{"embeddable":true,"href":"https:\/\/www.notibras.com\/site\/wp-json\/wp\/v2\/media\/35725"}],"wp:attachment":[{"href":"https:\/\/www.notibras.com\/site\/wp-json\/wp\/v2\/media?parent=35724"}],"wp:term":[{"taxonomy":"category","embeddable":true,"href":"https:\/\/www.notibras.com\/site\/wp-json\/wp\/v2\/categories?post=35724"},{"taxonomy":"post_tag","embeddable":true,"href":"https:\/\/www.notibras.com\/site\/wp-json\/wp\/v2\/tags?post=35724"}],"curies":[{"name":"wp","href":"https:\/\/api.w.org\/{rel}","templated":true}]}}