{"id":357261,"date":"2025-07-04T02:35:23","date_gmt":"2025-07-04T05:35:23","guid":{"rendered":"https:\/\/www.notibras.com\/site\/?p=357261"},"modified":"2025-07-03T22:36:17","modified_gmt":"2025-07-04T01:36:17","slug":"joaquim-almofadinha-o-rapaz-que-amava-a-ele-mesmo","status":"publish","type":"post","link":"https:\/\/www.notibras.com\/site\/joaquim-almofadinha-o-rapaz-que-amava-a-ele-mesmo\/","title":{"rendered":"Joaquim almofadinha, o rapaz que amava a ele mesmo"},"content":{"rendered":"<p>N\u00e3o se tem not\u00edcia de que algum dia Joaquim Almeida havia se esquecido de pentear cuidadosamente as madeixas, antes negras, hoje com generosos tons prateados. Um janota, alguns poucos se atreviam a mencionar, enquanto a maioria guardava para si tais pensamentos. Talvez n\u00e3o passassem de invejosos, j\u00e1 que o gajo, desde sempre, atraiu olhares, a maioria, diga-se de passagem, furtivos, apesar de, n\u00e3o raro, alguns escancarados de mo\u00e7oilas e mulheres, fossem jovens, fossem maduras, fossem vi\u00favas, fossem at\u00e9 casadas.<\/p>\n<p>Solteir\u00e3o convicto ap\u00f3s um noivado longo com a filha de um figur\u00e3o, Joaquim n\u00e3o escondia seu rancor por conta do tr\u00e1gico final do quase enlace aos olhos da igreja e, por conseguinte, de Deus. Antes ningu\u00e9m soubesse, mas como era de conhecimento p\u00fablico, melhor era mostrar indigna\u00e7\u00e3o. Quem sabe, assim, n\u00e3o salvaria o resqu\u00edcio de dignidade? E que a culpa reca\u00edsse sobre a noiva, Maria L\u00edvia.<\/p>\n<p>O que se deu no dia do cas\u00f3rio foi o estopim para uma crise que j\u00e1 se desenrolava desde o ano interior. Maria L\u00edvia, no entanto, mostrava-se resiliente e, talvez por quest\u00f5es de etiqueta, evitou imbr\u00f3glio desnecess\u00e1rio com o ent\u00e3o noivo. Afinal, boba que n\u00e3o era, sabia que a corda tendia a arrebentar do seu lado, j\u00e1 que era a parte feminina do enlace.<\/p>\n<p>Igreja abarrotada, a donzela aguardou por mais de hora no banco de tr\u00e1s do Landau 1978. N\u00e3o adiantou, pois nada do almofadinha aparecer. Mas n\u00e3o porque ele tivesse desistido do compromisso, ainda mais que o gajo parecia ansioso para, enfim, saborear a t\u00e3o sonhada noite de n\u00fapcias. O problema era outro.<\/p>\n<p>Diante do imenso espelho do quarto, l\u00e1 estava o Joaquim dando os \u00faltimos retoques h\u00e1 quase cinco horas. Quando o sujeito abria a porta para sair, eis que, no segundo seguinte, retornava para cofiar o bigode, arrumar a lapela, ter certeza de que o vinco da cal\u00e7a estava de acordo. Era um vaiev\u00e9m sem fim.<\/p>\n<p>Joaquim, enquanto observava se os dentes estavam alvos que nem bumbum de beb\u00ea, se lembrou de dar uma olhadela na hora. Eita! Quase enfartou quando percebeu que estava mais atrasado do que regras de mulher gr\u00e1vida. Tratou de correr para a igreja.<\/p>\n<p>Mal chegou, encontrou apenas um pequeno grupo conversando com o padre. Aproximou-se e, ent\u00e3o, foi fuzilado por olhares de todos.<\/p>\n<p>\u2014 Que papel\u00e3o, hein, seu Joaquim Almeida!<\/p>\n<p>\u2014 Padre Jos\u00e9, desculpe pelo atraso.<\/p>\n<p>\u2014 Atraso? Hum! Mas o senhor \u00e9 mesmo cara de pau!<\/p>\n<p>\u2014 N\u00e3o me furto da culpa, padre Jos\u00e9, mas cad\u00ea a minha noiva?<\/p>\n<p>\u2014 Sua noiva?<\/p>\n<p>\u2014 Sim, a Maria L\u00edvia.<\/p>\n<p>\u2014 Hum! Pois o senhor, caso queira se casar um dia, vai ter que arranjar outra noiva.<\/p>\n<p>\u2014 Mas, padre Jos\u00e9, o senhor acha que ela n\u00e3o vai me perdoar?<\/p>\n<p>\u2014 Se vai te perdoar ou n\u00e3o, s\u00f3 Deus sabe. Mas casar na igreja, ela n\u00e3o vai mais.<\/p>\n<p>\u2014 U\u00e9, e por que n\u00e3o casaria?<\/p>\n<p>\u2014 Porque, na falta do noivo, ela se casou com outro.<\/p>\n<p>&#8230;&#8230;&#8230;&#8230;&#8230;..<\/p>\n<p><strong>Eduardo Mart\u00ednez \u00e9 autor do livro 57 Contos e Cr\u00f4nicas por um Autor Muito Velho\u2019<\/strong><\/p>\n<p>Compre aqui\u00a0<span class=\"x19la9d6 x1fc57z9 x6ikm8r x10wlt62 x19co3pv x1g5zs5t xfibh0p xiy17q3 x1xsqp64 x1lkfr7t xexx8yu x4uap5 x18d9i69 xkhd6sd\"><span class=\"xrtxmta x1bhl96m\"><img decoding=\"async\" class=\"emoji\" role=\"img\" draggable=\"false\" src=\"https:\/\/s.w.org\/images\/core\/emoji\/15.0.3\/svg\/1f447-1f3ff.svg\" alt=\"&#x1f447;&#x1f3ff;\" \/><\/span><\/span><\/p>\n<p><a href=\"https:\/\/www.joanineditora.com.br\/57-contos-e-cronicas-por-um-autor-muito-velho\">https:\/\/www.joanineditora.com.br\/57-contos-e-cronicas-por-um-autor-muito-velho<\/a><\/p>\n","protected":false},"excerpt":{"rendered":"<p>N\u00e3o se tem not\u00edcia de que algum dia Joaquim Almeida havia se esquecido de pentear cuidadosamente as madeixas, antes negras, hoje com generosos tons prateados. Um janota, alguns poucos se atreviam a mencionar, enquanto a maioria guardava para si tais pensamentos. Talvez n\u00e3o passassem de invejosos, j\u00e1 que o gajo, desde sempre, atraiu olhares, a [&hellip;]<\/p>\n","protected":false},"author":2,"featured_media":357262,"comment_status":"closed","ping_status":"closed","sticky":false,"template":"","format":"standard","meta":{"_acf_changed":false,"footnotes":""},"categories":[161],"tags":[],"class_list":["post-357261","post","type-post","status-publish","format-standard","has-post-thumbnail","hentry","category-quadradinho-em-foco"],"acf":[],"_links":{"self":[{"href":"https:\/\/www.notibras.com\/site\/wp-json\/wp\/v2\/posts\/357261","targetHints":{"allow":["GET"]}}],"collection":[{"href":"https:\/\/www.notibras.com\/site\/wp-json\/wp\/v2\/posts"}],"about":[{"href":"https:\/\/www.notibras.com\/site\/wp-json\/wp\/v2\/types\/post"}],"author":[{"embeddable":true,"href":"https:\/\/www.notibras.com\/site\/wp-json\/wp\/v2\/users\/2"}],"replies":[{"embeddable":true,"href":"https:\/\/www.notibras.com\/site\/wp-json\/wp\/v2\/comments?post=357261"}],"version-history":[{"count":1,"href":"https:\/\/www.notibras.com\/site\/wp-json\/wp\/v2\/posts\/357261\/revisions"}],"predecessor-version":[{"id":357263,"href":"https:\/\/www.notibras.com\/site\/wp-json\/wp\/v2\/posts\/357261\/revisions\/357263"}],"wp:featuredmedia":[{"embeddable":true,"href":"https:\/\/www.notibras.com\/site\/wp-json\/wp\/v2\/media\/357262"}],"wp:attachment":[{"href":"https:\/\/www.notibras.com\/site\/wp-json\/wp\/v2\/media?parent=357261"}],"wp:term":[{"taxonomy":"category","embeddable":true,"href":"https:\/\/www.notibras.com\/site\/wp-json\/wp\/v2\/categories?post=357261"},{"taxonomy":"post_tag","embeddable":true,"href":"https:\/\/www.notibras.com\/site\/wp-json\/wp\/v2\/tags?post=357261"}],"curies":[{"name":"wp","href":"https:\/\/api.w.org\/{rel}","templated":true}]}}