{"id":357284,"date":"2025-07-04T00:08:04","date_gmt":"2025-07-04T03:08:04","guid":{"rendered":"https:\/\/www.notibras.com\/site\/?p=357284"},"modified":"2025-07-04T00:08:04","modified_gmt":"2025-07-04T03:08:04","slug":"volta-do-dinheiro-desviado-dos-aposentados-alivia-idosos-do-nordeste","status":"publish","type":"post","link":"https:\/\/www.notibras.com\/site\/volta-do-dinheiro-desviado-dos-aposentados-alivia-idosos-do-nordeste\/","title":{"rendered":"Volta do dinheiro desviado dos aposentados alivia idosos do Nordeste"},"content":{"rendered":"<p>Uma boa not\u00edcia chegou para milh\u00f5es de brasileiros, especialmente os aposentados e pensionistas do Nordeste, que h\u00e1 anos sofrem com descontos indevidos em seus benef\u00edcios: o governo federal come\u00e7ar\u00e1, ainda este m\u00eas, a devolver os valores cobrados de forma irregular por associa\u00e7\u00f5es.<\/p>\n<p>Segundo o ministro da Previd\u00eancia Social, Wolney Queiroz, 2,1 milh\u00f5es de benefici\u00e1rios do INSS j\u00e1 est\u00e3o aptos a receber o ressarcimento. A decis\u00e3o foi poss\u00edvel gra\u00e7as a um acordo homologado pelo ministro Dias Toffoli, do Supremo Tribunal Federal (STF), que autorizou o in\u00edcio dos pagamentos a partir do dia 24 de julho.<\/p>\n<p>Para muitos aposentados nordestinos, que contam centavo a centavo para garantir o sustento da casa, essa devolu\u00e7\u00e3o representa um sopro de dignidade. S\u00e3o valores que, somados, podem significar comida na mesa, rem\u00e9dios pagos e al\u00edvio no fim do m\u00eas. Mas o benef\u00edcio \u00e9 nacional, abrangendo todos os brasileiros lesados \u2014 com o mesmo respeito e prioridade.<\/p>\n<p>O ministro destacou que a medida foi constru\u00edda com o objetivo de acelerar o processo e evitar obst\u00e1culos judiciais. Uma Medida Provis\u00f3ria ser\u00e1 editada para garantir os pagamentos, que, por decis\u00e3o do STF, ficar\u00e3o fora da meta fiscal \u2014 ou seja, n\u00e3o pesar\u00e3o sobre o or\u00e7amento comum do governo.<\/p>\n<p>\u201c\u00c9 um dia de festa para todos n\u00f3s, mas especialmente para os aposentados do nosso pa\u00eds. \u00c9 uma grande vit\u00f3ria do governo Lula, que me confiou a miss\u00e3o de garantir que ningu\u00e9m fique no preju\u00edzo. Esse dinheiro precisa voltar para quem realmente precisa dele \u2014 o povo brasileiro, em especial os mais humildes\u201d, declarou Wolney Queiroz.<\/p>\n<p>O acordo, constru\u00eddo com a participa\u00e7\u00e3o da Advocacia-Geral da Uni\u00e3o (AGU), INSS, OAB, Defensoria P\u00fablica da Uni\u00e3o (DPU) e Minist\u00e9rio P\u00fablico Federal (MPF), foi fruto de uma concilia\u00e7\u00e3o proposta por Toffoli, que agilizou uma solu\u00e7\u00e3o coletiva para o problema.<\/p>\n<p>Os pagamentos ser\u00e3o feitos a cada 15 dias, come\u00e7ando em 24 de julho, com previs\u00e3o de beneficiar 1,5 milh\u00e3o de pessoas por lote. Os valores ser\u00e3o corrigidos pelo IPCA, o \u00edndice oficial da infla\u00e7\u00e3o.<\/p>\n<p>Para aderir, os prejudicados precisar\u00e3o apenas formalizar a contesta\u00e7\u00e3o dos descontos junto ao INSS. Quem j\u00e1 ingressou na Justi\u00e7a tamb\u00e9m poder\u00e1 receber, desde que desista da a\u00e7\u00e3o \u2014 nesses casos, o governo pagar\u00e1 5% de honor\u00e1rios advocat\u00edcios para a\u00e7\u00f5es ajuizadas at\u00e9 23 de abril de 2025.<\/p>\n<p>A esperan\u00e7a bate \u00e0 porta de milh\u00f5es. E para o povo nordestino, tantas vezes esquecido, essa devolu\u00e7\u00e3o representa mais do que dinheiro: simboliza respeito e reconhecimento. O que foi tirado, enfim, come\u00e7a a ser devolvido.<\/p>\n","protected":false},"excerpt":{"rendered":"<p>Uma boa not\u00edcia chegou para milh\u00f5es de brasileiros, especialmente os aposentados e pensionistas do Nordeste, que h\u00e1 anos sofrem com descontos indevidos em seus benef\u00edcios: o governo federal come\u00e7ar\u00e1, ainda este m\u00eas, a devolver os valores cobrados de forma irregular por associa\u00e7\u00f5es. Segundo o ministro da Previd\u00eancia Social, Wolney Queiroz, 2,1 milh\u00f5es de benefici\u00e1rios do [&hellip;]<\/p>\n","protected":false},"author":2,"featured_media":318006,"comment_status":"closed","ping_status":"closed","sticky":false,"template":"","format":"standard","meta":{"_acf_changed":false,"footnotes":""},"categories":[165],"tags":[],"class_list":["post-357284","post","type-post","status-publish","format-standard","has-post-thumbnail","hentry","category-nordeste"],"acf":[],"_links":{"self":[{"href":"https:\/\/www.notibras.com\/site\/wp-json\/wp\/v2\/posts\/357284","targetHints":{"allow":["GET"]}}],"collection":[{"href":"https:\/\/www.notibras.com\/site\/wp-json\/wp\/v2\/posts"}],"about":[{"href":"https:\/\/www.notibras.com\/site\/wp-json\/wp\/v2\/types\/post"}],"author":[{"embeddable":true,"href":"https:\/\/www.notibras.com\/site\/wp-json\/wp\/v2\/users\/2"}],"replies":[{"embeddable":true,"href":"https:\/\/www.notibras.com\/site\/wp-json\/wp\/v2\/comments?post=357284"}],"version-history":[{"count":1,"href":"https:\/\/www.notibras.com\/site\/wp-json\/wp\/v2\/posts\/357284\/revisions"}],"predecessor-version":[{"id":357285,"href":"https:\/\/www.notibras.com\/site\/wp-json\/wp\/v2\/posts\/357284\/revisions\/357285"}],"wp:featuredmedia":[{"embeddable":true,"href":"https:\/\/www.notibras.com\/site\/wp-json\/wp\/v2\/media\/318006"}],"wp:attachment":[{"href":"https:\/\/www.notibras.com\/site\/wp-json\/wp\/v2\/media?parent=357284"}],"wp:term":[{"taxonomy":"category","embeddable":true,"href":"https:\/\/www.notibras.com\/site\/wp-json\/wp\/v2\/categories?post=357284"},{"taxonomy":"post_tag","embeddable":true,"href":"https:\/\/www.notibras.com\/site\/wp-json\/wp\/v2\/tags?post=357284"}],"curies":[{"name":"wp","href":"https:\/\/api.w.org\/{rel}","templated":true}]}}