{"id":357308,"date":"2025-07-04T09:24:52","date_gmt":"2025-07-04T12:24:52","guid":{"rendered":"https:\/\/www.notibras.com\/site\/?p=357308"},"modified":"2025-07-04T09:38:29","modified_gmt":"2025-07-04T12:38:29","slug":"putin-conversa-com-donald-trump-e-russia-faz-maior-ataque-a-ucrania-desde-o-inicio-da-guerra","status":"publish","type":"post","link":"https:\/\/www.notibras.com\/site\/putin-conversa-com-donald-trump-e-russia-faz-maior-ataque-a-ucrania-desde-o-inicio-da-guerra\/","title":{"rendered":"Putin conversa com Donald Trump e R\u00fassia faz maior ataque \u00e0 Ucr\u00e2nia desde o in\u00edcio da guerra"},"content":{"rendered":"<p data-start=\"176\" data-end=\"419\">Na noite de quinta, o mundo dormiu. Mas duas criaturas insuspeitas estavam acordadas, trocando confid\u00eancias ao telefone: Vladimir Putin, o czar de gelo da estepe euroasi\u00e1tica, e Donald Trump, o buf\u00e3o dourado da rep\u00fablica das bananas nucleares.<\/p>\n<p data-start=\"421\" data-end=\"827\">O que disseram, ningu\u00e9m sabe. Mas na madrugada de sexta, como quem responde a uma promessa mal cumprida ou a uma sugest\u00e3o mal-interpretada, Putin resolveu mostrar que seu rel\u00f3gio n\u00e3o atrasa.<\/p>\n<p data-start=\"421\" data-end=\"827\">Com a sutileza de um rinoceronte numa loja de porcelanas, lan\u00e7ou o maior bombardeio contra a Ucr\u00e2nia desde o in\u00edcio da guerra \u2014 539 drones, 11 m\u00edsseis e uma mensagem clara: a OTAN pode engolir seus pap\u00e9is timbrados.<\/p>\n<p data-start=\"829\" data-end=\"1194\">As perguntas se acumulam como escombros em Kiev: Estariam os dois l\u00edderes alinhando um novo eixo, uma alian\u00e7a secreta de narcisos armados at\u00e9 os dentes, com os olhos voltados para um mundo cada vez mais disfuncional? Ou ser\u00e1 que a conversa foi uma troca de farpas disfar\u00e7ada, e Putin, em sua fina diplomacia eslava, decidiu encerrar o di\u00e1logo com fogo e estilha\u00e7os?<\/p>\n<p data-start=\"1196\" data-end=\"1545\">Trump, claro, dorme tranquilo em seus len\u00e7\u00f3is de cetim patri\u00f3tico. Vai jurar, se perguntado, que falou sobre golfe, Putin disse que chove em Moscou, e o resto \u00e9 culpa da imprensa comunista. Mas o sincronismo macabro dos eventos n\u00e3o deixa mentir: ou temos uma nova irmandade das trevas geopol\u00edticas se formando, ou a diplomacia virou caso de pol\u00edcia.<\/p>\n<p data-start=\"1547\" data-end=\"1818\">O mundo assiste, pasmo e impotente, a esse teatro de horrores. Enquanto uns contam mortos, outros contam votos. E Putin, com sua m\u00e3o invis\u00edvel e seus drones vis\u00edveis demais, mostra que pode conversar com qualquer um \u2014 desde que, depois, tenha a \u00faltima palavra. Explosiva.<\/p>\n","protected":false},"excerpt":{"rendered":"<p>Na noite de quinta, o mundo dormiu. Mas duas criaturas insuspeitas estavam acordadas, trocando confid\u00eancias ao telefone: Vladimir Putin, o czar de gelo da estepe euroasi\u00e1tica, e Donald Trump, o buf\u00e3o dourado da rep\u00fablica das bananas nucleares. O que disseram, ningu\u00e9m sabe. Mas na madrugada de sexta, como quem responde a uma promessa mal cumprida [&hellip;]<\/p>\n","protected":false},"author":2,"featured_media":357309,"comment_status":"closed","ping_status":"closed","sticky":false,"template":"","format":"standard","meta":{"_acf_changed":false,"footnotes":""},"categories":[159],"tags":[],"class_list":["post-357308","post","type-post","status-publish","format-standard","has-post-thumbnail","hentry","category-apocalipse"],"acf":[],"yoast_head":"<!-- This site is optimized with the Yoast SEO plugin v27.2 - https:\/\/yoast.com\/product\/yoast-seo-wordpress\/ -->\n<title>Putin conversa com Donald Trump e R\u00fassia faz maior ataque \u00e0 Ucr\u00e2nia desde o in\u00edcio da guerra - Notibras<\/title>\n<meta name=\"robots\" content=\"index, follow, max-snippet:-1, max-image-preview:large, max-video-preview:-1\" \/>\n<link rel=\"canonical\" href=\"https:\/\/www.notibras.com\/site\/putin-conversa-com-donald-trump-e-russia-faz-maior-ataque-a-ucrania-desde-o-inicio-da-guerra\/\" \/>\n<meta property=\"og:locale\" content=\"pt_BR\" \/>\n<meta property=\"og:type\" content=\"article\" \/>\n<meta property=\"og:title\" content=\"Putin conversa com Donald Trump e R\u00fassia faz maior ataque \u00e0 Ucr\u00e2nia desde o in\u00edcio da guerra - Notibras\" \/>\n<meta property=\"og:description\" content=\"Na noite de quinta, o mundo dormiu. Mas duas criaturas insuspeitas estavam acordadas, trocando confid\u00eancias ao telefone: Vladimir Putin, o czar de gelo da estepe euroasi\u00e1tica, e Donald Trump, o buf\u00e3o dourado da rep\u00fablica das bananas nucleares. O que disseram, ningu\u00e9m sabe. Mas na madrugada de sexta, como quem responde a uma promessa mal cumprida [&hellip;]\" \/>\n<meta property=\"og:url\" content=\"https:\/\/www.notibras.com\/site\/putin-conversa-com-donald-trump-e-russia-faz-maior-ataque-a-ucrania-desde-o-inicio-da-guerra\/\" \/>\n<meta property=\"og:site_name\" content=\"Notibras\" \/>\n<meta property=\"article:publisher\" content=\"https:\/\/www.facebook.com\/notibras\/\" \/>\n<meta property=\"article:published_time\" content=\"2025-07-04T12:24:52+00:00\" \/>\n<meta property=\"article:modified_time\" content=\"2025-07-04T12:38:29+00:00\" \/>\n<meta property=\"og:image\" content=\"https:\/\/www.notibras.com\/site\/wp-content\/uploads\/2025\/07\/1122271836_0_71_2940_1724_1920x0_80_0_0_31a287a6ae28fc790ef9ee6764bd6c90.jpg.webp\" \/>\n\t<meta property=\"og:image:width\" content=\"1920\" \/>\n\t<meta property=\"og:image:height\" content=\"1079\" \/>\n\t<meta property=\"og:image:type\" content=\"image\/webp\" \/>\n<meta name=\"author\" content=\"Reda\u00e7\u00e3o\" \/>\n<meta name=\"twitter:card\" content=\"summary_large_image\" \/>\n<meta name=\"twitter:creator\" content=\"@Notibras\" \/>\n<meta name=\"twitter:site\" content=\"@Notibras\" \/>\n<meta name=\"twitter:label1\" content=\"Escrito por\" \/>\n\t<meta name=\"twitter:data1\" content=\"Reda\u00e7\u00e3o\" \/>\n\t<meta name=\"twitter:label2\" content=\"Est. tempo de leitura\" \/>\n\t<meta name=\"twitter:data2\" content=\"2 minutos\" \/>\n<script type=\"application\/ld+json\" class=\"yoast-schema-graph\">{\"@context\":\"https:\/\/schema.org\",\"@graph\":[{\"@type\":\"Article\",\"@id\":\"https:\/\/www.notibras.com\/site\/putin-conversa-com-donald-trump-e-russia-faz-maior-ataque-a-ucrania-desde-o-inicio-da-guerra\/#article\",\"isPartOf\":{\"@id\":\"https:\/\/www.notibras.com\/site\/putin-conversa-com-donald-trump-e-russia-faz-maior-ataque-a-ucrania-desde-o-inicio-da-guerra\/\"},\"author\":{\"name\":\"Reda\u00e7\u00e3o\",\"@id\":\"https:\/\/www.notibras.com\/site\/#\/schema\/person\/36ab0979449956132d3e5b517ea76ac8\"},\"headline\":\"Putin conversa com Donald Trump e R\u00fassia faz maior ataque \u00e0 Ucr\u00e2nia desde o in\u00edcio da guerra\",\"datePublished\":\"2025-07-04T12:24:52+00:00\",\"dateModified\":\"2025-07-04T12:38:29+00:00\",\"mainEntityOfPage\":{\"@id\":\"https:\/\/www.notibras.com\/site\/putin-conversa-com-donald-trump-e-russia-faz-maior-ataque-a-ucrania-desde-o-inicio-da-guerra\/\"},\"wordCount\":311,\"publisher\":{\"@id\":\"https:\/\/www.notibras.com\/site\/#organization\"},\"image\":{\"@id\":\"https:\/\/www.notibras.com\/site\/putin-conversa-com-donald-trump-e-russia-faz-maior-ataque-a-ucrania-desde-o-inicio-da-guerra\/#primaryimage\"},\"thumbnailUrl\":\"https:\/\/www.notibras.com\/site\/wp-content\/uploads\/2025\/07\/1122271836_0_71_2940_1724_1920x0_80_0_0_31a287a6ae28fc790ef9ee6764bd6c90.jpg.webp\",\"articleSection\":[\"Apocalipse\"],\"inLanguage\":\"pt-BR\"},{\"@type\":\"WebPage\",\"@id\":\"https:\/\/www.notibras.com\/site\/putin-conversa-com-donald-trump-e-russia-faz-maior-ataque-a-ucrania-desde-o-inicio-da-guerra\/\",\"url\":\"https:\/\/www.notibras.com\/site\/putin-conversa-com-donald-trump-e-russia-faz-maior-ataque-a-ucrania-desde-o-inicio-da-guerra\/\",\"name\":\"Putin conversa com Donald Trump e R\u00fassia faz maior ataque \u00e0 Ucr\u00e2nia desde o in\u00edcio da guerra - Notibras\",\"isPartOf\":{\"@id\":\"https:\/\/www.notibras.com\/site\/#website\"},\"primaryImageOfPage\":{\"@id\":\"https:\/\/www.notibras.com\/site\/putin-conversa-com-donald-trump-e-russia-faz-maior-ataque-a-ucrania-desde-o-inicio-da-guerra\/#primaryimage\"},\"image\":{\"@id\":\"https:\/\/www.notibras.com\/site\/putin-conversa-com-donald-trump-e-russia-faz-maior-ataque-a-ucrania-desde-o-inicio-da-guerra\/#primaryimage\"},\"thumbnailUrl\":\"https:\/\/www.notibras.com\/site\/wp-content\/uploads\/2025\/07\/1122271836_0_71_2940_1724_1920x0_80_0_0_31a287a6ae28fc790ef9ee6764bd6c90.jpg.webp\",\"datePublished\":\"2025-07-04T12:24:52+00:00\",\"dateModified\":\"2025-07-04T12:38:29+00:00\",\"breadcrumb\":{\"@id\":\"https:\/\/www.notibras.com\/site\/putin-conversa-com-donald-trump-e-russia-faz-maior-ataque-a-ucrania-desde-o-inicio-da-guerra\/#breadcrumb\"},\"inLanguage\":\"pt-BR\",\"potentialAction\":[{\"@type\":\"ReadAction\",\"target\":[\"https:\/\/www.notibras.com\/site\/putin-conversa-com-donald-trump-e-russia-faz-maior-ataque-a-ucrania-desde-o-inicio-da-guerra\/\"]}]},{\"@type\":\"ImageObject\",\"inLanguage\":\"pt-BR\",\"@id\":\"https:\/\/www.notibras.com\/site\/putin-conversa-com-donald-trump-e-russia-faz-maior-ataque-a-ucrania-desde-o-inicio-da-guerra\/#primaryimage\",\"url\":\"https:\/\/www.notibras.com\/site\/wp-content\/uploads\/2025\/07\/1122271836_0_71_2940_1724_1920x0_80_0_0_31a287a6ae28fc790ef9ee6764bd6c90.jpg.webp\",\"contentUrl\":\"https:\/\/www.notibras.com\/site\/wp-content\/uploads\/2025\/07\/1122271836_0_71_2940_1724_1920x0_80_0_0_31a287a6ae28fc790ef9ee6764bd6c90.jpg.webp\",\"width\":1920,\"height\":1079},{\"@type\":\"BreadcrumbList\",\"@id\":\"https:\/\/www.notibras.com\/site\/putin-conversa-com-donald-trump-e-russia-faz-maior-ataque-a-ucrania-desde-o-inicio-da-guerra\/#breadcrumb\",\"itemListElement\":[{\"@type\":\"ListItem\",\"position\":1,\"name\":\"In\u00edcio\",\"item\":\"https:\/\/www.notibras.com\/site\/\"},{\"@type\":\"ListItem\",\"position\":2,\"name\":\"Putin conversa com Donald Trump e R\u00fassia faz maior ataque \u00e0 Ucr\u00e2nia desde o in\u00edcio da guerra\"}]},{\"@type\":\"WebSite\",\"@id\":\"https:\/\/www.notibras.com\/site\/#website\",\"url\":\"https:\/\/www.notibras.com\/site\/\",\"name\":\"Notibras\",\"description\":\"Not\u00edcias de Bras\u00edlia, do Brasil e do Mundo\",\"publisher\":{\"@id\":\"https:\/\/www.notibras.com\/site\/#organization\"},\"potentialAction\":[{\"@type\":\"SearchAction\",\"target\":{\"@type\":\"EntryPoint\",\"urlTemplate\":\"https:\/\/www.notibras.com\/site\/?s={search_term_string}\"},\"query-input\":{\"@type\":\"PropertyValueSpecification\",\"valueRequired\":true,\"valueName\":\"search_term_string\"}}],\"inLanguage\":\"pt-BR\"},{\"@type\":\"Organization\",\"@id\":\"https:\/\/www.notibras.com\/site\/#organization\",\"name\":\"Grupo Notibras de Comunica\u00e7\u00e3o\",\"url\":\"https:\/\/www.notibras.com\/site\/\",\"logo\":{\"@type\":\"ImageObject\",\"inLanguage\":\"pt-BR\",\"@id\":\"https:\/\/www.notibras.com\/site\/#\/schema\/logo\/image\/\",\"url\":\"https:\/\/www.notibras.com\/site\/wp-content\/uploads\/2023\/01\/notibras23.png\",\"contentUrl\":\"https:\/\/www.notibras.com\/site\/wp-content\/uploads\/2023\/01\/notibras23.png\",\"width\":350,\"height\":87,\"caption\":\"Grupo Notibras de Comunica\u00e7\u00e3o\"},\"image\":{\"@id\":\"https:\/\/www.notibras.com\/site\/#\/schema\/logo\/image\/\"},\"sameAs\":[\"https:\/\/www.facebook.com\/notibras\/\",\"https:\/\/x.com\/Notibras\",\"https:\/\/www.instagram.com\/notibras\/\"]},{\"@type\":\"Person\",\"@id\":\"https:\/\/www.notibras.com\/site\/#\/schema\/person\/36ab0979449956132d3e5b517ea76ac8\",\"name\":\"Reda\u00e7\u00e3o\",\"image\":{\"@type\":\"ImageObject\",\"inLanguage\":\"pt-BR\",\"@id\":\"https:\/\/secure.gravatar.com\/avatar\/e0a867bdedb85fd243eadf09663511f96fc81e0720a4a42581f334ad4303aa6b?s=96&d=mm&r=g\",\"url\":\"https:\/\/secure.gravatar.com\/avatar\/e0a867bdedb85fd243eadf09663511f96fc81e0720a4a42581f334ad4303aa6b?s=96&d=mm&r=g\",\"contentUrl\":\"https:\/\/secure.gravatar.com\/avatar\/e0a867bdedb85fd243eadf09663511f96fc81e0720a4a42581f334ad4303aa6b?s=96&d=mm&r=g\",\"caption\":\"Reda\u00e7\u00e3o\"}}]}<\/script>\n<!-- \/ Yoast SEO plugin. -->","yoast_head_json":{"title":"Putin conversa com Donald Trump e R\u00fassia faz maior ataque \u00e0 Ucr\u00e2nia desde o in\u00edcio da guerra - Notibras","robots":{"index":"index","follow":"follow","max-snippet":"max-snippet:-1","max-image-preview":"max-image-preview:large","max-video-preview":"max-video-preview:-1"},"canonical":"https:\/\/www.notibras.com\/site\/putin-conversa-com-donald-trump-e-russia-faz-maior-ataque-a-ucrania-desde-o-inicio-da-guerra\/","og_locale":"pt_BR","og_type":"article","og_title":"Putin conversa com Donald Trump e R\u00fassia faz maior ataque \u00e0 Ucr\u00e2nia desde o in\u00edcio da guerra - Notibras","og_description":"Na noite de quinta, o mundo dormiu. Mas duas criaturas insuspeitas estavam acordadas, trocando confid\u00eancias ao telefone: Vladimir Putin, o czar de gelo da estepe euroasi\u00e1tica, e Donald Trump, o buf\u00e3o dourado da rep\u00fablica das bananas nucleares. O que disseram, ningu\u00e9m sabe. Mas na madrugada de sexta, como quem responde a uma promessa mal cumprida [&hellip;]","og_url":"https:\/\/www.notibras.com\/site\/putin-conversa-com-donald-trump-e-russia-faz-maior-ataque-a-ucrania-desde-o-inicio-da-guerra\/","og_site_name":"Notibras","article_publisher":"https:\/\/www.facebook.com\/notibras\/","article_published_time":"2025-07-04T12:24:52+00:00","article_modified_time":"2025-07-04T12:38:29+00:00","og_image":[{"width":1920,"height":1079,"url":"https:\/\/www.notibras.com\/site\/wp-content\/uploads\/2025\/07\/1122271836_0_71_2940_1724_1920x0_80_0_0_31a287a6ae28fc790ef9ee6764bd6c90.jpg.webp","type":"image\/webp"}],"author":"Reda\u00e7\u00e3o","twitter_card":"summary_large_image","twitter_creator":"@Notibras","twitter_site":"@Notibras","twitter_misc":{"Escrito por":"Reda\u00e7\u00e3o","Est. tempo de leitura":"2 minutos"},"schema":{"@context":"https:\/\/schema.org","@graph":[{"@type":"Article","@id":"https:\/\/www.notibras.com\/site\/putin-conversa-com-donald-trump-e-russia-faz-maior-ataque-a-ucrania-desde-o-inicio-da-guerra\/#article","isPartOf":{"@id":"https:\/\/www.notibras.com\/site\/putin-conversa-com-donald-trump-e-russia-faz-maior-ataque-a-ucrania-desde-o-inicio-da-guerra\/"},"author":{"name":"Reda\u00e7\u00e3o","@id":"https:\/\/www.notibras.com\/site\/#\/schema\/person\/36ab0979449956132d3e5b517ea76ac8"},"headline":"Putin conversa com Donald Trump e R\u00fassia faz maior ataque \u00e0 Ucr\u00e2nia desde o in\u00edcio da guerra","datePublished":"2025-07-04T12:24:52+00:00","dateModified":"2025-07-04T12:38:29+00:00","mainEntityOfPage":{"@id":"https:\/\/www.notibras.com\/site\/putin-conversa-com-donald-trump-e-russia-faz-maior-ataque-a-ucrania-desde-o-inicio-da-guerra\/"},"wordCount":311,"publisher":{"@id":"https:\/\/www.notibras.com\/site\/#organization"},"image":{"@id":"https:\/\/www.notibras.com\/site\/putin-conversa-com-donald-trump-e-russia-faz-maior-ataque-a-ucrania-desde-o-inicio-da-guerra\/#primaryimage"},"thumbnailUrl":"https:\/\/www.notibras.com\/site\/wp-content\/uploads\/2025\/07\/1122271836_0_71_2940_1724_1920x0_80_0_0_31a287a6ae28fc790ef9ee6764bd6c90.jpg.webp","articleSection":["Apocalipse"],"inLanguage":"pt-BR"},{"@type":"WebPage","@id":"https:\/\/www.notibras.com\/site\/putin-conversa-com-donald-trump-e-russia-faz-maior-ataque-a-ucrania-desde-o-inicio-da-guerra\/","url":"https:\/\/www.notibras.com\/site\/putin-conversa-com-donald-trump-e-russia-faz-maior-ataque-a-ucrania-desde-o-inicio-da-guerra\/","name":"Putin conversa com Donald Trump e R\u00fassia faz maior ataque \u00e0 Ucr\u00e2nia desde o in\u00edcio da guerra - Notibras","isPartOf":{"@id":"https:\/\/www.notibras.com\/site\/#website"},"primaryImageOfPage":{"@id":"https:\/\/www.notibras.com\/site\/putin-conversa-com-donald-trump-e-russia-faz-maior-ataque-a-ucrania-desde-o-inicio-da-guerra\/#primaryimage"},"image":{"@id":"https:\/\/www.notibras.com\/site\/putin-conversa-com-donald-trump-e-russia-faz-maior-ataque-a-ucrania-desde-o-inicio-da-guerra\/#primaryimage"},"thumbnailUrl":"https:\/\/www.notibras.com\/site\/wp-content\/uploads\/2025\/07\/1122271836_0_71_2940_1724_1920x0_80_0_0_31a287a6ae28fc790ef9ee6764bd6c90.jpg.webp","datePublished":"2025-07-04T12:24:52+00:00","dateModified":"2025-07-04T12:38:29+00:00","breadcrumb":{"@id":"https:\/\/www.notibras.com\/site\/putin-conversa-com-donald-trump-e-russia-faz-maior-ataque-a-ucrania-desde-o-inicio-da-guerra\/#breadcrumb"},"inLanguage":"pt-BR","potentialAction":[{"@type":"ReadAction","target":["https:\/\/www.notibras.com\/site\/putin-conversa-com-donald-trump-e-russia-faz-maior-ataque-a-ucrania-desde-o-inicio-da-guerra\/"]}]},{"@type":"ImageObject","inLanguage":"pt-BR","@id":"https:\/\/www.notibras.com\/site\/putin-conversa-com-donald-trump-e-russia-faz-maior-ataque-a-ucrania-desde-o-inicio-da-guerra\/#primaryimage","url":"https:\/\/www.notibras.com\/site\/wp-content\/uploads\/2025\/07\/1122271836_0_71_2940_1724_1920x0_80_0_0_31a287a6ae28fc790ef9ee6764bd6c90.jpg.webp","contentUrl":"https:\/\/www.notibras.com\/site\/wp-content\/uploads\/2025\/07\/1122271836_0_71_2940_1724_1920x0_80_0_0_31a287a6ae28fc790ef9ee6764bd6c90.jpg.webp","width":1920,"height":1079},{"@type":"BreadcrumbList","@id":"https:\/\/www.notibras.com\/site\/putin-conversa-com-donald-trump-e-russia-faz-maior-ataque-a-ucrania-desde-o-inicio-da-guerra\/#breadcrumb","itemListElement":[{"@type":"ListItem","position":1,"name":"In\u00edcio","item":"https:\/\/www.notibras.com\/site\/"},{"@type":"ListItem","position":2,"name":"Putin conversa com Donald Trump e R\u00fassia faz maior ataque \u00e0 Ucr\u00e2nia desde o in\u00edcio da guerra"}]},{"@type":"WebSite","@id":"https:\/\/www.notibras.com\/site\/#website","url":"https:\/\/www.notibras.com\/site\/","name":"Notibras","description":"Not\u00edcias de Bras\u00edlia, do Brasil e do Mundo","publisher":{"@id":"https:\/\/www.notibras.com\/site\/#organization"},"potentialAction":[{"@type":"SearchAction","target":{"@type":"EntryPoint","urlTemplate":"https:\/\/www.notibras.com\/site\/?s={search_term_string}"},"query-input":{"@type":"PropertyValueSpecification","valueRequired":true,"valueName":"search_term_string"}}],"inLanguage":"pt-BR"},{"@type":"Organization","@id":"https:\/\/www.notibras.com\/site\/#organization","name":"Grupo Notibras de Comunica\u00e7\u00e3o","url":"https:\/\/www.notibras.com\/site\/","logo":{"@type":"ImageObject","inLanguage":"pt-BR","@id":"https:\/\/www.notibras.com\/site\/#\/schema\/logo\/image\/","url":"https:\/\/www.notibras.com\/site\/wp-content\/uploads\/2023\/01\/notibras23.png","contentUrl":"https:\/\/www.notibras.com\/site\/wp-content\/uploads\/2023\/01\/notibras23.png","width":350,"height":87,"caption":"Grupo Notibras de Comunica\u00e7\u00e3o"},"image":{"@id":"https:\/\/www.notibras.com\/site\/#\/schema\/logo\/image\/"},"sameAs":["https:\/\/www.facebook.com\/notibras\/","https:\/\/x.com\/Notibras","https:\/\/www.instagram.com\/notibras\/"]},{"@type":"Person","@id":"https:\/\/www.notibras.com\/site\/#\/schema\/person\/36ab0979449956132d3e5b517ea76ac8","name":"Reda\u00e7\u00e3o","image":{"@type":"ImageObject","inLanguage":"pt-BR","@id":"https:\/\/secure.gravatar.com\/avatar\/e0a867bdedb85fd243eadf09663511f96fc81e0720a4a42581f334ad4303aa6b?s=96&d=mm&r=g","url":"https:\/\/secure.gravatar.com\/avatar\/e0a867bdedb85fd243eadf09663511f96fc81e0720a4a42581f334ad4303aa6b?s=96&d=mm&r=g","contentUrl":"https:\/\/secure.gravatar.com\/avatar\/e0a867bdedb85fd243eadf09663511f96fc81e0720a4a42581f334ad4303aa6b?s=96&d=mm&r=g","caption":"Reda\u00e7\u00e3o"}}]}},"amp_enabled":true,"_links":{"self":[{"href":"https:\/\/www.notibras.com\/site\/wp-json\/wp\/v2\/posts\/357308","targetHints":{"allow":["GET"]}}],"collection":[{"href":"https:\/\/www.notibras.com\/site\/wp-json\/wp\/v2\/posts"}],"about":[{"href":"https:\/\/www.notibras.com\/site\/wp-json\/wp\/v2\/types\/post"}],"author":[{"embeddable":true,"href":"https:\/\/www.notibras.com\/site\/wp-json\/wp\/v2\/users\/2"}],"replies":[{"embeddable":true,"href":"https:\/\/www.notibras.com\/site\/wp-json\/wp\/v2\/comments?post=357308"}],"version-history":[{"count":3,"href":"https:\/\/www.notibras.com\/site\/wp-json\/wp\/v2\/posts\/357308\/revisions"}],"predecessor-version":[{"id":357312,"href":"https:\/\/www.notibras.com\/site\/wp-json\/wp\/v2\/posts\/357308\/revisions\/357312"}],"wp:featuredmedia":[{"embeddable":true,"href":"https:\/\/www.notibras.com\/site\/wp-json\/wp\/v2\/media\/357309"}],"wp:attachment":[{"href":"https:\/\/www.notibras.com\/site\/wp-json\/wp\/v2\/media?parent=357308"}],"wp:term":[{"taxonomy":"category","embeddable":true,"href":"https:\/\/www.notibras.com\/site\/wp-json\/wp\/v2\/categories?post=357308"},{"taxonomy":"post_tag","embeddable":true,"href":"https:\/\/www.notibras.com\/site\/wp-json\/wp\/v2\/tags?post=357308"}],"curies":[{"name":"wp","href":"https:\/\/api.w.org\/{rel}","templated":true}]}}