{"id":357313,"date":"2025-07-04T00:04:12","date_gmt":"2025-07-04T03:04:12","guid":{"rendered":"https:\/\/www.notibras.com\/site\/?p=357313"},"modified":"2025-07-04T10:09:04","modified_gmt":"2025-07-04T13:09:04","slug":"producao-agricola-cresce-e-movimentou-mais-de-58-bilhoes","status":"publish","type":"post","link":"https:\/\/www.notibras.com\/site\/producao-agricola-cresce-e-movimentou-mais-de-58-bilhoes\/","title":{"rendered":"Produ\u00e7\u00e3o agr\u00edcola cresce e movimentou mais de 5,8 bilh\u00f5es"},"content":{"rendered":"<p>O Distrito Federal movimentou mais de R$ 5,8 bilh\u00f5es de valor bruto da produ\u00e7\u00e3o agr\u00edcola (VBP) no ano passado, em uma \u00e1rea produtiva de 204 mil hectares. Os dados est\u00e3o presentes no relat\u00f3rio anual da Empresa de Assist\u00eancia T\u00e9cnica e Extens\u00e3o Rural (Emater-DF). O resultado foi puxado pela alta de tr\u00eas setores: fruticultura, floricultura e pecu\u00e1ria &#8211; que, sozinha, arrecadou R$ 2,19 bilh\u00f5es.<\/p>\n<p>Os n\u00fameros representam a soma de seis cadeias produtivas do agro brasiliense: olericultura, grandes culturas, fruticultura, floricultura, silvicultura e pecu\u00e1ria. Segundo o presidente da Emater-DF, Cleison Duval, os indicadores apontam que o DF se mant\u00e9m como refer\u00eancia nacional em agropecu\u00e1ria, gra\u00e7as ao incentivo \u00e0 diversifica\u00e7\u00e3o das culturas e implanta\u00e7\u00e3o de tecnologias, al\u00e9m do suporte t\u00e9cnico oferecido a todos os produtores rurais do Quadradinho.<\/p>\n<p>\u201cO DF continua sendo um expoente da agropecu\u00e1ria nacional, e estamos avan\u00e7ando tamb\u00e9m na agroindustrializa\u00e7\u00e3o da produ\u00e7\u00e3o\u201d, enfatiza Duval. \u201cEsse trabalho tem sido apoiado pelo governador Ibaneis Rocha, com a cria\u00e7\u00e3o de grupos institucionais em prol de cadeias produtivas. Fizemos isso com a Rota da Uva e do Vinho; agora estamos trabalhando com a Rota do Queijo, valorizando a cadeia do queijo artesanal do DF, e vamos continuar avan\u00e7ando.\u201d<\/p>\n<p><strong>Em alta<\/strong><br \/>\nDe todos os setores, a floricultura teve a maior alta registrada, com aumento de 29,39% no valor bruto de produ\u00e7\u00e3o. Em 2024, o com\u00e9rcio de flores, plantas ornamentais e arranjos arrecadou mais de R$ 265 milh\u00f5es &#8211; com destaque para as forra\u00e7\u00f5es, palmeiras e plantas de vaso em geral -, enquanto, em 2023, o resultado foi de R$ 205 milh\u00f5es.<\/p>\n<p>O segundo maior aumento ocorreu em fruticultura. De 2023 para 2024, o valor arrecadado passou de R$ 233 milh\u00f5es para R$ 274 milh\u00f5es, com altera\u00e7\u00e3o positiva de 18,43%. O maior resultado foi obtido pelo abacate convencional, com R$ 65,3 milh\u00f5es e produ\u00e7\u00e3o de 6,6 mil toneladas.<\/p>\n<p>\u201cNa fruticultura, houve um aumento gradativo da \u00e1rea plantada com frutas no DF, com o abacate, goiaba, banana, a\u00e7a\u00ed, mirtilo, pitaya, entre outros\u201d, enumera Duval. \u201cS\u00e3o frutas que antes n\u00e3o eram muito difundidas entre os produtores rurais, mas que a Emater, no seu trabalho de avalia\u00e7\u00e3o de mercado, indicou aos agricultores para que pudessem plantar para obter uma renda melhor para ele e sua fam\u00edlia.\u201d<\/p>\n<p>O plantio de frutas tem se expandido no DF com apoio do projeto Rota da Fruticultura, \u00e0 frente do qual est\u00e3o Emater-DF, Secretaria de Agricultura, Abastecimento e Desenvolvimento Rural (Seagri-DF) e Companhia de Desenvolvimento dos Vales do S\u00e3o Francisco e do Parna\u00edba (Codevasf). O objetivo \u00e9 a expans\u00e3o da produ\u00e7\u00e3o dos alimentos no DF, para gerar emprego e renda na regi\u00e3o rural por meio da diversifica\u00e7\u00e3o e implanta\u00e7\u00e3o de novas culturas.<\/p>\n<p>Por fim, a pecu\u00e1ria teve crescimento de 4,54% na arrecada\u00e7\u00e3o no ano passado, com R$ 2,19 bilh\u00f5es &#8211; equivalente a um ter\u00e7o do total bruto obtido pelo campo brasiliense. \u201cOs principais produtos dessa cadeia s\u00e3o os ovos f\u00e9rteis, a suinocultura e a bovinocultura. Os dois primeiros s\u00e3o os maiores e, juntos, chegam a quase R$ 1,6 bilh\u00e3o do total da cadeia\u201d, explica Duval.<\/p>\n<p><strong>Variedade<\/strong><br \/>\nA goiaba foi a fruta mais cultivada em 2024, com produ\u00e7\u00e3o de 7.060 toneladas em 396 hectares. Segundo o relat\u00f3rio anual, a fruta tem o cultivo desenvolvido por 187 agricultores e alcan\u00e7ou a arrecada\u00e7\u00e3o bruta de mais de R$ 30,3 milh\u00f5es no ano passado &#8211; menos que a metade do obtido pelo plantio de abacate.<\/p>\n<p>O agricultor Assis Ros\u00e1rio, de 50 anos, come\u00e7ou o plantio da goiaba em 2020 com 1,2 mil p\u00e9s da variedade Cortibel RG, conhecida pela alta produtividade, boa qualidade e resist\u00eancia p\u00f3s-colheita. Hoje, Assis conta com 1,7 mil p\u00e9s e uma \u00e1rea de plantio de 3 hectares, com produ\u00e7\u00e3o m\u00e9dia de 300 caixas de 20 kg por m\u00eas dedicada, principalmente, \u00e0s vendas governamentais.<\/p>\n<p>\u201c\u00c9 uma planta perene\u201d, aponta ele, que, antes de aderir ao cultivo da goiaba, trabalhava com hortali\u00e7as. \u201cVoc\u00ea planta s\u00f3 uma vez e, com o manejo adequado, consegue colher todo m\u00eas, o ano todo, com um valor agregado no mercado. Tem uma sa\u00edda muito boa e, com mais p\u00e9s, conseguimos ter mais receita.\u201d<\/p>\n<p><strong>Cultivo orientado<\/strong><br \/>\nCada etapa do plantio e manejo das goiabeiras contou com apoio t\u00e9cnico da Emater-DF, que auxiliou Assis na aquisi\u00e7\u00e3o de cr\u00e9dito com o programa Prospera, da Secretaria de Desenvolvimento Econ\u00f4mico, Trabalho e Renda (Sedet-DF). O agricultor teve dois anos de car\u00eancia para iniciar o pagamento do empr\u00e9stimo, ganhando f\u00f4lego para trabalhar e construir um neg\u00f3cio sustent\u00e1vel.<\/p>\n<p>\u201cAs \u00e1rvores come\u00e7aram a produzir com um ano e oito meses; ent\u00e3o, quando paguei a primeira parcela, j\u00e1 estava h\u00e1 dois meses colhendo\u201d, relata o agricultor. \u201cFoi muito bacana, e hoje \u00e9 a goiaba que mant\u00e9m a gente aqui na ro\u00e7a. O apoio da Emater-DF foi essencial no no plantio, com a corre\u00e7\u00e3o de solo, a marca\u00e7\u00e3o de \u00e1rea para plantio, a aduba\u00e7\u00e3o. Est\u00e3o presentes de todas as formas.\u201d<\/p>\n<p>O engenheiro agr\u00f4nomo Fernando Landim, extensionista da Emater-DF, destaca que as compras governamentais e as linhas de cr\u00e9dito s\u00e3o de suma import\u00e2ncia para alavancar as produ\u00e7\u00f5es. Atualmente, os agricultores do DF participam dos programas de Aquisi\u00e7\u00e3o de Alimentos (PAA), Nacional de Alimenta\u00e7\u00e3o Escolar (Pnae) e de Aquisi\u00e7\u00e3o da Produ\u00e7\u00e3o da Agricultura do DF (Papa), por meio de associa\u00e7\u00f5es, e de modo individual do termo de ades\u00e3o do PAA pelo Minist\u00e9rio do Desenvolvimento Social.<\/p>\n<p>\u201cTrazemos para eles as diversas linhas de cr\u00e9dito que est\u00e3o dispon\u00edveis, para que possam ter aux\u00edlio no desenvolvimento das planta\u00e7\u00f5es, al\u00e9m dos programas de compra, que s\u00e3o fundamentais para a comercializa\u00e7\u00e3o da produ\u00e7\u00e3o, porque pagam um pre\u00e7o justo aos agricultores\u201d, explica Landim. \u201cAjudamos desde a inscri\u00e7\u00e3o dos produtores nos programas ao tratamento dos produtos, com a forma de sele\u00e7\u00e3o e entrega mais adequada, e a documenta\u00e7\u00e3o para o processo.\u201d<\/p>\n","protected":false},"excerpt":{"rendered":"<p>O Distrito Federal movimentou mais de R$ 5,8 bilh\u00f5es de valor bruto da produ\u00e7\u00e3o agr\u00edcola (VBP) no ano passado, em uma \u00e1rea produtiva de 204 mil hectares. Os dados est\u00e3o presentes no relat\u00f3rio anual da Empresa de Assist\u00eancia T\u00e9cnica e Extens\u00e3o Rural (Emater-DF). O resultado foi puxado pela alta de tr\u00eas setores: fruticultura, floricultura e [&hellip;]<\/p>\n","protected":false},"author":2,"featured_media":357314,"comment_status":"closed","ping_status":"closed","sticky":false,"template":"","format":"standard","meta":{"_acf_changed":false,"footnotes":""},"categories":[161],"tags":[],"class_list":["post-357313","post","type-post","status-publish","format-standard","has-post-thumbnail","hentry","category-quadradinho-em-foco"],"acf":[],"_links":{"self":[{"href":"https:\/\/www.notibras.com\/site\/wp-json\/wp\/v2\/posts\/357313","targetHints":{"allow":["GET"]}}],"collection":[{"href":"https:\/\/www.notibras.com\/site\/wp-json\/wp\/v2\/posts"}],"about":[{"href":"https:\/\/www.notibras.com\/site\/wp-json\/wp\/v2\/types\/post"}],"author":[{"embeddable":true,"href":"https:\/\/www.notibras.com\/site\/wp-json\/wp\/v2\/users\/2"}],"replies":[{"embeddable":true,"href":"https:\/\/www.notibras.com\/site\/wp-json\/wp\/v2\/comments?post=357313"}],"version-history":[{"count":2,"href":"https:\/\/www.notibras.com\/site\/wp-json\/wp\/v2\/posts\/357313\/revisions"}],"predecessor-version":[{"id":357319,"href":"https:\/\/www.notibras.com\/site\/wp-json\/wp\/v2\/posts\/357313\/revisions\/357319"}],"wp:featuredmedia":[{"embeddable":true,"href":"https:\/\/www.notibras.com\/site\/wp-json\/wp\/v2\/media\/357314"}],"wp:attachment":[{"href":"https:\/\/www.notibras.com\/site\/wp-json\/wp\/v2\/media?parent=357313"}],"wp:term":[{"taxonomy":"category","embeddable":true,"href":"https:\/\/www.notibras.com\/site\/wp-json\/wp\/v2\/categories?post=357313"},{"taxonomy":"post_tag","embeddable":true,"href":"https:\/\/www.notibras.com\/site\/wp-json\/wp\/v2\/tags?post=357313"}],"curies":[{"name":"wp","href":"https:\/\/api.w.org\/{rel}","templated":true}]}}