{"id":357381,"date":"2025-07-05T00:04:17","date_gmt":"2025-07-05T03:04:17","guid":{"rendered":"https:\/\/www.notibras.com\/site\/?p=357381"},"modified":"2025-07-05T03:06:45","modified_gmt":"2025-07-05T06:06:45","slug":"vereadores-pedem-a-instalacao-de-centros-culturais-em-joao-pessoa","status":"publish","type":"post","link":"https:\/\/www.notibras.com\/site\/vereadores-pedem-a-instalacao-de-centros-culturais-em-joao-pessoa\/","title":{"rendered":"Vereadores pedem a instala\u00e7\u00e3o de centros culturais em Jo\u00e3o Pessoa"},"content":{"rendered":"<p>A C\u00e2mara Municipal de Jo\u00e3o Pessoa iniciou um movimento para atrair, para a capital paraibana, a instala\u00e7\u00e3o de dois importantes equipamentos. Trata-se dos centros culturais da Caixa Econ\u00f4mica Federal e do Banco do Brasil. Alguns estados da federa\u00e7\u00e3o j\u00e1 possuem equipamentos do g\u00eanero, voltados para a divulga\u00e7\u00e3o da cultura e promo\u00e7\u00e3o de artistas locais e nacionais.<\/p>\n<p>As duas institui\u00e7\u00f5es financeiras, as principais do pa\u00eds, s\u00e3o comandadas por paraibanos. O Bando do Brasil por Taciana Medeiros e a Caixa Econ\u00f4mica, por Carlos Vieira. O momento de maior representatividade do Estado, inclusive, \u00e9 visto como incentivo para as conquistas pleiteadas pelos vereadores pessoenses. Estiveram presentes do encontro o presidente da Casa, Dinho Dowsley, e o vereador Marcos Vin\u00edcius.<\/p>\n<p>A audi\u00eancia na Caixa Econ\u00f4mica foi acompanhada, tamb\u00e9m, pelo senador paraibano Veneziano Vital do R\u00eago. O grupo tamb\u00e9m foi acompanhado pelo secret\u00e1rio da Mesa Diretora, Carlos Santos. &#8220;Estes equipamentos v\u00e3o refor\u00e7ar o turismo no Centro Hist\u00f3rico de Jo\u00e3o Pessoa. Estamos otimistas em rela\u00e7\u00e3o a mais essa conquista para a capital paraibana&#8221;, ressaltou Dinho Dowsley.<\/p>\n<p>Na Caixa Econ\u00f4mica, os vereadores foram recebidos pelo presidente nacional da Caixa, Carlos Vieira. Na reuni\u00e3o do Banco do Brasil, participaram o gerente de Governo, Douglas Finardi Ferreira, o presidente Dinho e o vereador Marcos Vinicius.<\/p>\n","protected":false},"excerpt":{"rendered":"<p>A C\u00e2mara Municipal de Jo\u00e3o Pessoa iniciou um movimento para atrair, para a capital paraibana, a instala\u00e7\u00e3o de dois importantes equipamentos. Trata-se dos centros culturais da Caixa Econ\u00f4mica Federal e do Banco do Brasil. Alguns estados da federa\u00e7\u00e3o j\u00e1 possuem equipamentos do g\u00eanero, voltados para a divulga\u00e7\u00e3o da cultura e promo\u00e7\u00e3o de artistas locais e [&hellip;]<\/p>\n","protected":false},"author":2,"featured_media":357382,"comment_status":"closed","ping_status":"closed","sticky":false,"template":"","format":"standard","meta":{"_acf_changed":false,"footnotes":""},"categories":[165],"tags":[],"class_list":["post-357381","post","type-post","status-publish","format-standard","has-post-thumbnail","hentry","category-nordeste"],"acf":[],"_links":{"self":[{"href":"https:\/\/www.notibras.com\/site\/wp-json\/wp\/v2\/posts\/357381","targetHints":{"allow":["GET"]}}],"collection":[{"href":"https:\/\/www.notibras.com\/site\/wp-json\/wp\/v2\/posts"}],"about":[{"href":"https:\/\/www.notibras.com\/site\/wp-json\/wp\/v2\/types\/post"}],"author":[{"embeddable":true,"href":"https:\/\/www.notibras.com\/site\/wp-json\/wp\/v2\/users\/2"}],"replies":[{"embeddable":true,"href":"https:\/\/www.notibras.com\/site\/wp-json\/wp\/v2\/comments?post=357381"}],"version-history":[{"count":1,"href":"https:\/\/www.notibras.com\/site\/wp-json\/wp\/v2\/posts\/357381\/revisions"}],"predecessor-version":[{"id":357383,"href":"https:\/\/www.notibras.com\/site\/wp-json\/wp\/v2\/posts\/357381\/revisions\/357383"}],"wp:featuredmedia":[{"embeddable":true,"href":"https:\/\/www.notibras.com\/site\/wp-json\/wp\/v2\/media\/357382"}],"wp:attachment":[{"href":"https:\/\/www.notibras.com\/site\/wp-json\/wp\/v2\/media?parent=357381"}],"wp:term":[{"taxonomy":"category","embeddable":true,"href":"https:\/\/www.notibras.com\/site\/wp-json\/wp\/v2\/categories?post=357381"},{"taxonomy":"post_tag","embeddable":true,"href":"https:\/\/www.notibras.com\/site\/wp-json\/wp\/v2\/tags?post=357381"}],"curies":[{"name":"wp","href":"https:\/\/api.w.org\/{rel}","templated":true}]}}