{"id":357384,"date":"2025-07-05T00:00:09","date_gmt":"2025-07-05T03:00:09","guid":{"rendered":"https:\/\/www.notibras.com\/site\/?p=357384"},"modified":"2025-07-05T03:12:59","modified_gmt":"2025-07-05T06:12:59","slug":"funasa-saude-firma-convenio-para-adesao-de-policiais-civis-a-planos-especiais","status":"publish","type":"post","link":"https:\/\/www.notibras.com\/site\/funasa-saude-firma-convenio-para-adesao-de-policiais-civis-a-planos-especiais\/","title":{"rendered":"Funasa Sa\u00fade firma conv\u00eanio para ades\u00e3o de policiais civis a planos especiais"},"content":{"rendered":"<p>A Associa\u00e7\u00e3o dos Policiais Civis de Carreira da Para\u00edba (Aspol-PB) e a Funasa Sa\u00fade firmaram um conv\u00eanio para ades\u00e3o dos policiais civis paraibanos aos planos de sa\u00fade da operadora. A assinatura da parceria ocorreu na tarde desta quinta-feira, dia 3, na sede da entidade da categoria profissional, nos Banc\u00e1rios, em Jo\u00e3o Pessoa.<\/p>\n<p>A presidente da Aspol-PB, Sauna Melo, enfatizou como importante para os policiais civis paraibanos o conv\u00eanio com a Funasa Sa\u00fade: &#8220;Esse conv\u00eanio da Funasa Sa\u00fade com a Aspol-PB, maior entidade representativa de policiais civis do estado da Para\u00edba, \u00e9, sem d\u00favida, algo de muita qualidade para os nossos policiais. Estamos muito confiantes que esta parceria ser\u00e1 promissora&#8221;.<\/p>\n<p>Suana Melo ressaltou a seriedade e a qualidade dos servi\u00e7os da Funasa Sa\u00fade. &#8220;N\u00f3s precisamos de uma institui\u00e7\u00e3o s\u00e9ria como a Funasa Sa\u00fade, trazendo tamb\u00e9m qualidade de vida para os nossos policiais. Uma grande oportunidade com um plano de abrang\u00eancia aqui no nosso estado&#8221;, apontou. E completou: &#8220;Essa parceria, sem d\u00favida, vai ser um grande diferencial para os nossos associados&#8221;.<\/p>\n<p>A diretora-presidente da Funasa Sa\u00fade, Danielita Pinto, considerou que a assinatura do conv\u00eanio com a Aspol-PB representa uma nova conquista para a operadora de planos de sa\u00fade. &#8220;\u00c9 o resultado de um esfor\u00e7o que n\u00f3s estamos empreendendo h\u00e1 algum tempo. J\u00e1 fechamos com a Pol\u00edcia Militar um conv\u00eanio e agora estamos com o policialmente civil do Estado da Para\u00edba&#8221;, ressaltou.<\/p>\n<p>Danielita Pinto lembrou que a Funasa Sa\u00fade possui rede de atendimento de Cabedelo a Cajazeiras. &#8220;Estamos organizados e prontos para atender o pessoa da Pol\u00edcia Civil da melhor forma poss\u00edvel. Somos muito gratos e estamos aqui para cuidar dessa gera\u00e7\u00e3o e das futuras&#8221;, complementou.<\/p>\n<p>Os policiais civis interessados em adquirir planos de sa\u00fade da Funasa Sa\u00fade devem procurar a operadora e informar que \u00e9 associado da Aspol-PB.<\/p>\n","protected":false},"excerpt":{"rendered":"<p>A Associa\u00e7\u00e3o dos Policiais Civis de Carreira da Para\u00edba (Aspol-PB) e a Funasa Sa\u00fade firmaram um conv\u00eanio para ades\u00e3o dos policiais civis paraibanos aos planos de sa\u00fade da operadora. A assinatura da parceria ocorreu na tarde desta quinta-feira, dia 3, na sede da entidade da categoria profissional, nos Banc\u00e1rios, em Jo\u00e3o Pessoa. A presidente da [&hellip;]<\/p>\n","protected":false},"author":2,"featured_media":313932,"comment_status":"closed","ping_status":"closed","sticky":false,"template":"","format":"standard","meta":{"_acf_changed":false,"footnotes":""},"categories":[165],"tags":[],"class_list":["post-357384","post","type-post","status-publish","format-standard","has-post-thumbnail","hentry","category-nordeste"],"acf":[],"_links":{"self":[{"href":"https:\/\/www.notibras.com\/site\/wp-json\/wp\/v2\/posts\/357384","targetHints":{"allow":["GET"]}}],"collection":[{"href":"https:\/\/www.notibras.com\/site\/wp-json\/wp\/v2\/posts"}],"about":[{"href":"https:\/\/www.notibras.com\/site\/wp-json\/wp\/v2\/types\/post"}],"author":[{"embeddable":true,"href":"https:\/\/www.notibras.com\/site\/wp-json\/wp\/v2\/users\/2"}],"replies":[{"embeddable":true,"href":"https:\/\/www.notibras.com\/site\/wp-json\/wp\/v2\/comments?post=357384"}],"version-history":[{"count":1,"href":"https:\/\/www.notibras.com\/site\/wp-json\/wp\/v2\/posts\/357384\/revisions"}],"predecessor-version":[{"id":357385,"href":"https:\/\/www.notibras.com\/site\/wp-json\/wp\/v2\/posts\/357384\/revisions\/357385"}],"wp:featuredmedia":[{"embeddable":true,"href":"https:\/\/www.notibras.com\/site\/wp-json\/wp\/v2\/media\/313932"}],"wp:attachment":[{"href":"https:\/\/www.notibras.com\/site\/wp-json\/wp\/v2\/media?parent=357384"}],"wp:term":[{"taxonomy":"category","embeddable":true,"href":"https:\/\/www.notibras.com\/site\/wp-json\/wp\/v2\/categories?post=357384"},{"taxonomy":"post_tag","embeddable":true,"href":"https:\/\/www.notibras.com\/site\/wp-json\/wp\/v2\/tags?post=357384"}],"curies":[{"name":"wp","href":"https:\/\/api.w.org\/{rel}","templated":true}]}}