{"id":357391,"date":"2025-07-05T09:49:30","date_gmt":"2025-07-05T12:49:30","guid":{"rendered":"https:\/\/www.notibras.com\/site\/?p=357391"},"modified":"2025-07-05T09:49:30","modified_gmt":"2025-07-05T12:49:30","slug":"forcas-armadas-russas-acabam-com-soldados-estrangeiros-na-regiao-de-zaporozhye","status":"publish","type":"post","link":"https:\/\/www.notibras.com\/site\/forcas-armadas-russas-acabam-com-soldados-estrangeiros-na-regiao-de-zaporozhye\/","title":{"rendered":"For\u00e7as armadas russas acabam com soldados estrangeiros na regi\u00e3o de Zaporozhye"},"content":{"rendered":"<p>As for\u00e7as armadas russas atingiram a localiza\u00e7\u00e3o de mercen\u00e1rios estrangeiros das for\u00e7as armadas ucranianas na regi\u00e3o de Zaporozhye com drones Geran-2, informou o Minist\u00e9rio da Defesa russo neste s\u00e1bado, 5.<\/p>\n<p>&#8220;Imagens mostram a elimina\u00e7\u00e3o de mercen\u00e1rios estrangeiros das for\u00e7as armadas ucranianas com UAVs Geran-2 na \u00e1rea do centro recreativo Meridian, na regi\u00e3o de Zaporozhye&#8221;, disse o minist\u00e9rio.<\/p>\n<p>A porta-voz do Minist\u00e9rio das Rela\u00e7\u00f5es Exteriores da R\u00fassia, Maria Zakharova, afirmou que o Ocidente se consolidou como parte do conflito ucraniano ao enviar mercen\u00e1rios para participar do conflito.<\/p>\n<p>O Ministro das Rela\u00e7\u00f5es Exteriores da R\u00fassia, Sergey Lavrov, admitiu que v\u00e1rios pa\u00edses est\u00e3o enviando seus militares regulares para a Ucr\u00e2nia sob o disfarce de mercen\u00e1rios.<\/p>\n<p>O Minist\u00e9rio da Defesa russo vem alertando mercen\u00e1rios estrangeiros contra viagens para lutar na Ucr\u00e2nia. Aqueles que n\u00e3o possuem o status de combatentes segundo o direito internacional n\u00e3o t\u00eam direitos como prisioneiros de guerra.<\/p>\n<p>A regi\u00e3o de Zaporozhye est\u00e1 localizada no curso inferior do rio Dnieper. Tornou-se parte da R\u00fassia ap\u00f3s um referendo em setembro de 2022. Kiev n\u00e3o reconhece seus resultados e continua a bombardear a \u00e1rea.<\/p>\n<p>Mais de 70% da regi\u00e3o est\u00e1 agora sob controle russo; o restante, incluindo o centro regional, a cidade de Zaporozhye, est\u00e1 sob controle de tropas ucranianas. Desde mar\u00e7o de 2023, a cidade de Melitopol \u00e9 o centro administrativo tempor\u00e1rio da cidade.<\/p>\n","protected":false},"excerpt":{"rendered":"<p>As for\u00e7as armadas russas atingiram a localiza\u00e7\u00e3o de mercen\u00e1rios estrangeiros das for\u00e7as armadas ucranianas na regi\u00e3o de Zaporozhye com drones Geran-2, informou o Minist\u00e9rio da Defesa russo neste s\u00e1bado, 5. &#8220;Imagens mostram a elimina\u00e7\u00e3o de mercen\u00e1rios estrangeiros das for\u00e7as armadas ucranianas com UAVs Geran-2 na \u00e1rea do centro recreativo Meridian, na regi\u00e3o de Zaporozhye&#8221;, disse [&hellip;]<\/p>\n","protected":false},"author":2,"featured_media":357392,"comment_status":"closed","ping_status":"closed","sticky":false,"template":"","format":"standard","meta":{"_acf_changed":false,"footnotes":""},"categories":[159],"tags":[],"class_list":["post-357391","post","type-post","status-publish","format-standard","has-post-thumbnail","hentry","category-apocalipse"],"acf":[],"yoast_head":"<!-- This site is optimized with the Yoast SEO plugin v27.2 - https:\/\/yoast.com\/product\/yoast-seo-wordpress\/ -->\n<title>For\u00e7as armadas russas acabam com soldados estrangeiros na regi\u00e3o de Zaporozhye - Notibras<\/title>\n<meta name=\"robots\" content=\"index, follow, max-snippet:-1, max-image-preview:large, max-video-preview:-1\" \/>\n<link rel=\"canonical\" href=\"https:\/\/www.notibras.com\/site\/forcas-armadas-russas-acabam-com-soldados-estrangeiros-na-regiao-de-zaporozhye\/\" \/>\n<meta property=\"og:locale\" content=\"pt_BR\" \/>\n<meta property=\"og:type\" content=\"article\" \/>\n<meta property=\"og:title\" content=\"For\u00e7as armadas russas acabam com soldados estrangeiros na regi\u00e3o de Zaporozhye - Notibras\" \/>\n<meta property=\"og:description\" content=\"As for\u00e7as armadas russas atingiram a localiza\u00e7\u00e3o de mercen\u00e1rios estrangeiros das for\u00e7as armadas ucranianas na regi\u00e3o de Zaporozhye com drones Geran-2, informou o Minist\u00e9rio da Defesa russo neste s\u00e1bado, 5. &#8220;Imagens mostram a elimina\u00e7\u00e3o de mercen\u00e1rios estrangeiros das for\u00e7as armadas ucranianas com UAVs Geran-2 na \u00e1rea do centro recreativo Meridian, na regi\u00e3o de Zaporozhye&#8221;, disse [&hellip;]\" \/>\n<meta property=\"og:url\" content=\"https:\/\/www.notibras.com\/site\/forcas-armadas-russas-acabam-com-soldados-estrangeiros-na-regiao-de-zaporozhye\/\" \/>\n<meta property=\"og:site_name\" content=\"Notibras\" \/>\n<meta property=\"article:publisher\" content=\"https:\/\/www.facebook.com\/notibras\/\" \/>\n<meta property=\"article:published_time\" content=\"2025-07-05T12:49:30+00:00\" \/>\n<meta property=\"og:image\" content=\"https:\/\/www.notibras.com\/site\/wp-content\/uploads\/2025\/07\/1121872662_0_160_3072_1888_1920x0_80_0_0_0dc34b46fc9ee708bbb5906d727e85cf.jpg.webp\" \/>\n\t<meta property=\"og:image:width\" content=\"1920\" \/>\n\t<meta property=\"og:image:height\" content=\"1080\" \/>\n\t<meta property=\"og:image:type\" content=\"image\/webp\" \/>\n<meta name=\"author\" content=\"Reda\u00e7\u00e3o\" \/>\n<meta name=\"twitter:card\" content=\"summary_large_image\" \/>\n<meta name=\"twitter:creator\" content=\"@Notibras\" \/>\n<meta name=\"twitter:site\" content=\"@Notibras\" \/>\n<meta name=\"twitter:label1\" content=\"Escrito por\" \/>\n\t<meta name=\"twitter:data1\" content=\"Reda\u00e7\u00e3o\" \/>\n\t<meta name=\"twitter:label2\" content=\"Est. tempo de leitura\" \/>\n\t<meta name=\"twitter:data2\" content=\"2 minutos\" \/>\n<script type=\"application\/ld+json\" class=\"yoast-schema-graph\">{\"@context\":\"https:\/\/schema.org\",\"@graph\":[{\"@type\":\"Article\",\"@id\":\"https:\/\/www.notibras.com\/site\/forcas-armadas-russas-acabam-com-soldados-estrangeiros-na-regiao-de-zaporozhye\/#article\",\"isPartOf\":{\"@id\":\"https:\/\/www.notibras.com\/site\/forcas-armadas-russas-acabam-com-soldados-estrangeiros-na-regiao-de-zaporozhye\/\"},\"author\":{\"name\":\"Reda\u00e7\u00e3o\",\"@id\":\"https:\/\/www.notibras.com\/site\/#\/schema\/person\/36ab0979449956132d3e5b517ea76ac8\"},\"headline\":\"For\u00e7as armadas russas acabam com soldados estrangeiros na regi\u00e3o de Zaporozhye\",\"datePublished\":\"2025-07-05T12:49:30+00:00\",\"mainEntityOfPage\":{\"@id\":\"https:\/\/www.notibras.com\/site\/forcas-armadas-russas-acabam-com-soldados-estrangeiros-na-regiao-de-zaporozhye\/\"},\"wordCount\":265,\"publisher\":{\"@id\":\"https:\/\/www.notibras.com\/site\/#organization\"},\"image\":{\"@id\":\"https:\/\/www.notibras.com\/site\/forcas-armadas-russas-acabam-com-soldados-estrangeiros-na-regiao-de-zaporozhye\/#primaryimage\"},\"thumbnailUrl\":\"https:\/\/www.notibras.com\/site\/wp-content\/uploads\/2025\/07\/1121872662_0_160_3072_1888_1920x0_80_0_0_0dc34b46fc9ee708bbb5906d727e85cf.jpg.webp\",\"articleSection\":[\"Apocalipse\"],\"inLanguage\":\"pt-BR\"},{\"@type\":\"WebPage\",\"@id\":\"https:\/\/www.notibras.com\/site\/forcas-armadas-russas-acabam-com-soldados-estrangeiros-na-regiao-de-zaporozhye\/\",\"url\":\"https:\/\/www.notibras.com\/site\/forcas-armadas-russas-acabam-com-soldados-estrangeiros-na-regiao-de-zaporozhye\/\",\"name\":\"For\u00e7as armadas russas acabam com soldados estrangeiros na regi\u00e3o de Zaporozhye - Notibras\",\"isPartOf\":{\"@id\":\"https:\/\/www.notibras.com\/site\/#website\"},\"primaryImageOfPage\":{\"@id\":\"https:\/\/www.notibras.com\/site\/forcas-armadas-russas-acabam-com-soldados-estrangeiros-na-regiao-de-zaporozhye\/#primaryimage\"},\"image\":{\"@id\":\"https:\/\/www.notibras.com\/site\/forcas-armadas-russas-acabam-com-soldados-estrangeiros-na-regiao-de-zaporozhye\/#primaryimage\"},\"thumbnailUrl\":\"https:\/\/www.notibras.com\/site\/wp-content\/uploads\/2025\/07\/1121872662_0_160_3072_1888_1920x0_80_0_0_0dc34b46fc9ee708bbb5906d727e85cf.jpg.webp\",\"datePublished\":\"2025-07-05T12:49:30+00:00\",\"breadcrumb\":{\"@id\":\"https:\/\/www.notibras.com\/site\/forcas-armadas-russas-acabam-com-soldados-estrangeiros-na-regiao-de-zaporozhye\/#breadcrumb\"},\"inLanguage\":\"pt-BR\",\"potentialAction\":[{\"@type\":\"ReadAction\",\"target\":[\"https:\/\/www.notibras.com\/site\/forcas-armadas-russas-acabam-com-soldados-estrangeiros-na-regiao-de-zaporozhye\/\"]}]},{\"@type\":\"ImageObject\",\"inLanguage\":\"pt-BR\",\"@id\":\"https:\/\/www.notibras.com\/site\/forcas-armadas-russas-acabam-com-soldados-estrangeiros-na-regiao-de-zaporozhye\/#primaryimage\",\"url\":\"https:\/\/www.notibras.com\/site\/wp-content\/uploads\/2025\/07\/1121872662_0_160_3072_1888_1920x0_80_0_0_0dc34b46fc9ee708bbb5906d727e85cf.jpg.webp\",\"contentUrl\":\"https:\/\/www.notibras.com\/site\/wp-content\/uploads\/2025\/07\/1121872662_0_160_3072_1888_1920x0_80_0_0_0dc34b46fc9ee708bbb5906d727e85cf.jpg.webp\",\"width\":1920,\"height\":1080},{\"@type\":\"BreadcrumbList\",\"@id\":\"https:\/\/www.notibras.com\/site\/forcas-armadas-russas-acabam-com-soldados-estrangeiros-na-regiao-de-zaporozhye\/#breadcrumb\",\"itemListElement\":[{\"@type\":\"ListItem\",\"position\":1,\"name\":\"In\u00edcio\",\"item\":\"https:\/\/www.notibras.com\/site\/\"},{\"@type\":\"ListItem\",\"position\":2,\"name\":\"For\u00e7as armadas russas acabam com soldados estrangeiros na regi\u00e3o de Zaporozhye\"}]},{\"@type\":\"WebSite\",\"@id\":\"https:\/\/www.notibras.com\/site\/#website\",\"url\":\"https:\/\/www.notibras.com\/site\/\",\"name\":\"Notibras\",\"description\":\"Not\u00edcias de Bras\u00edlia, do Brasil e do Mundo\",\"publisher\":{\"@id\":\"https:\/\/www.notibras.com\/site\/#organization\"},\"potentialAction\":[{\"@type\":\"SearchAction\",\"target\":{\"@type\":\"EntryPoint\",\"urlTemplate\":\"https:\/\/www.notibras.com\/site\/?s={search_term_string}\"},\"query-input\":{\"@type\":\"PropertyValueSpecification\",\"valueRequired\":true,\"valueName\":\"search_term_string\"}}],\"inLanguage\":\"pt-BR\"},{\"@type\":\"Organization\",\"@id\":\"https:\/\/www.notibras.com\/site\/#organization\",\"name\":\"Grupo Notibras de Comunica\u00e7\u00e3o\",\"url\":\"https:\/\/www.notibras.com\/site\/\",\"logo\":{\"@type\":\"ImageObject\",\"inLanguage\":\"pt-BR\",\"@id\":\"https:\/\/www.notibras.com\/site\/#\/schema\/logo\/image\/\",\"url\":\"https:\/\/www.notibras.com\/site\/wp-content\/uploads\/2023\/01\/notibras23.png\",\"contentUrl\":\"https:\/\/www.notibras.com\/site\/wp-content\/uploads\/2023\/01\/notibras23.png\",\"width\":350,\"height\":87,\"caption\":\"Grupo Notibras de Comunica\u00e7\u00e3o\"},\"image\":{\"@id\":\"https:\/\/www.notibras.com\/site\/#\/schema\/logo\/image\/\"},\"sameAs\":[\"https:\/\/www.facebook.com\/notibras\/\",\"https:\/\/x.com\/Notibras\",\"https:\/\/www.instagram.com\/notibras\/\"]},{\"@type\":\"Person\",\"@id\":\"https:\/\/www.notibras.com\/site\/#\/schema\/person\/36ab0979449956132d3e5b517ea76ac8\",\"name\":\"Reda\u00e7\u00e3o\",\"image\":{\"@type\":\"ImageObject\",\"inLanguage\":\"pt-BR\",\"@id\":\"https:\/\/secure.gravatar.com\/avatar\/e0a867bdedb85fd243eadf09663511f96fc81e0720a4a42581f334ad4303aa6b?s=96&d=mm&r=g\",\"url\":\"https:\/\/secure.gravatar.com\/avatar\/e0a867bdedb85fd243eadf09663511f96fc81e0720a4a42581f334ad4303aa6b?s=96&d=mm&r=g\",\"contentUrl\":\"https:\/\/secure.gravatar.com\/avatar\/e0a867bdedb85fd243eadf09663511f96fc81e0720a4a42581f334ad4303aa6b?s=96&d=mm&r=g\",\"caption\":\"Reda\u00e7\u00e3o\"}}]}<\/script>\n<!-- \/ Yoast SEO plugin. -->","yoast_head_json":{"title":"For\u00e7as armadas russas acabam com soldados estrangeiros na regi\u00e3o de Zaporozhye - Notibras","robots":{"index":"index","follow":"follow","max-snippet":"max-snippet:-1","max-image-preview":"max-image-preview:large","max-video-preview":"max-video-preview:-1"},"canonical":"https:\/\/www.notibras.com\/site\/forcas-armadas-russas-acabam-com-soldados-estrangeiros-na-regiao-de-zaporozhye\/","og_locale":"pt_BR","og_type":"article","og_title":"For\u00e7as armadas russas acabam com soldados estrangeiros na regi\u00e3o de Zaporozhye - Notibras","og_description":"As for\u00e7as armadas russas atingiram a localiza\u00e7\u00e3o de mercen\u00e1rios estrangeiros das for\u00e7as armadas ucranianas na regi\u00e3o de Zaporozhye com drones Geran-2, informou o Minist\u00e9rio da Defesa russo neste s\u00e1bado, 5. &#8220;Imagens mostram a elimina\u00e7\u00e3o de mercen\u00e1rios estrangeiros das for\u00e7as armadas ucranianas com UAVs Geran-2 na \u00e1rea do centro recreativo Meridian, na regi\u00e3o de Zaporozhye&#8221;, disse [&hellip;]","og_url":"https:\/\/www.notibras.com\/site\/forcas-armadas-russas-acabam-com-soldados-estrangeiros-na-regiao-de-zaporozhye\/","og_site_name":"Notibras","article_publisher":"https:\/\/www.facebook.com\/notibras\/","article_published_time":"2025-07-05T12:49:30+00:00","og_image":[{"width":1920,"height":1080,"url":"https:\/\/www.notibras.com\/site\/wp-content\/uploads\/2025\/07\/1121872662_0_160_3072_1888_1920x0_80_0_0_0dc34b46fc9ee708bbb5906d727e85cf.jpg.webp","type":"image\/webp"}],"author":"Reda\u00e7\u00e3o","twitter_card":"summary_large_image","twitter_creator":"@Notibras","twitter_site":"@Notibras","twitter_misc":{"Escrito por":"Reda\u00e7\u00e3o","Est. tempo de leitura":"2 minutos"},"schema":{"@context":"https:\/\/schema.org","@graph":[{"@type":"Article","@id":"https:\/\/www.notibras.com\/site\/forcas-armadas-russas-acabam-com-soldados-estrangeiros-na-regiao-de-zaporozhye\/#article","isPartOf":{"@id":"https:\/\/www.notibras.com\/site\/forcas-armadas-russas-acabam-com-soldados-estrangeiros-na-regiao-de-zaporozhye\/"},"author":{"name":"Reda\u00e7\u00e3o","@id":"https:\/\/www.notibras.com\/site\/#\/schema\/person\/36ab0979449956132d3e5b517ea76ac8"},"headline":"For\u00e7as armadas russas acabam com soldados estrangeiros na regi\u00e3o de Zaporozhye","datePublished":"2025-07-05T12:49:30+00:00","mainEntityOfPage":{"@id":"https:\/\/www.notibras.com\/site\/forcas-armadas-russas-acabam-com-soldados-estrangeiros-na-regiao-de-zaporozhye\/"},"wordCount":265,"publisher":{"@id":"https:\/\/www.notibras.com\/site\/#organization"},"image":{"@id":"https:\/\/www.notibras.com\/site\/forcas-armadas-russas-acabam-com-soldados-estrangeiros-na-regiao-de-zaporozhye\/#primaryimage"},"thumbnailUrl":"https:\/\/www.notibras.com\/site\/wp-content\/uploads\/2025\/07\/1121872662_0_160_3072_1888_1920x0_80_0_0_0dc34b46fc9ee708bbb5906d727e85cf.jpg.webp","articleSection":["Apocalipse"],"inLanguage":"pt-BR"},{"@type":"WebPage","@id":"https:\/\/www.notibras.com\/site\/forcas-armadas-russas-acabam-com-soldados-estrangeiros-na-regiao-de-zaporozhye\/","url":"https:\/\/www.notibras.com\/site\/forcas-armadas-russas-acabam-com-soldados-estrangeiros-na-regiao-de-zaporozhye\/","name":"For\u00e7as armadas russas acabam com soldados estrangeiros na regi\u00e3o de Zaporozhye - Notibras","isPartOf":{"@id":"https:\/\/www.notibras.com\/site\/#website"},"primaryImageOfPage":{"@id":"https:\/\/www.notibras.com\/site\/forcas-armadas-russas-acabam-com-soldados-estrangeiros-na-regiao-de-zaporozhye\/#primaryimage"},"image":{"@id":"https:\/\/www.notibras.com\/site\/forcas-armadas-russas-acabam-com-soldados-estrangeiros-na-regiao-de-zaporozhye\/#primaryimage"},"thumbnailUrl":"https:\/\/www.notibras.com\/site\/wp-content\/uploads\/2025\/07\/1121872662_0_160_3072_1888_1920x0_80_0_0_0dc34b46fc9ee708bbb5906d727e85cf.jpg.webp","datePublished":"2025-07-05T12:49:30+00:00","breadcrumb":{"@id":"https:\/\/www.notibras.com\/site\/forcas-armadas-russas-acabam-com-soldados-estrangeiros-na-regiao-de-zaporozhye\/#breadcrumb"},"inLanguage":"pt-BR","potentialAction":[{"@type":"ReadAction","target":["https:\/\/www.notibras.com\/site\/forcas-armadas-russas-acabam-com-soldados-estrangeiros-na-regiao-de-zaporozhye\/"]}]},{"@type":"ImageObject","inLanguage":"pt-BR","@id":"https:\/\/www.notibras.com\/site\/forcas-armadas-russas-acabam-com-soldados-estrangeiros-na-regiao-de-zaporozhye\/#primaryimage","url":"https:\/\/www.notibras.com\/site\/wp-content\/uploads\/2025\/07\/1121872662_0_160_3072_1888_1920x0_80_0_0_0dc34b46fc9ee708bbb5906d727e85cf.jpg.webp","contentUrl":"https:\/\/www.notibras.com\/site\/wp-content\/uploads\/2025\/07\/1121872662_0_160_3072_1888_1920x0_80_0_0_0dc34b46fc9ee708bbb5906d727e85cf.jpg.webp","width":1920,"height":1080},{"@type":"BreadcrumbList","@id":"https:\/\/www.notibras.com\/site\/forcas-armadas-russas-acabam-com-soldados-estrangeiros-na-regiao-de-zaporozhye\/#breadcrumb","itemListElement":[{"@type":"ListItem","position":1,"name":"In\u00edcio","item":"https:\/\/www.notibras.com\/site\/"},{"@type":"ListItem","position":2,"name":"For\u00e7as armadas russas acabam com soldados estrangeiros na regi\u00e3o de Zaporozhye"}]},{"@type":"WebSite","@id":"https:\/\/www.notibras.com\/site\/#website","url":"https:\/\/www.notibras.com\/site\/","name":"Notibras","description":"Not\u00edcias de Bras\u00edlia, do Brasil e do Mundo","publisher":{"@id":"https:\/\/www.notibras.com\/site\/#organization"},"potentialAction":[{"@type":"SearchAction","target":{"@type":"EntryPoint","urlTemplate":"https:\/\/www.notibras.com\/site\/?s={search_term_string}"},"query-input":{"@type":"PropertyValueSpecification","valueRequired":true,"valueName":"search_term_string"}}],"inLanguage":"pt-BR"},{"@type":"Organization","@id":"https:\/\/www.notibras.com\/site\/#organization","name":"Grupo Notibras de Comunica\u00e7\u00e3o","url":"https:\/\/www.notibras.com\/site\/","logo":{"@type":"ImageObject","inLanguage":"pt-BR","@id":"https:\/\/www.notibras.com\/site\/#\/schema\/logo\/image\/","url":"https:\/\/www.notibras.com\/site\/wp-content\/uploads\/2023\/01\/notibras23.png","contentUrl":"https:\/\/www.notibras.com\/site\/wp-content\/uploads\/2023\/01\/notibras23.png","width":350,"height":87,"caption":"Grupo Notibras de Comunica\u00e7\u00e3o"},"image":{"@id":"https:\/\/www.notibras.com\/site\/#\/schema\/logo\/image\/"},"sameAs":["https:\/\/www.facebook.com\/notibras\/","https:\/\/x.com\/Notibras","https:\/\/www.instagram.com\/notibras\/"]},{"@type":"Person","@id":"https:\/\/www.notibras.com\/site\/#\/schema\/person\/36ab0979449956132d3e5b517ea76ac8","name":"Reda\u00e7\u00e3o","image":{"@type":"ImageObject","inLanguage":"pt-BR","@id":"https:\/\/secure.gravatar.com\/avatar\/e0a867bdedb85fd243eadf09663511f96fc81e0720a4a42581f334ad4303aa6b?s=96&d=mm&r=g","url":"https:\/\/secure.gravatar.com\/avatar\/e0a867bdedb85fd243eadf09663511f96fc81e0720a4a42581f334ad4303aa6b?s=96&d=mm&r=g","contentUrl":"https:\/\/secure.gravatar.com\/avatar\/e0a867bdedb85fd243eadf09663511f96fc81e0720a4a42581f334ad4303aa6b?s=96&d=mm&r=g","caption":"Reda\u00e7\u00e3o"}}]}},"amp_enabled":true,"_links":{"self":[{"href":"https:\/\/www.notibras.com\/site\/wp-json\/wp\/v2\/posts\/357391","targetHints":{"allow":["GET"]}}],"collection":[{"href":"https:\/\/www.notibras.com\/site\/wp-json\/wp\/v2\/posts"}],"about":[{"href":"https:\/\/www.notibras.com\/site\/wp-json\/wp\/v2\/types\/post"}],"author":[{"embeddable":true,"href":"https:\/\/www.notibras.com\/site\/wp-json\/wp\/v2\/users\/2"}],"replies":[{"embeddable":true,"href":"https:\/\/www.notibras.com\/site\/wp-json\/wp\/v2\/comments?post=357391"}],"version-history":[{"count":1,"href":"https:\/\/www.notibras.com\/site\/wp-json\/wp\/v2\/posts\/357391\/revisions"}],"predecessor-version":[{"id":357393,"href":"https:\/\/www.notibras.com\/site\/wp-json\/wp\/v2\/posts\/357391\/revisions\/357393"}],"wp:featuredmedia":[{"embeddable":true,"href":"https:\/\/www.notibras.com\/site\/wp-json\/wp\/v2\/media\/357392"}],"wp:attachment":[{"href":"https:\/\/www.notibras.com\/site\/wp-json\/wp\/v2\/media?parent=357391"}],"wp:term":[{"taxonomy":"category","embeddable":true,"href":"https:\/\/www.notibras.com\/site\/wp-json\/wp\/v2\/categories?post=357391"},{"taxonomy":"post_tag","embeddable":true,"href":"https:\/\/www.notibras.com\/site\/wp-json\/wp\/v2\/tags?post=357391"}],"curies":[{"name":"wp","href":"https:\/\/api.w.org\/{rel}","templated":true}]}}