{"id":357408,"date":"2025-07-06T02:14:36","date_gmt":"2025-07-06T05:14:36","guid":{"rendered":"https:\/\/www.notibras.com\/site\/?p=357408"},"modified":"2025-07-06T03:16:11","modified_gmt":"2025-07-06T06:16:11","slug":"boa-esperanca-uma-fazenda-com-historia-tradicao-e-hospitalidade","status":"publish","type":"post","link":"https:\/\/www.notibras.com\/site\/boa-esperanca-uma-fazenda-com-historia-tradicao-e-hospitalidade\/","title":{"rendered":"Boa Esperan\u00e7a, uma fazenda com hist\u00f3ria, tradi\u00e7\u00e3o e hospitalidade"},"content":{"rendered":"<p>No cora\u00e7\u00e3o do sert\u00e3o nordestino, entre mandacarus retorcidos e o cheiro forte da terra seca misturado com o aroma do caf\u00e9 rec\u00e9m-passado, repousa uma fazenda que parece ter parado no tempo. N\u00e3o por atraso, mas por escolha. Ali, o passado ainda vive, caminhando de m\u00e3os dadas com o presente, mantendo acesas as ra\u00edzes de uma cultura rica e resiliente.<\/p>\n<p>A Fazenda Boa Esperan\u00e7a \u2014 como foi batizada pelo bisav\u00f4 de dona Cilda \u2014 \u00e9 mais do que um peda\u00e7o de ch\u00e3o com gado, ro\u00e7ado e galinheiro. \u00c9 um santu\u00e1rio de mem\u00f3rias, onde cada parede de barro e cada tronco do alpendre contam hist\u00f3rias. Foi ali que muitas vidas nasceram, se casaram, criaram filhos e resistiram \u00e0s estiagens com f\u00e9 e coragem.<\/p>\n<p>Na cozinha de lenha, o fogo nunca se apaga por completo. Sempre tem um feij\u00e3o no fervedor, um bolo de milho assando e uma chaleira pronta para receber as visitas. E visita, ali, nunca \u00e9 demais. Quem chega \u00e9 logo recebido com sorriso largo, rede armada na varanda e um caf\u00e9 forte que mais parece um abra\u00e7o.<\/p>\n<p>A hospitalidade nordestina \u00e9 t\u00e3o natural quanto o cantar do galo ao amanhecer. Gente simples, de olhar sincero, que reparte o pouco como se fosse muito. Na fazenda, todo mundo tem um lugar: o vaqueiro, a parteira, o sanfoneiro que alegra as noites de s\u00e1bado, e at\u00e9 o menino que chega de fora querendo conhecer \u201ccomo era antigamente\u201d.<\/p>\n<p>As festas s\u00e3o um cap\u00edtulo \u00e0 parte. Em junho, as bandeirinhas coloridas tremulam entre as mangueiras, a fogueira arde alta e o forr\u00f3 ecoa at\u00e9 o raiar do dia. S\u00e3o tradi\u00e7\u00f5es que resistem ao tempo, porque ali, cada canto tem sentido, cada rito tem alma. N\u00e3o \u00e9 s\u00f3 festa, \u00e9 heran\u00e7a cultural.<\/p>\n<p>A fazenda nordestina \u00e9 mais do que um retrato buc\u00f3lico. \u00c9 s\u00edmbolo de resist\u00eancia, de f\u00e9 em tempos dif\u00edceis, e de uma alegria que nasce da simplicidade. Um lugar onde a terra \u00e9 dura, mas o cora\u00e7\u00e3o do povo \u00e9 macio. Onde se planta tradi\u00e7\u00e3o, se colhe hist\u00f3ria \u2014 e se vive com orgulho das ra\u00edzes fincadas no solo quente do Nordeste.<\/p>\n","protected":false},"excerpt":{"rendered":"<p>No cora\u00e7\u00e3o do sert\u00e3o nordestino, entre mandacarus retorcidos e o cheiro forte da terra seca misturado com o aroma do caf\u00e9 rec\u00e9m-passado, repousa uma fazenda que parece ter parado no tempo. N\u00e3o por atraso, mas por escolha. Ali, o passado ainda vive, caminhando de m\u00e3os dadas com o presente, mantendo acesas as ra\u00edzes de uma [&hellip;]<\/p>\n","protected":false},"author":2,"featured_media":357409,"comment_status":"closed","ping_status":"closed","sticky":false,"template":"","format":"standard","meta":{"_acf_changed":false,"footnotes":""},"categories":[165],"tags":[],"class_list":["post-357408","post","type-post","status-publish","format-standard","has-post-thumbnail","hentry","category-nordeste"],"acf":[],"_links":{"self":[{"href":"https:\/\/www.notibras.com\/site\/wp-json\/wp\/v2\/posts\/357408","targetHints":{"allow":["GET"]}}],"collection":[{"href":"https:\/\/www.notibras.com\/site\/wp-json\/wp\/v2\/posts"}],"about":[{"href":"https:\/\/www.notibras.com\/site\/wp-json\/wp\/v2\/types\/post"}],"author":[{"embeddable":true,"href":"https:\/\/www.notibras.com\/site\/wp-json\/wp\/v2\/users\/2"}],"replies":[{"embeddable":true,"href":"https:\/\/www.notibras.com\/site\/wp-json\/wp\/v2\/comments?post=357408"}],"version-history":[{"count":1,"href":"https:\/\/www.notibras.com\/site\/wp-json\/wp\/v2\/posts\/357408\/revisions"}],"predecessor-version":[{"id":357410,"href":"https:\/\/www.notibras.com\/site\/wp-json\/wp\/v2\/posts\/357408\/revisions\/357410"}],"wp:featuredmedia":[{"embeddable":true,"href":"https:\/\/www.notibras.com\/site\/wp-json\/wp\/v2\/media\/357409"}],"wp:attachment":[{"href":"https:\/\/www.notibras.com\/site\/wp-json\/wp\/v2\/media?parent=357408"}],"wp:term":[{"taxonomy":"category","embeddable":true,"href":"https:\/\/www.notibras.com\/site\/wp-json\/wp\/v2\/categories?post=357408"},{"taxonomy":"post_tag","embeddable":true,"href":"https:\/\/www.notibras.com\/site\/wp-json\/wp\/v2\/tags?post=357408"}],"curies":[{"name":"wp","href":"https:\/\/api.w.org\/{rel}","templated":true}]}}